{"id":144566,"date":"2024-06-12T15:31:46","date_gmt":"2024-06-12T20:31:46","guid":{"rendered":"https:\/\/www.uv.mx\/prensa\/?p=144566"},"modified":"2024-06-13T14:10:40","modified_gmt":"2024-06-13T19:10:40","slug":"herbolaria-madre-de-la-farmaceutica-moderna-minerva-hernandez","status":"publish","type":"post","link":"https:\/\/www.uv.mx\/prensa\/ciencia\/herbolaria-madre-de-la-farmaceutica-moderna-minerva-hernandez\/","title":{"rendered":"Herbolaria, madre de la farmac\u00e9utica moderna: Minerva Hern\u00e1ndez"},"content":{"rendered":"<ul>\n<li data-leveltext=\"\uf0b7\" data-font=\"Symbol\" data-listid=\"6\" data-list-defn-props=\"{&quot;335552541&quot;:1,&quot;335559685&quot;:720,&quot;335559991&quot;:360,&quot;469769226&quot;:&quot;Symbol&quot;,&quot;469769242&quot;:[8226],&quot;469777803&quot;:&quot;left&quot;,&quot;469777804&quot;:&quot;\uf0b7&quot;,&quot;469777815&quot;:&quot;hybridMultilevel&quot;}\" data-aria-posinset=\"1\" data-aria-level=\"1\"><i><span data-contrast=\"auto\">Minerva Hern\u00e1ndez, docente de la Facultad de Qu\u00edmica Farmac\u00e9utica Biol\u00f3gica particip\u00f3 en la Semana de la Sustentabilidad 2024 de la Cl\u00ednica Universitaria de Salud Reproductiva y Sexual<\/span><\/i><span data-ccp-props=\"{}\">\u00a0<\/span><\/li>\n<li data-leveltext=\"\uf0b7\" data-font=\"Symbol\" data-listid=\"6\" data-list-defn-props=\"{&quot;335552541&quot;:1,&quot;335559685&quot;:720,&quot;335559991&quot;:360,&quot;469769226&quot;:&quot;Symbol&quot;,&quot;469769242&quot;:[8226],&quot;469777803&quot;:&quot;left&quot;,&quot;469777804&quot;:&quot;\uf0b7&quot;,&quot;469777815&quot;:&quot;hybridMultilevel&quot;}\" data-aria-posinset=\"2\" data-aria-level=\"1\"><i><span data-contrast=\"auto\">Destac\u00f3 que muchas poblaciones ind\u00edgenas a\u00fan utilizan especies vegetales para el tratamiento de diversas enfermedades<\/span><\/i><span data-ccp-props=\"{}\">\u00a0<\/span><\/li>\n<\/ul>\n<p><span data-ccp-props=\"{}\">\u00a0<\/span><\/p>\n<div id=\"attachment_144534\" style=\"width: 732px\" class=\"wp-caption aligncenter\"><img aria-describedby=\"caption-attachment-144534\" decoding=\"async\" loading=\"lazy\" class=\"size-full wp-image-144534\" src=\"https:\/\/www.uv.mx\/prensa\/files\/2024\/06\/120624-CARLOS-Semana-sustentabilidad-1-100k.jpg\" alt=\"\" width=\"722\" height=\"494\" srcset=\"https:\/\/www.uv.mx\/prensa\/files\/2024\/06\/120624-CARLOS-Semana-sustentabilidad-1-100k.jpg 722w, https:\/\/www.uv.mx\/prensa\/files\/2024\/06\/120624-CARLOS-Semana-sustentabilidad-1-100k-300x205.jpg 300w\" sizes=\"(max-width: 722px) 100vw, 722px\" \/><p id=\"caption-attachment-144534\" class=\"wp-caption-text\">Minerva Hern\u00e1ndez Lozano, acad\u00e9mica de la Facultad de Qu\u00edmica Farmac\u00e9utica Biol\u00f3gica<\/p><\/div>\n<p><span data-ccp-props=\"{}\">\u00a0<\/span><\/p>\n<p><b><i><span data-contrast=\"auto\">Carlos Hugo Hermida Rosales<\/span><\/i><\/b><span data-ccp-props=\"{}\">\u00a0<\/span><\/p>\n<p><b><i><span data-contrast=\"auto\">Fotos: Omar Portilla Palacios<\/span><\/i><\/b><span data-ccp-props=\"{}\">\u00a0<\/span><\/p>\n<p><span data-ccp-props=\"{}\">\u00a0<\/span><\/p>\n<p><b><i><span data-contrast=\"auto\">12\/06\/2024, Xalapa, Ver.-<\/span><\/i><\/b><span data-contrast=\"auto\"> \u201cLa herbolaria es la madre de la farmac\u00e9utica moderna y muchas localidades de la entidad cuentan con una amplia tradici\u00f3n en el uso de plantas medicinales\u201d, asegur\u00f3 Minerva Hern\u00e1ndez Lozano, acad\u00e9mica de la <a href=\"https:\/\/www.uv.mx\/qfb\/\" target=\"_blank\" rel=\"noopener\">Facultad de Qu\u00edmica Farmac\u00e9utica Biol\u00f3gica<\/a> de la Universidad Veracruzana (UV).\u00a0<\/span><span data-ccp-props=\"{}\">\u00a0<\/span><\/p>\n<p><span data-contrast=\"auto\">La catedr\u00e1tica imparti\u00f3 la conferencia \u201cInteracciones medicamentosas con productos herbolarios\u201d, en el primer d\u00eda de actividades de la Semana de la Sustentabilidad 2024 de la Cl\u00ednica Universitaria de Salud Reproductiva y Sexual (CUSRS), que se lleva a cabo hasta el 14 de junio.\u00a0<\/span><span data-ccp-props=\"{&quot;335559731&quot;:708}\">\u00a0<\/span><\/p>\n<p><span data-contrast=\"auto\">En la inauguraci\u00f3n, Mar\u00eda de los \u00c1ngeles Chamorro Z\u00e1rate, coordinadora regional para la sustentabilidad, coment\u00f3 que este tipo de iniciativas son prioritarias para la sociedad en un momento cr\u00edtico en el cual las condiciones medioambientales lo ameritan.<\/span><\/p>\n<p>&nbsp;<\/p>\n<div id=\"attachment_144535\" style=\"width: 732px\" class=\"wp-caption aligncenter\"><img aria-describedby=\"caption-attachment-144535\" decoding=\"async\" loading=\"lazy\" class=\"size-full wp-image-144535\" src=\"https:\/\/www.uv.mx\/prensa\/files\/2024\/06\/120624-CARLOS-Semana-sustentabilidad-2-100k.jpg\" alt=\"\" width=\"722\" height=\"416\" srcset=\"https:\/\/www.uv.mx\/prensa\/files\/2024\/06\/120624-CARLOS-Semana-sustentabilidad-2-100k.jpg 722w, https:\/\/www.uv.mx\/prensa\/files\/2024\/06\/120624-CARLOS-Semana-sustentabilidad-2-100k-300x173.jpg 300w\" sizes=\"(max-width: 722px) 100vw, 722px\" \/><p id=\"caption-attachment-144535\" class=\"wp-caption-text\">Cirenia Hern\u00e1ndez enfatiz\u00f3 en la importancia de conjuntar los saberes de la sustentabilidad<\/p><\/div>\n<p><span data-contrast=\"auto\">\u00a0<\/span><span data-ccp-props=\"{&quot;335559731&quot;:708}\">\u00a0<\/span><\/p>\n<p><span data-contrast=\"auto\">\u201cTodos los esfuerzos son fundamentales, y m\u00e1s cuando surgen de una labor colectiva\u201d, manifest\u00f3.<\/span><span data-ccp-props=\"{&quot;335559731&quot;:708}\">\u00a0<\/span><\/p>\n<p><span data-contrast=\"auto\">Cirenia Hern\u00e1ndez Trejo, directora de la CUSRS, enfatiz\u00f3 en la importancia de conjuntar los saberes de la sustentabilidad en el quehacer diario, pero sobre todo de trabajar para que permee en el quehacer universitario.\u00a0<\/span><span data-ccp-props=\"{&quot;335559731&quot;:708}\">\u00a0<\/span><\/p>\n<p><span data-contrast=\"auto\">Minerva Hern\u00e1ndez mencion\u00f3 que en la historia de la humanidad, desde las culturas ancestrales se ha hecho uso de plantas medicinales para el alivio de una gran diversidad de padecimientos.<\/span><span data-ccp-props=\"{&quot;335559731&quot;:708}\">\u00a0<\/span><\/p>\n<p><span data-contrast=\"auto\">Con el paso del tiempo la herbolaria evolucion\u00f3 a la fitoterapia, que a\u00f1ade un sustento cient\u00edfico e investigaciones que respaldan el uso de los principios activos de las especies vegetales, y vela por su inocuidad sin olvidar los saberes tradicionales.\u00a0<\/span><\/p>\n<p>&nbsp;<\/p>\n<div id=\"attachment_144536\" style=\"width: 732px\" class=\"wp-caption aligncenter\"><img aria-describedby=\"caption-attachment-144536\" decoding=\"async\" loading=\"lazy\" class=\"size-full wp-image-144536\" src=\"https:\/\/www.uv.mx\/prensa\/files\/2024\/06\/120624-CARLOS-Semana-sustentabilidad-3-100k.jpg\" alt=\"\" width=\"722\" height=\"467\" srcset=\"https:\/\/www.uv.mx\/prensa\/files\/2024\/06\/120624-CARLOS-Semana-sustentabilidad-3-100k.jpg 722w, https:\/\/www.uv.mx\/prensa\/files\/2024\/06\/120624-CARLOS-Semana-sustentabilidad-3-100k-300x194.jpg 300w\" sizes=\"(max-width: 722px) 100vw, 722px\" \/><p id=\"caption-attachment-144536\" class=\"wp-caption-text\">Mar\u00eda de los \u00c1ngeles Chamorro Z\u00e1rate, coordinadora regional para la sustentabilidad<\/p><\/div>\n<p>&nbsp;<\/p>\n<p><span data-contrast=\"auto\">La acad\u00e9mica destac\u00f3 que Veracruz posee una gran cantidad de plantas medicinales, pues se cuenta con un registro de 921 de ellas, de las cuales el 50% son hierbas, el 20% arbustos, el 14% \u00e1rboles, y el resto son bejucos \u2013enredaderas como la zarzaparrilla\u2013.<\/span><span data-ccp-props=\"{&quot;335559731&quot;:708}\">\u00a0<\/span><\/p>\n<p><span data-contrast=\"auto\">\u201cSu uso se da en mayor medida en comunidades ind\u00edgenas alejadas de los centros de salud\u201d, puntualiz\u00f3.\u00a0<\/span><span data-ccp-props=\"{&quot;335559731&quot;:708}\">\u00a0<\/span><\/p>\n<p><span data-contrast=\"auto\">Entre las m\u00e1s conocidas est\u00e1n el or\u00e9gano, la ruda, el diente de le\u00f3n, el acuyo, la hierbabuena, el ajo, el tomillo, la manzanilla, la citronela y el epazote, que se utilizan en una amplia variedad de formas como infusiones, tinturas, jarabes, pomadas, aceites y cataplasmas.\u00a0<\/span><\/p>\n<p>&nbsp;<\/p>\n<div id=\"attachment_144537\" style=\"width: 732px\" class=\"wp-caption aligncenter\"><img aria-describedby=\"caption-attachment-144537\" decoding=\"async\" loading=\"lazy\" class=\"size-full wp-image-144537\" src=\"https:\/\/www.uv.mx\/prensa\/files\/2024\/06\/120624-CARLOS-Semana-sustentabilidad-4-100k.jpg\" alt=\"\" width=\"722\" height=\"480\" srcset=\"https:\/\/www.uv.mx\/prensa\/files\/2024\/06\/120624-CARLOS-Semana-sustentabilidad-4-100k.jpg 722w, https:\/\/www.uv.mx\/prensa\/files\/2024\/06\/120624-CARLOS-Semana-sustentabilidad-4-100k-300x199.jpg 300w\" sizes=\"(max-width: 722px) 100vw, 722px\" \/><p id=\"caption-attachment-144537\" class=\"wp-caption-text\">Las plantas medicinales se utilizan de una gran variedad de formas<\/p><\/div>\n<p>&nbsp;<\/p>\n<p><span data-contrast=\"auto\">La docente declar\u00f3 que es de suma importancia no autorrecetarse con productos derivados de plantas medicinales, pues muchos de ellos presentan efectos adversos, por lo cual es fundamental contar con la asesor\u00eda de un profesional de la salud.<\/span><span data-ccp-props=\"{&quot;335559731&quot;:708}\">\u00a0<\/span><\/p>\n<p><span data-contrast=\"auto\">A la inauguraci\u00f3n de la Semana de la Sustentabilidad 2024 tambi\u00e9n asistieron Arcelia Paulina Virues Contreras, responsable de la Red Universitaria para la Sustentabilidad; V\u00edctor Manuel Garc\u00eda Rodr\u00edguez y Zoraida \u00c1lvarez Dom\u00ednguez, administrador y enlace de la Coordinaci\u00f3n de la Sustentabilidad de la CUSRS, respectivamente.<\/span><span data-ccp-props=\"{&quot;335559731&quot;:708}\">\u00a0<\/span><\/p>\n","protected":false},"excerpt":{"rendered":"<p>La catedr\u00e1tica afirm\u00f3 que Veracruz tiene una gran tradici\u00f3n en el uso de plantas medicinales\u00a0<\/p>\n","protected":false},"author":2349,"featured_media":144538,"comment_status":"closed","ping_status":"closed","sticky":false,"template":"","format":"standard","meta":[],"categories":[45,15424,6299],"tags":[4161,7403,7435,10780,331,3434,2517,7661,17687,6462,9313,17686,14377,78,17685],"_links":{"self":[{"href":"https:\/\/www.uv.mx\/prensa\/wp-json\/wp\/v2\/posts\/144566"}],"collection":[{"href":"https:\/\/www.uv.mx\/prensa\/wp-json\/wp\/v2\/posts"}],"about":[{"href":"https:\/\/www.uv.mx\/prensa\/wp-json\/wp\/v2\/types\/post"}],"author":[{"embeddable":true,"href":"https:\/\/www.uv.mx\/prensa\/wp-json\/wp\/v2\/users\/2349"}],"replies":[{"embeddable":true,"href":"https:\/\/www.uv.mx\/prensa\/wp-json\/wp\/v2\/comments?post=144566"}],"version-history":[{"count":1,"href":"https:\/\/www.uv.mx\/prensa\/wp-json\/wp\/v2\/posts\/144566\/revisions"}],"predecessor-version":[{"id":144626,"href":"https:\/\/www.uv.mx\/prensa\/wp-json\/wp\/v2\/posts\/144566\/revisions\/144626"}],"wp:featuredmedia":[{"embeddable":true,"href":"https:\/\/www.uv.mx\/prensa\/wp-json\/wp\/v2\/media\/144538"}],"wp:attachment":[{"href":"https:\/\/www.uv.mx\/prensa\/wp-json\/wp\/v2\/media?parent=144566"}],"wp:term":[{"taxonomy":"category","embeddable":true,"href":"https:\/\/www.uv.mx\/prensa\/wp-json\/wp\/v2\/categories?post=144566"},{"taxonomy":"post_tag","embeddable":true,"href":"https:\/\/www.uv.mx\/prensa\/wp-json\/wp\/v2\/tags?post=144566"}],"curies":[{"name":"wp","href":"https:\/\/api.w.org\/{rel}","templated":true}]}}