{"id":144546,"date":"2024-06-12T15:44:51","date_gmt":"2024-06-12T20:44:51","guid":{"rendered":"https:\/\/www.uv.mx\/prensa\/?p=144546"},"modified":"2024-06-13T14:07:10","modified_gmt":"2024-06-13T19:07:10","slug":"rescate-de-arbolado-involucra-a-la-sociedad-autoridades-e-instituciones","status":"publish","type":"post","link":"https:\/\/www.uv.mx\/prensa\/banner\/rescate-de-arbolado-involucra-a-la-sociedad-autoridades-e-instituciones\/","title":{"rendered":"Rescate de arbolado involucra a la sociedad, autoridades e instituciones\u00a0"},"content":{"rendered":"<ul>\n<li data-leveltext=\"\uf0b7\" data-font=\"Symbol\" data-listid=\"1\" data-list-defn-props=\"{&quot;335551671&quot;:0,&quot;335552541&quot;:1,&quot;335559685&quot;:720,&quot;335559991&quot;:360,&quot;469769226&quot;:&quot;Symbol&quot;,&quot;469769242&quot;:[8226],&quot;469777803&quot;:&quot;left&quot;,&quot;469777804&quot;:&quot;\uf0b7&quot;,&quot;469777815&quot;:&quot;hybridMultilevel&quot;}\" data-aria-posinset=\"0\" data-aria-level=\"1\"><i><span data-contrast=\"auto\">Especialista de la UV advirti\u00f3 que las pocas \u00e1reas verdes que existen son remanentes de bosque mes\u00f3filo, est\u00e1n descuidadas y bajo constante amenaza<\/span><\/i><span data-ccp-props=\"{&quot;134233117&quot;:false,&quot;134233118&quot;:false,&quot;201341983&quot;:0,&quot;335551550&quot;:1,&quot;335551620&quot;:1,&quot;335559685&quot;:720,&quot;335559737&quot;:0,&quot;335559738&quot;:0,&quot;335559739&quot;:0,&quot;335559740&quot;:240,&quot;335559991&quot;:360}\">\u00a0<\/span><\/li>\n<li data-leveltext=\"\uf0b7\" data-font=\"Symbol\" data-listid=\"1\" data-list-defn-props=\"{&quot;335551671&quot;:0,&quot;335552541&quot;:1,&quot;335559685&quot;:720,&quot;335559991&quot;:360,&quot;469769226&quot;:&quot;Symbol&quot;,&quot;469769242&quot;:[8226],&quot;469777803&quot;:&quot;left&quot;,&quot;469777804&quot;:&quot;\uf0b7&quot;,&quot;469777815&quot;:&quot;hybridMultilevel&quot;}\" data-aria-posinset=\"0\" data-aria-level=\"1\"><i><span data-contrast=\"auto\">Veracruz cuenta con la Ley de Protecci\u00f3n, Conservaci\u00f3n y Fomento de Arbolado y \u00c1reas Verdes Urbanas para el Estado de Veracruz<\/span><\/i><span data-ccp-props=\"{&quot;134233117&quot;:false,&quot;134233118&quot;:false,&quot;201341983&quot;:0,&quot;335551550&quot;:1,&quot;335551620&quot;:1,&quot;335559685&quot;:720,&quot;335559737&quot;:0,&quot;335559738&quot;:0,&quot;335559739&quot;:0,&quot;335559740&quot;:240,&quot;335559991&quot;:360}\">\u00a0<\/span><\/li>\n<\/ul>\n<p><span data-ccp-props=\"{&quot;201341983&quot;:0,&quot;335559739&quot;:0,&quot;335559740&quot;:240}\">\u00a0<\/span><\/p>\n<div id=\"attachment_144552\" style=\"width: 732px\" class=\"wp-caption aligncenter\"><img aria-describedby=\"caption-attachment-144552\" decoding=\"async\" loading=\"lazy\" class=\"size-full wp-image-144552\" src=\"https:\/\/www.uv.mx\/prensa\/files\/2024\/06\/11-06-2024-PACHECO-Arborizacion-informada-Foto-1-100k.jpg\" alt=\"\" width=\"722\" height=\"407\" srcset=\"https:\/\/www.uv.mx\/prensa\/files\/2024\/06\/11-06-2024-PACHECO-Arborizacion-informada-Foto-1-100k.jpg 722w, https:\/\/www.uv.mx\/prensa\/files\/2024\/06\/11-06-2024-PACHECO-Arborizacion-informada-Foto-1-100k-300x169.jpg 300w\" sizes=\"(max-width: 722px) 100vw, 722px\" \/><p id=\"caption-attachment-144552\" class=\"wp-caption-text\">Rafael Ortega Sol\u00eds, jefe del Eje de Gesti\u00f3n Integrada en <em>Cosustenta UV<\/em><\/p><\/div>\n<p><span data-ccp-props=\"{&quot;201341983&quot;:0,&quot;335559739&quot;:0,&quot;335559740&quot;:240}\">\u00a0<\/span><\/p>\n<p><b><i><span data-contrast=\"auto\">Jorge V\u00e1zquez Pacheco<\/span><\/i><\/b><span data-ccp-props=\"{&quot;201341983&quot;:0,&quot;335559739&quot;:0,&quot;335559740&quot;:240}\">\u00a0<\/span><\/p>\n<p><b><i><span data-contrast=\"auto\">12\/06\/2024, Xalapa, Ver.-<\/span><\/i><\/b> <span data-contrast=\"auto\">Las \u00e1reas verdes en la ciudad de Xalapa cubren apenas el 14% de su superficie con 929 hect\u00e1reas, y reservas como El Tejar, Parque Natura, Cerro de Macuilt\u00e9petl o Los Lagos son remanentes de un bosque mes\u00f3filo degradado y bajo constante amenaza, expres\u00f3 <\/span><span data-contrast=\"auto\">Rafael Ortega Sol\u00eds, integrante de <\/span><span data-contrast=\"auto\">la <a href=\"https:\/\/www.uv.mx\/cosustenta\/\" target=\"_blank\" rel=\"noopener\">Coordinaci\u00f3n Universitaria para la Sustentabilidad<\/a> (<\/span><i><span data-contrast=\"auto\">Cosustenta<\/span><\/i><span data-contrast=\"auto\">) de la Universidad Veracruzana (UV).<\/span><span data-ccp-props=\"{&quot;201341983&quot;:0,&quot;335559739&quot;:0,&quot;335559740&quot;:240}\">\u00a0<\/span><\/p>\n<p><span data-contrast=\"auto\">En la charla \u201cArborizaci\u00f3n informada por la acci\u00f3n clim\u00e1tica; una decisi\u00f3n para el futuro\u201d, indic\u00f3 que el territorio del municipio de Xalapa ha sido casi <\/span><span data-contrast=\"auto\">urbanizado en su totalidad y quedan pocos espacios verdes en sus orillas. Cit\u00f3 la forma como la planeaci\u00f3n urbana de las constructoras incidi\u00f3 en zonas como Bugambilias o Lomas Verdes, con nulo acceso a espacios arbolados.<\/span><\/p>\n<p>&nbsp;<\/p>\n<div id=\"attachment_144553\" style=\"width: 732px\" class=\"wp-caption aligncenter\"><img aria-describedby=\"caption-attachment-144553\" decoding=\"async\" loading=\"lazy\" class=\"size-full wp-image-144553\" src=\"https:\/\/www.uv.mx\/prensa\/files\/2024\/06\/11-06-2024-PACHECO-Arborizacion-informada-Foto-2-100k.jpg\" alt=\"\" width=\"722\" height=\"380\" srcset=\"https:\/\/www.uv.mx\/prensa\/files\/2024\/06\/11-06-2024-PACHECO-Arborizacion-informada-Foto-2-100k.jpg 722w, https:\/\/www.uv.mx\/prensa\/files\/2024\/06\/11-06-2024-PACHECO-Arborizacion-informada-Foto-2-100k-300x158.jpg 300w\" sizes=\"(max-width: 722px) 100vw, 722px\" \/><p id=\"caption-attachment-144553\" class=\"wp-caption-text\">En el centro de la ciudad s\u00f3lo hay un \u00e1rea arbolada: el Parque Ju\u00e1rez<\/p><\/div>\n<p><span data-ccp-props=\"{&quot;201341983&quot;:0,&quot;335559731&quot;:708,&quot;335559739&quot;:0,&quot;335559740&quot;:240}\">\u00a0<\/span><\/p>\n<p><span data-contrast=\"auto\">El <\/span><span data-contrast=\"auto\">responsable del Eje de Gesti\u00f3n Integrada de \u00c1reas Verdes en la <\/span><i><span data-contrast=\"auto\">Cosustenta<\/span><\/i><span data-contrast=\"auto\">, <\/span><span data-contrast=\"auto\">coment\u00f3 que las pocas \u00e1reas disponibles se utilizan para acumular residuos y permanecen como lotes que soportar\u00e1n fuerte presi\u00f3n por el desarrollo habitacional.<\/span><span data-ccp-props=\"{&quot;201341983&quot;:0,&quot;335559731&quot;:708,&quot;335559739&quot;:0,&quot;335559740&quot;:240}\">\u00a0<\/span><\/p>\n<p><span data-contrast=\"auto\">Plantar especies arbitrariamente no es una soluci\u00f3n por s\u00ed misma, pues el \u00e9xito de este tipo de acciones depende de una gesti\u00f3n adecuada. Por ejemplo, si el arbolado es sometido a condiciones adversas y podado agresivamente, se expone al ataque de plagas y enfermedades.<\/span><span data-ccp-props=\"{&quot;201341983&quot;:0,&quot;335559731&quot;:708,&quot;335559739&quot;:0,&quot;335559740&quot;:240}\">\u00a0<\/span><\/p>\n<p><span data-contrast=\"auto\">\u201cSi no se ubica en buen lugar, el \u00e1rbol da\u00f1ar\u00e1 la infraestructura urbana y generar\u00e1 riesgos. Es com\u00fan que se caiga desde la ra\u00edz porque su sistema subterr\u00e1neo no logr\u00f3 desarrollarse en condiciones normales\u201d, indic\u00f3 el tambi\u00e9n egresado de la Facultad de Ciencias Agr\u00edcolas.<\/span><span data-ccp-props=\"{&quot;201341983&quot;:0,&quot;335559731&quot;:708,&quot;335559739&quot;:0,&quot;335559740&quot;:240}\">\u00a0<\/span><\/p>\n<p>&nbsp;<\/p>\n<div id=\"attachment_144554\" style=\"width: 732px\" class=\"wp-caption aligncenter\"><img aria-describedby=\"caption-attachment-144554\" decoding=\"async\" loading=\"lazy\" class=\"size-full wp-image-144554\" src=\"https:\/\/www.uv.mx\/prensa\/files\/2024\/06\/11-06-2024-PACHECO-Arborizacion-informada-Foto-3-100k.jpg\" alt=\"\" width=\"722\" height=\"418\" srcset=\"https:\/\/www.uv.mx\/prensa\/files\/2024\/06\/11-06-2024-PACHECO-Arborizacion-informada-Foto-3-100k.jpg 722w, https:\/\/www.uv.mx\/prensa\/files\/2024\/06\/11-06-2024-PACHECO-Arborizacion-informada-Foto-3-100k-300x174.jpg 300w\" sizes=\"(max-width: 722px) 100vw, 722px\" \/><p id=\"caption-attachment-144554\" class=\"wp-caption-text\">La mala planeaci\u00f3n se traduce en amenazas contra las \u00e1reas verdes<\/p><\/div>\n<p>&nbsp;<\/p>\n<p><span data-contrast=\"auto\">Para modificar y mejorar esos espacios es necesaria una clara visi\u00f3n de la meta, conocer la proyecci\u00f3n a futuro y generar medios de colaboraci\u00f3n entre sociedad civil, autoridades e instituciones; \u201cpara ello, los espacios educativos son el punto ideal de partida\u201d, recalc\u00f3.<\/span><span data-ccp-props=\"{&quot;201341983&quot;:0,&quot;335559731&quot;:708,&quot;335559739&quot;:0,&quot;335559740&quot;:240}\">\u00a0<\/span><\/p>\n<p><span data-contrast=\"auto\">Dijo que las recomendaciones para ubicaci\u00f3n de especies, dise\u00f1o de siembra y cuidado de su desarrollo, deben considerar la orientaci\u00f3n ya que puede generar inconvenientes de iluminaci\u00f3n y excesiva sombra en los inmuebles. Para esto existe la Ley de Protecci\u00f3n, Conservaci\u00f3n y Fomento de Arbolado y \u00c1reas Verdes Urbanas para el Estado de Veracruz.<\/span><span data-ccp-props=\"{&quot;201341983&quot;:0,&quot;335559731&quot;:708,&quot;335559739&quot;:0,&quot;335559740&quot;:240}\">\u00a0<\/span><\/p>\n<p><span data-contrast=\"auto\">\u201cSi las personas nada hacemos por conservar los \u00e1rboles, pronto el mundo ser\u00e1 incapaz de conservar a las personas\u201d, manifest\u00f3.<\/span><span data-ccp-props=\"{&quot;201341983&quot;:0,&quot;335559731&quot;:708,&quot;335559739&quot;:0,&quot;335559740&quot;:240}\">\u00a0<\/span><\/p>\n<p><span data-ccp-props=\"{&quot;201341983&quot;:0,&quot;335559739&quot;:0,&quot;335559740&quot;:240}\">\u00a0<\/span><\/p>\n<div id=\"attachment_144555\" style=\"width: 732px\" class=\"wp-caption aligncenter\"><img aria-describedby=\"caption-attachment-144555\" decoding=\"async\" loading=\"lazy\" class=\"size-full wp-image-144555\" src=\"https:\/\/www.uv.mx\/prensa\/files\/2024\/06\/11-06-2024-PACHECO-Arborizacion-informada-Foto-4-100k.jpg\" alt=\"\" width=\"722\" height=\"417\" srcset=\"https:\/\/www.uv.mx\/prensa\/files\/2024\/06\/11-06-2024-PACHECO-Arborizacion-informada-Foto-4-100k.jpg 722w, https:\/\/www.uv.mx\/prensa\/files\/2024\/06\/11-06-2024-PACHECO-Arborizacion-informada-Foto-4-100k-300x173.jpg 300w\" sizes=\"(max-width: 722px) 100vw, 722px\" \/><p id=\"caption-attachment-144555\" class=\"wp-caption-text\">La orientaci\u00f3n es importante, al momento de plantar un \u00e1rbol<\/p><\/div>\n","protected":false},"excerpt":{"rendered":"<p>Muchas \u00e1reas urbanas se erigieron sin acceso a espacios verdes, adem\u00e1s de la consiguiente destrucci\u00f3n de bosque y los \u00e1rboles mal ubicados generan problemas urbanos\u00a0<\/p>\n","protected":false},"author":1869,"featured_media":144556,"comment_status":"closed","ping_status":"closed","sticky":false,"template":"","format":"standard","meta":[],"categories":[61,6299],"tags":[17698,7110,6717,2971,10247,645,1613,9990,17697,7556,17699,17696],"_links":{"self":[{"href":"https:\/\/www.uv.mx\/prensa\/wp-json\/wp\/v2\/posts\/144546"}],"collection":[{"href":"https:\/\/www.uv.mx\/prensa\/wp-json\/wp\/v2\/posts"}],"about":[{"href":"https:\/\/www.uv.mx\/prensa\/wp-json\/wp\/v2\/types\/post"}],"author":[{"embeddable":true,"href":"https:\/\/www.uv.mx\/prensa\/wp-json\/wp\/v2\/users\/1869"}],"replies":[{"embeddable":true,"href":"https:\/\/www.uv.mx\/prensa\/wp-json\/wp\/v2\/comments?post=144546"}],"version-history":[{"count":1,"href":"https:\/\/www.uv.mx\/prensa\/wp-json\/wp\/v2\/posts\/144546\/revisions"}],"predecessor-version":[{"id":144623,"href":"https:\/\/www.uv.mx\/prensa\/wp-json\/wp\/v2\/posts\/144546\/revisions\/144623"}],"wp:featuredmedia":[{"embeddable":true,"href":"https:\/\/www.uv.mx\/prensa\/wp-json\/wp\/v2\/media\/144556"}],"wp:attachment":[{"href":"https:\/\/www.uv.mx\/prensa\/wp-json\/wp\/v2\/media?parent=144546"}],"wp:term":[{"taxonomy":"category","embeddable":true,"href":"https:\/\/www.uv.mx\/prensa\/wp-json\/wp\/v2\/categories?post=144546"},{"taxonomy":"post_tag","embeddable":true,"href":"https:\/\/www.uv.mx\/prensa\/wp-json\/wp\/v2\/tags?post=144546"}],"curies":[{"name":"wp","href":"https:\/\/api.w.org\/{rel}","templated":true}]}}