{"id":144530,"date":"2024-06-11T20:25:18","date_gmt":"2024-06-12T01:25:18","guid":{"rendered":"https:\/\/www.uv.mx\/prensa\/?p=144530"},"modified":"2024-06-13T14:15:24","modified_gmt":"2024-06-13T19:15:24","slug":"dgdaie-capacita-a-academicos-en-todas-las-regiones-universitarias","status":"publish","type":"post","link":"https:\/\/www.uv.mx\/prensa\/banner\/dgdaie-capacita-a-academicos-en-todas-las-regiones-universitarias\/","title":{"rendered":"DGDAIE capacita a acad\u00e9micos en todas las regiones universitarias"},"content":{"rendered":"<ul>\n<li data-leveltext=\"\uf0b7\" data-font=\"Symbol\" data-listid=\"2\" data-list-defn-props=\"{&quot;335552541&quot;:1,&quot;335559685&quot;:720,&quot;335559991&quot;:360,&quot;469769226&quot;:&quot;Symbol&quot;,&quot;469769242&quot;:[8226],&quot;469777803&quot;:&quot;left&quot;,&quot;469777804&quot;:&quot;\uf0b7&quot;,&quot;469777815&quot;:&quot;hybridMultilevel&quot;}\" data-aria-posinset=\"1\" data-aria-level=\"1\"><i><span data-contrast=\"auto\">A trav\u00e9s de la Direcci\u00f3n de Fortalecimiento Acad\u00e9mico y del Departamento de Formaci\u00f3n Acad\u00e9mica, con cursos en modalidad presencial, en l\u00ednea y virtual<\/span><\/i><span data-ccp-props=\"{&quot;201341983&quot;:0,&quot;335559739&quot;:0,&quot;335559740&quot;:240}\">\u00a0<\/span><\/li>\n<li data-leveltext=\"\uf0b7\" data-font=\"Symbol\" data-listid=\"2\" data-list-defn-props=\"{&quot;335552541&quot;:1,&quot;335559685&quot;:720,&quot;335559991&quot;:360,&quot;469769226&quot;:&quot;Symbol&quot;,&quot;469769242&quot;:[8226],&quot;469777803&quot;:&quot;left&quot;,&quot;469777804&quot;:&quot;\uf0b7&quot;,&quot;469777815&quot;:&quot;hybridMultilevel&quot;}\" data-aria-posinset=\"2\" data-aria-level=\"1\"><i><span data-contrast=\"auto\">Coordinadores de grupos de aprendizaje se reunieron en colegiado, previo a la impartici\u00f3n de curso ProFA<\/span><\/i><span data-ccp-props=\"{&quot;201341983&quot;:0,&quot;335559739&quot;:0,&quot;335559740&quot;:240}\">\u00a0<\/span><\/li>\n<\/ul>\n<p><span data-ccp-props=\"{&quot;201341983&quot;:0,&quot;335559739&quot;:0,&quot;335559740&quot;:240}\">\u00a0<\/span><\/p>\n<div id=\"attachment_144531\" style=\"width: 732px\" class=\"wp-caption aligncenter\"><img aria-describedby=\"caption-attachment-144531\" decoding=\"async\" loading=\"lazy\" class=\"size-full wp-image-144531\" src=\"https:\/\/www.uv.mx\/prensa\/files\/2024\/06\/110624-ProFA_4jun2024-100k.jpg\" alt=\"Coordinadores de grupos de aprendizaje de todas las regiones y de entidades universitarias \" width=\"722\" height=\"413\" srcset=\"https:\/\/www.uv.mx\/prensa\/files\/2024\/06\/110624-ProFA_4jun2024-100k.jpg 722w, https:\/\/www.uv.mx\/prensa\/files\/2024\/06\/110624-ProFA_4jun2024-100k-300x172.jpg 300w\" sizes=\"(max-width: 722px) 100vw, 722px\" \/><p id=\"caption-attachment-144531\" class=\"wp-caption-text\">Coordinadores de grupos de aprendizaje de todas las regiones y de entidades universitarias<\/p><\/div>\n<p>&nbsp;<\/p>\n<p><b><i><span data-contrast=\"auto\">Redacci\u00f3n Universo<\/span><\/i><\/b><span data-ccp-props=\"{&quot;201341983&quot;:0,&quot;335559739&quot;:0,&quot;335559740&quot;:240}\">\u00a0<\/span><\/p>\n<p><b><i><span data-contrast=\"auto\">Foto: Cortes\u00eda Direcci\u00f3n General de Desarrollo Acad\u00e9mico e Innovaci\u00f3n Educativa<\/span><\/i><\/b><\/p>\n<p><b><i><span data-contrast=\"auto\">11\/06\/2024, Xalapa, Ver.-<\/span><\/i><\/b><span data-contrast=\"auto\"> Personal de la Universidad Veracruzana (UV) participa en la oferta de cursos del Programa de Formaci\u00f3n de Acad\u00e9micos (ProFA), en un periodo intensivo \u2014del 10 de junio al 9 de julio\u2014, a desarrollarse en todas las regiones universitarias.<\/span><span data-ccp-props=\"{&quot;201341983&quot;:0,&quot;335559739&quot;:0,&quot;335559740&quot;:240}\">\u00a0<\/span><\/p>\n<p><span data-contrast=\"auto\">Previo a ello, alrededor de 90 coordinadores de grupo para los cursos ProFA, entre ellos, acad\u00e9micos de tiempo completo e investigadores, participaron en una reuni\u00f3n convocada por Elizabeth Ocampo G\u00f3mez, directora general de <a href=\"https:\/\/www.uv.mx\/dgdaie\/\" target=\"_blank\" rel=\"noopener\">Desarrollo Acad\u00e9mico e Innovaci\u00f3n Educativa<\/a>, con el objetivo de favorecer un trabajo en colegiado y homologar criterios.<\/span><span data-ccp-props=\"{&quot;201341983&quot;:0,&quot;335559731&quot;:708,&quot;335559739&quot;:0,&quot;335559740&quot;:240}\">\u00a0<\/span><\/p>\n<p><span data-contrast=\"auto\">Araceli Arg\u00fcello Aguilar, directora de Fortalecimiento Acad\u00e9mico, puntualiz\u00f3 que la formaci\u00f3n y actualizaci\u00f3n del profesorado est\u00e1 estrechamente relacionada con las necesidades planteadas en el Programa de Trabajo 2021-2025 \u201cPor una transformaci\u00f3n integral\u201d, adem\u00e1s de que el ProFA est\u00e1 articulado con la normativa federal y atiende la obligaci\u00f3n de capacitar a las y los trabajadores para el mejor desempe\u00f1o de sus funciones.<\/span><span data-ccp-props=\"{&quot;201341983&quot;:0,&quot;335559731&quot;:708,&quot;335559739&quot;:0,&quot;335559740&quot;:240}\">\u00a0<\/span><\/p>\n<p><span data-contrast=\"auto\">Por su parte, Luz Mariela Cabrera Hern\u00e1ndez, jefa del Departamento de Formaci\u00f3n Acad\u00e9mica, enfatiz\u00f3 que esta instituci\u00f3n fomenta entre su planta docente m\u00faltiples oportunidades para la formaci\u00f3n en temas que fortalecen la inclusi\u00f3n, equidad y calidad de la educaci\u00f3n superior.<\/span><span data-ccp-props=\"{&quot;201341983&quot;:0,&quot;335559731&quot;:708,&quot;335559739&quot;:0,&quot;335559740&quot;:240}\">\u00a0<\/span><\/p>\n<p><span data-contrast=\"auto\">En ese sentido, en colaboraci\u00f3n con las Coordinaciones Regionales del ProFA promueven los cursos de formaci\u00f3n pedag\u00f3gica y disciplinar en modalidades presencial, en l\u00ednea y virtual, avalados por la Comisi\u00f3n Mixta de Capacitaci\u00f3n y Adiestramiento UV-FESAPAUV.<\/span><span data-ccp-props=\"{&quot;201341983&quot;:0,&quot;335559731&quot;:708,&quot;335559739&quot;:0,&quot;335559740&quot;:240}\">\u00a0<\/span><\/p>\n<p><span data-contrast=\"auto\">Participaron en la reuni\u00f3n, a trav\u00e9s de la plataforma <\/span><i><span data-contrast=\"auto\">Zoom<\/span><\/i><span data-contrast=\"auto\">, coordinadores de grupos de aprendizaje de todas las regiones y de entidades como: CUTAI, DADUV y SAISUV, entre otras; coordinadoras regionales del ProFA; Araceli Arg\u00fcello y Luz Mariela Cabrera, adem\u00e1s de personal operativo del Departamento de Formaci\u00f3n Acad\u00e9mica.<\/span><span data-ccp-props=\"{&quot;201341983&quot;:0,&quot;335557856&quot;:16777215,&quot;335559731&quot;:708,&quot;335559739&quot;:0,&quot;335559740&quot;:240}\">\u00a0<\/span><\/p>\n","protected":false},"excerpt":{"rendered":"<p>El ProFA est\u00e1 articulado con la normativa federal y atiende la obligaci\u00f3n de capacitar a las y los docentes para el mejor desempe\u00f1o de sus funciones <\/p>\n","protected":false},"author":1775,"featured_media":144529,"comment_status":"closed","ping_status":"closed","sticky":false,"template":"","format":"standard","meta":[],"categories":[15424,61,5174],"tags":[17677,17675,12647,829,9090,2437,17676,6284,6283,4007],"_links":{"self":[{"href":"https:\/\/www.uv.mx\/prensa\/wp-json\/wp\/v2\/posts\/144530"}],"collection":[{"href":"https:\/\/www.uv.mx\/prensa\/wp-json\/wp\/v2\/posts"}],"about":[{"href":"https:\/\/www.uv.mx\/prensa\/wp-json\/wp\/v2\/types\/post"}],"author":[{"embeddable":true,"href":"https:\/\/www.uv.mx\/prensa\/wp-json\/wp\/v2\/users\/1775"}],"replies":[{"embeddable":true,"href":"https:\/\/www.uv.mx\/prensa\/wp-json\/wp\/v2\/comments?post=144530"}],"version-history":[{"count":1,"href":"https:\/\/www.uv.mx\/prensa\/wp-json\/wp\/v2\/posts\/144530\/revisions"}],"predecessor-version":[{"id":144631,"href":"https:\/\/www.uv.mx\/prensa\/wp-json\/wp\/v2\/posts\/144530\/revisions\/144631"}],"wp:featuredmedia":[{"embeddable":true,"href":"https:\/\/www.uv.mx\/prensa\/wp-json\/wp\/v2\/media\/144529"}],"wp:attachment":[{"href":"https:\/\/www.uv.mx\/prensa\/wp-json\/wp\/v2\/media?parent=144530"}],"wp:term":[{"taxonomy":"category","embeddable":true,"href":"https:\/\/www.uv.mx\/prensa\/wp-json\/wp\/v2\/categories?post=144530"},{"taxonomy":"post_tag","embeddable":true,"href":"https:\/\/www.uv.mx\/prensa\/wp-json\/wp\/v2\/tags?post=144530"}],"curies":[{"name":"wp","href":"https:\/\/api.w.org\/{rel}","templated":true}]}}