{"id":14433,"date":"2016-08-23T14:31:52","date_gmt":"2016-08-23T19:31:52","guid":{"rendered":"https:\/\/www.uv.mx\/prensa\/?p=14433"},"modified":"2016-08-23T14:31:52","modified_gmt":"2016-08-23T19:31:52","slug":"uv-organiza-coloquio-sobre-causas-de-la-crisis-en-veracruz","status":"publish","type":"post","link":"https:\/\/www.uv.mx\/prensa\/general\/uv-organiza-coloquio-sobre-causas-de-la-crisis-en-veracruz\/","title":{"rendered":"UV organiza coloquio sobre causas de la crisis en Veracruz"},"content":{"rendered":"<ul>\n<li><em>IIH-S realizar\u00e1 coloquio \u201cVeracruz: crisis, alternancia y resistencia\u201d, los d\u00edas 7 y 8 de septiembre en la USBI<\/em><\/li>\n<li><em>Andreas Schedler, acad\u00e9mico del Centro de Investigaci\u00f3n y Docencia Econ\u00f3micas (CIDE), dictar\u00e1 la conferencia \u201cViolencia criminal organizada y democracia\u201d<\/em><\/li>\n<\/ul>\n<p>&nbsp;<\/p>\n<div id=\"attachment_14436\" style=\"width: 732px\" class=\"wp-caption aligncenter\"><a href=\"https:\/\/www.uv.mx\/prensa\/files\/2016\/08\/2cruz.jpg\"><img loading=\"lazy\" decoding=\"async\" aria-describedby=\"caption-attachment-14436\" class=\"size-full wp-image-14436\" src=\"https:\/\/www.uv.mx\/prensa\/files\/2016\/08\/2cruz.jpg\" alt=\"V\u00edctor Andrade, Efra\u00edn Qui\u00f1ones, Ernesto Trevi\u00f1o, Alberto Olvera y Alfredo Zavaleta, investigadores del IIH-S \" width=\"722\" height=\"481\" srcset=\"https:\/\/www.uv.mx\/prensa\/files\/2016\/08\/2cruz.jpg 722w, https:\/\/www.uv.mx\/prensa\/files\/2016\/08\/2cruz-300x200.jpg 300w\" sizes=\"auto, (max-width: 722px) 100vw, 722px\" \/><\/a><p id=\"caption-attachment-14436\" class=\"wp-caption-text\">V\u00edctor Andrade, Efra\u00edn Qui\u00f1ones, Ernesto Trevi\u00f1o, Alberto Olvera y Alfredo Zavaleta, investigadores del IIH-S<\/p><\/div>\n<p>&nbsp;<\/p>\n<p><strong><em>David Sandoval Rodr\u00edguez<\/em><\/strong><\/p>\n<p>&nbsp;<\/p>\n<p><strong><em>Xalapa, Ver. 23\/08\/2016.-<\/em><\/strong><em>\u00a0<\/em>El Instituto de Investigaciones Hist\u00f3rico-Sociales (IIH-S) de la Universidad Veracruzana (UV) realizar\u00e1 el mi\u00e9rcoles 7 y jueves 8 de septiembre el Coloquio \u201cVeracruz: crisis, alternancia y resistencia\u201d en la Unidad de Servicios Bibliotecarios y de Informaci\u00f3n (USBI), con ocho mesas de di\u00e1logo y una conferencia magistral a cargo de Andreas Schedler, acad\u00e9mico del Centro de Investigaci\u00f3n y Docencia Econ\u00f3micas (CIDE).<\/p>\n<p>Alberto Olvera Rivera, miembro del IIH-S, mencion\u00f3 en rueda de prensa que el coloquio \u201cquiere constituirse como un espacio aut\u00f3nomo de an\u00e1lisis de la crisis multidimensional que vive Veracruz\u201d.<\/p>\n<p>El evento busca crear un espacio en el que se revisar\u00e1n, a profundidad, las causas de la crisis en nuestro estado y como tal complementa, seg\u00fan expres\u00f3, los Foros de Consulta Ciudadana del Plan Veracruzano de Desarrollo (PVD) que efectuar\u00e1 la UV en sus cinco regiones, del 29 de agosto al 17 de septiembre.<\/p>\n<p>Olvera Rivera enfatiz\u00f3 que este ejercicio \u201cno compite, no quiere contradecir los Foros de Consulta Ciudadana para el PVD que tienen su propia din\u00e1mica y finalidad\u201d; por el contrario, la intenci\u00f3n es \u201cdar una voz de fondo y una serie de propuestas que contribuyan a explicar lo que pasa y a encontrar alternativas\u201d.<\/p>\n<p>El Cuerpo Acad\u00e9mico (CA) Estudios Sociopol\u00edticos del instituto organiza este encuentro que contin\u00faa un esfuerzo similar realizado hace seis a\u00f1os, precisamente antes del inicio de funciones del gobernador actual.<\/p>\n<p>Con la intenci\u00f3n de generar una explicaci\u00f3n estructural y sistem\u00e1tica de la crisis, se convoc\u00f3 a investigadores cuyos proyectos analizan la situaci\u00f3n de la entidad; asimismo, participar\u00e1 Andreas Schedler, acad\u00e9mico del CIDE, quien dictar\u00e1 la conferencia \u201cViolencia criminal organizada y democracia\u201d el mi\u00e9rcoles 7, posterior a la inauguraci\u00f3n oficial programada para las 9:30 horas.<\/p>\n<p>\u201cEste evento no tiene la pretensi\u00f3n de explicar toda la crisis, pero s\u00ed en lo que se refiere a la violencia, la crisis de los derechos humanos, la pobreza, la desigualdad, las pol\u00edticas sociales y la resistencias, vamos a tratar de dar una explicaci\u00f3n de fondo\u201d, coment\u00f3 el acad\u00e9mico.<\/p>\n<p>En tanto Alfredo Zavaleta Betancourt, miembro del IIH-S, enfatiz\u00f3 que el coloquio es un espacio que pretende contribuir con el dise\u00f1o de una agenda ciudadana \u201cque es fundamental en estos momentos de final de r\u00e9gimen de Veracruz, de alternancia, en la medida en que le da voz a diferentes actores que se organizan para dar una respuesta a aquellos problemas que generalmente no son parte de las pol\u00edticas p\u00fablicas\u201d.<\/p>\n<p>&nbsp;<\/p>\n<div id=\"attachment_14438\" style=\"width: 732px\" class=\"wp-caption aligncenter\"><a href=\"https:\/\/www.uv.mx\/prensa\/files\/2016\/08\/2316_2.jpg\"><img loading=\"lazy\" decoding=\"async\" aria-describedby=\"caption-attachment-14438\" class=\"size-full wp-image-14438\" src=\"https:\/\/www.uv.mx\/prensa\/files\/2016\/08\/2316_2.jpg\" alt=\"Alberto Olvera y Alfredo Zavaleta compartieron pormenores del evento\" width=\"722\" height=\"514\" srcset=\"https:\/\/www.uv.mx\/prensa\/files\/2016\/08\/2316_2.jpg 722w, https:\/\/www.uv.mx\/prensa\/files\/2016\/08\/2316_2-300x214.jpg 300w\" sizes=\"auto, (max-width: 722px) 100vw, 722px\" \/><\/a><p id=\"caption-attachment-14438\" class=\"wp-caption-text\">Alberto Olvera y Alfredo Zavaleta compartieron pormenores del evento<\/p><\/div>\n<p>&nbsp;<\/p>\n<p>Habr\u00e1 ocho mesas de di\u00e1logo que comenzar\u00e1n el mismo jueves 7: a las 12:00 horas la primera ser\u00e1 \u201cViolencias y violaciones a derechos humanos\u201d; posteriormente, a las 16:00 horas se efectuar\u00e1 la segunda con el tema \u201cAcceso a la justicia y derechos humanos\u201d, seguida de la tres: \u201cColapso o ausencia de pol\u00edticas sociales\u201d.<\/p>\n<p>El jueves 8 a las 9:00 horas se realizar\u00e1n las\u00a0 mesas cuatro y cinco, con los t\u00f3picos: \u201cPobreza, desigualdad y crisis fiscal\u201d, y el \u201cR\u00e9gimen pol\u00edtico y elecciones\u201d; posterior a un receso, en punto de las 16:00 horas se realizar\u00e1 la mesa seis \u201cCorrupci\u00f3n y desempe\u00f1o en los gobiernos locales\u201d; la siete hablar\u00e1 de \u201cLa crisis de la educaci\u00f3n\u201d y la ocho ser\u00e1 sobre \u201cResistencias sociales\u201d.<\/p>\n<p>En la rueda de prensa tambi\u00e9n estuvieron presentes los investigadores Efra\u00edn Qui\u00f1ones Le\u00f3n, Ernesto Trevi\u00f1o Ronz\u00f3n y V\u00edctor Andrade Guevara, quienes junto con Olvera y Zavaleta integran el CA antes citado.<\/p>\n","protected":false},"excerpt":{"rendered":"<p><strong><em>David Sandoval.-<\/em><\/strong>El Instituto de Investigaciones Hist\u00f3rico-Sociales (IIH-S) de la Universidad Veracruzana (UV) realizar\u00e1 el mi\u00e9rcoles 7 y jueves 8 de septiembre el Coloquio \u201cVeracruz: crisis, alternancia y resistencia\u201d en la Unidad de Servicios Bibliotecarios y de Informaci\u00f3n (USBI), con ocho mesas de di\u00e1logo y una conferencia magistral a cargo de Andreas Schedler, acad\u00e9mico del Centro de Investigaci\u00f3n y Docencia Econ\u00f3micas (CIDE).<\/p>\n","protected":false},"author":1810,"featured_media":14437,"comment_status":"closed","ping_status":"closed","sticky":false,"template":"","format":"standard","meta":{"footnotes":""},"categories":[1],"tags":[2],"class_list":["post-14433","post","type-post","status-publish","format-standard","has-post-thumbnail","hentry","category-general","tag-principal"],"_links":{"self":[{"href":"https:\/\/www.uv.mx\/prensa\/wp-json\/wp\/v2\/posts\/14433","targetHints":{"allow":["GET"]}}],"collection":[{"href":"https:\/\/www.uv.mx\/prensa\/wp-json\/wp\/v2\/posts"}],"about":[{"href":"https:\/\/www.uv.mx\/prensa\/wp-json\/wp\/v2\/types\/post"}],"author":[{"embeddable":true,"href":"https:\/\/www.uv.mx\/prensa\/wp-json\/wp\/v2\/users\/1810"}],"replies":[{"embeddable":true,"href":"https:\/\/www.uv.mx\/prensa\/wp-json\/wp\/v2\/comments?post=14433"}],"version-history":[{"count":0,"href":"https:\/\/www.uv.mx\/prensa\/wp-json\/wp\/v2\/posts\/14433\/revisions"}],"wp:featuredmedia":[{"embeddable":true,"href":"https:\/\/www.uv.mx\/prensa\/wp-json\/wp\/v2\/media\/14437"}],"wp:attachment":[{"href":"https:\/\/www.uv.mx\/prensa\/wp-json\/wp\/v2\/media?parent=14433"}],"wp:term":[{"taxonomy":"category","embeddable":true,"href":"https:\/\/www.uv.mx\/prensa\/wp-json\/wp\/v2\/categories?post=14433"},{"taxonomy":"post_tag","embeddable":true,"href":"https:\/\/www.uv.mx\/prensa\/wp-json\/wp\/v2\/tags?post=14433"}],"curies":[{"name":"wp","href":"https:\/\/api.w.org\/{rel}","templated":true}]}}