{"id":143242,"date":"2024-05-16T11:47:52","date_gmt":"2024-05-16T16:47:52","guid":{"rendered":"https:\/\/www.uv.mx\/prensa\/?p=143242"},"modified":"2024-05-16T11:47:52","modified_gmt":"2024-05-16T16:47:52","slug":"filu-2024-presento-libro-de-colecciones-del-museo-nacional-de-mexico","status":"publish","type":"post","link":"https:\/\/www.uv.mx\/prensa\/cultura\/filu-2024-presento-libro-de-colecciones-del-museo-nacional-de-mexico\/","title":{"rendered":"FILU 2024 present\u00f3 libro de colecciones del Museo Nacional de M\u00e9xico"},"content":{"rendered":"<ul>\n<li><em><span class=\"TextRun SCXW134821993 BCX0\" lang=\"ES-MX\" xml:lang=\"ES-MX\" data-contrast=\"auto\"><span class=\"NormalTextRun SCXW134821993 BCX0\" data-ccp-parastyle=\"No Spacing\">Hace <\/span><span class=\"NormalTextRun SCXW134821993 BCX0\" data-ccp-parastyle=\"No Spacing\">referencia a <\/span><span class=\"NormalTextRun SCXW134821993 BCX0\" data-ccp-parastyle=\"No Spacing\">piedras, ruinas, reliquias, huesos, estatuas, fotos, inventarios e incluso falsificaciones <\/span><span class=\"NormalTextRun SCXW134821993 BCX0\" data-ccp-parastyle=\"No Spacing\">que <\/span><span class=\"NormalTextRun SCXW134821993 BCX0\" data-ccp-parastyle=\"No Spacing\">formaron parte de las exhibiciones del recinto<\/span><\/span><span class=\"EOP SCXW134821993 BCX0\" data-ccp-props=\"{}\">\u00a0<\/span><\/em><\/li>\n<\/ul>\n<div id=\"attachment_143215\" style=\"width: 732px\" class=\"wp-caption aligncenter\"><img aria-describedby=\"caption-attachment-143215\" decoding=\"async\" loading=\"lazy\" class=\"size-full wp-image-143215\" src=\"https:\/\/www.uv.mx\/prensa\/files\/2024\/05\/150524-CARLOS-Objetos-en-transito-1-100k.jpg\" alt=\"\" width=\"722\" height=\"482\" srcset=\"https:\/\/www.uv.mx\/prensa\/files\/2024\/05\/150524-CARLOS-Objetos-en-transito-1-100k.jpg 722w, https:\/\/www.uv.mx\/prensa\/files\/2024\/05\/150524-CARLOS-Objetos-en-transito-1-100k-300x200.jpg 300w\" sizes=\"(max-width: 722px) 100vw, 722px\" \/><p id=\"caption-attachment-143215\" class=\"wp-caption-text\">La presentaci\u00f3n estuvo a cargo de Sara Ladr\u00f3n de Guevara, quien fue moderada por Luis Hern\u00e1ndez Huerta, de la UAM<\/p><\/div>\n<p><b><i><span data-contrast=\"auto\">Carlos Hugo Hermida Rosales<\/span><\/i><\/b><span data-ccp-props=\"{}\">\u00a0<\/span><\/p>\n<p><b><i><span data-contrast=\"auto\">Fotos: C\u00e9sar Pisil Ramos<\/span><\/i><\/b><span data-ccp-props=\"{}\">\u00a0<\/span><\/p>\n<p><b><i><span data-contrast=\"auto\">16\/05\/2024, Xalapa, Ver<\/span><\/i><\/b><span data-contrast=\"auto\">. La Feria Internacional del Libro Universitario (FILU) de la Universidad Veracruzana (UV), present\u00f3 la obra\u00a0<\/span><span data-ccp-props=\"{}\">\u00a0<\/span><\/p>\n<p><i><span data-contrast=\"auto\">Objetos en tr\u00e1nsito, objetos en disputa. Las colecciones del Museo Nacional de M\u00e9xico<\/span><\/i><span data-contrast=\"auto\">, con la participaci\u00f3n de la arque\u00f3loga Sara Ladr\u00f3n de Guevara.<\/span><span data-ccp-props=\"{}\">\u00a0<\/span><\/p>\n<p><span data-contrast=\"auto\">\u201cDeviene en un referente indispensable para quienes hemos hecho de los museos la raz\u00f3n de nuestros placeres\u201d, afirm\u00f3 la investigadora.\u00a0<\/span><span data-ccp-props=\"{&quot;335559731&quot;:708}\">\u00a0<\/span><\/p>\n<p><span data-contrast=\"auto\">La obra, editada por Miruna Achim, Susan Deans-Smith y Sandra Rozental, y publicada por la Universidad Aut\u00f3noma Metropolitana (UAM), se present\u00f3 en el patio del Centro de Investigaciones Tropicales (<\/span><i><span data-contrast=\"auto\">Citro<\/span><\/i><span data-contrast=\"auto\">).<\/span><span data-ccp-props=\"{&quot;335559731&quot;:708}\">\u00a0<\/span><\/p>\n<p>&nbsp;<\/p>\n<div id=\"attachment_143216\" style=\"width: 732px\" class=\"wp-caption aligncenter\"><img aria-describedby=\"caption-attachment-143216\" decoding=\"async\" loading=\"lazy\" class=\"size-full wp-image-143216\" src=\"https:\/\/www.uv.mx\/prensa\/files\/2024\/05\/150524-CARLOS-Objetos-en-transito-2-100k.jpg\" alt=\"\" width=\"722\" height=\"521\" srcset=\"https:\/\/www.uv.mx\/prensa\/files\/2024\/05\/150524-CARLOS-Objetos-en-transito-2-100k.jpg 722w, https:\/\/www.uv.mx\/prensa\/files\/2024\/05\/150524-CARLOS-Objetos-en-transito-2-100k-300x216.jpg 300w\" sizes=\"(max-width: 722px) 100vw, 722px\" \/><p id=\"caption-attachment-143216\" class=\"wp-caption-text\">El libro fue editado por Miruna Achim, Susan Deans-Smith y Sandra Rozental<\/p><\/div>\n<p>&nbsp;<\/p>\n<p><span data-contrast=\"auto\">El libro hace referencia a piedras, ruinas, reliquias, huesos, estatuas, fotos, inventarios e incluso falsificaciones que formaron parte de las exhibiciones del recinto mencionado en su t\u00edtulo a lo largo de un par de siglos.\u00a0<\/span><span data-ccp-props=\"{&quot;335559731&quot;:708}\">\u00a0<\/span><\/p>\n<p><span data-contrast=\"auto\">Ladr\u00f3n de Guevara coment\u00f3 que los escritos contenidos en el libro resultan en profundas reflexiones sobre el discurso, la narrativa y la pol\u00edtica muse\u00edstica.<\/span><span data-ccp-props=\"{&quot;335559731&quot;:708}\">\u00a0<\/span><\/p>\n<p><span data-contrast=\"auto\">La presentaci\u00f3n fue moderada por Luis Hern\u00e1ndez Huerta, jefe de Proyectos, Difusi\u00f3n y Publicaciones de la UAM Cuajimalpa.\u00a0<\/span><span data-ccp-props=\"{&quot;335559731&quot;:708}\">\u00a0<\/span><\/p>\n<p><span data-ccp-props=\"{}\">\u00a0<\/span><\/p>\n","protected":false},"excerpt":{"rendered":"<p>La obra es una publicaci\u00f3n de la Universidad Aut\u00f3noma Metropolitana  <\/p>\n","protected":false},"author":1810,"featured_media":0,"comment_status":"closed","ping_status":"closed","sticky":false,"template":"","format":"standard","meta":[],"categories":[11,47,16833],"tags":[2092,4161,6477,6263,13644,17114,11197,17115,17116,216],"_links":{"self":[{"href":"https:\/\/www.uv.mx\/prensa\/wp-json\/wp\/v2\/posts\/143242"}],"collection":[{"href":"https:\/\/www.uv.mx\/prensa\/wp-json\/wp\/v2\/posts"}],"about":[{"href":"https:\/\/www.uv.mx\/prensa\/wp-json\/wp\/v2\/types\/post"}],"author":[{"embeddable":true,"href":"https:\/\/www.uv.mx\/prensa\/wp-json\/wp\/v2\/users\/1810"}],"replies":[{"embeddable":true,"href":"https:\/\/www.uv.mx\/prensa\/wp-json\/wp\/v2\/comments?post=143242"}],"version-history":[{"count":1,"href":"https:\/\/www.uv.mx\/prensa\/wp-json\/wp\/v2\/posts\/143242\/revisions"}],"predecessor-version":[{"id":143243,"href":"https:\/\/www.uv.mx\/prensa\/wp-json\/wp\/v2\/posts\/143242\/revisions\/143243"}],"wp:attachment":[{"href":"https:\/\/www.uv.mx\/prensa\/wp-json\/wp\/v2\/media?parent=143242"}],"wp:term":[{"taxonomy":"category","embeddable":true,"href":"https:\/\/www.uv.mx\/prensa\/wp-json\/wp\/v2\/categories?post=143242"},{"taxonomy":"post_tag","embeddable":true,"href":"https:\/\/www.uv.mx\/prensa\/wp-json\/wp\/v2\/tags?post=143242"}],"curies":[{"name":"wp","href":"https:\/\/api.w.org\/{rel}","templated":true}]}}