{"id":142805,"date":"2024-05-11T01:30:31","date_gmt":"2024-05-11T06:30:31","guid":{"rendered":"https:\/\/www.uv.mx\/prensa\/?p=142805"},"modified":"2024-05-11T01:34:13","modified_gmt":"2024-05-11T06:34:13","slug":"con-la-filu-uv-refrenda-su-compromiso-con-la-lectura","status":"publish","type":"post","link":"https:\/\/www.uv.mx\/prensa\/banner\/con-la-filu-uv-refrenda-su-compromiso-con-la-lectura\/","title":{"rendered":"Con la FILU, UV refrenda su compromiso con la lectura"},"content":{"rendered":"<ul>\n<li><i><span data-contrast=\"auto\">El tema central de la Feria Internacional del Libro Universitario (FILU) son los exilios<\/span><\/i><span data-ccp-props=\"{&quot;201341983&quot;:0,&quot;335559739&quot;:0,&quot;335559740&quot;:240}\">\u00a0<\/span><\/li>\n<li data-leveltext=\"\uf0b7\" data-font=\"Symbol\" data-listid=\"3\" data-list-defn-props=\"{&quot;335552541&quot;:1,&quot;335559685&quot;:720,&quot;335559991&quot;:360,&quot;469769226&quot;:&quot;Symbol&quot;,&quot;469769242&quot;:[8226],&quot;469777803&quot;:&quot;left&quot;,&quot;469777804&quot;:&quot;\uf0b7&quot;,&quot;469777815&quot;:&quot;hybridMultilevel&quot;}\" data-aria-posinset=\"1\" data-aria-level=\"1\"><i><span data-contrast=\"auto\">\u201cConvoca con un tema que es realmente inspirador, es un tema que resuena profundamente en los corazones de todos los argentinos\u201d, externo la embajadora argentina Mar\u00eda Gabriela Quinteros<\/span><\/i><span data-ccp-props=\"{&quot;201341983&quot;:0,&quot;335559739&quot;:0,&quot;335559740&quot;:240}\">\u00a0<\/span><\/li>\n<li data-leveltext=\"\uf0b7\" data-font=\"Symbol\" data-listid=\"3\" data-list-defn-props=\"{&quot;335552541&quot;:1,&quot;335559685&quot;:720,&quot;335559991&quot;:360,&quot;469769226&quot;:&quot;Symbol&quot;,&quot;469769242&quot;:[8226],&quot;469777803&quot;:&quot;left&quot;,&quot;469777804&quot;:&quot;\uf0b7&quot;,&quot;469777815&quot;:&quot;hybridMultilevel&quot;}\" data-aria-posinset=\"3\" data-aria-level=\"1\"><i><span data-contrast=\"auto\">Se une a la celebraci\u00f3n de los 80 a\u00f1os de la m\u00e1xima casa de estudios<\/span><\/i><span data-ccp-props=\"{&quot;201341983&quot;:0,&quot;335559739&quot;:0,&quot;335559740&quot;:240}\">\u00a0<\/span><\/li>\n<\/ul>\n<p><span data-ccp-props=\"{&quot;201341983&quot;:0,&quot;335559739&quot;:0,&quot;335559740&quot;:240}\">\u00a0<\/span><\/p>\n<div id=\"attachment_142794\" style=\"width: 732px\" class=\"wp-caption aligncenter\"><img loading=\"lazy\" decoding=\"async\" aria-describedby=\"caption-attachment-142794\" class=\"size-full wp-image-142794\" src=\"https:\/\/www.uv.mx\/prensa\/files\/2024\/05\/100524-PAOLA-Inauguracion-FILU-1-100k.jpg\" alt=\"Autoridades universitarias, invitados especiales y escritores premiados, asistieron a la inauguraci\u00f3n \" width=\"722\" height=\"398\" srcset=\"https:\/\/www.uv.mx\/prensa\/files\/2024\/05\/100524-PAOLA-Inauguracion-FILU-1-100k.jpg 722w, https:\/\/www.uv.mx\/prensa\/files\/2024\/05\/100524-PAOLA-Inauguracion-FILU-1-100k-300x165.jpg 300w\" sizes=\"auto, (max-width: 722px) 100vw, 722px\" \/><p id=\"caption-attachment-142794\" class=\"wp-caption-text\">Autoridades universitarias, invitados especiales y escritores premiados, asistieron a la inauguraci\u00f3n<\/p><\/div>\n<p>&nbsp;<\/p>\n<p><b><i><span data-contrast=\"auto\">Paola Cort\u00e9s P\u00e9rez<\/span><\/i><\/b><span data-ccp-props=\"{&quot;201341983&quot;:0,&quot;335559739&quot;:0,&quot;335559740&quot;:240}\">\u00a0<\/span><\/p>\n<p><b><i><span data-contrast=\"auto\">Fotos: C\u00e9sar Pisil Ramos y Jos\u00e9 Rujiro Hern\u00e1ndez Temis<\/span><\/i><\/b><\/p>\n<p><b><i><span data-contrast=\"auto\">10\/05\/2024, Xalapa, Ver.-<\/span><\/i><\/b><span data-contrast=\"auto\"> Las ferias de libro dan un cuerpo monumental al binomio que representa el acto de leer, por lo tanto, la Universidad Veracruzana refrenda su compromiso con la lectura a trav\u00e9s de la Feria Internacional del Libro Universitario (FILU), afirm\u00f3 el rector Martin Aguilar S\u00e1nchez.<\/span><span data-ccp-props=\"{&quot;201341983&quot;:0,&quot;335559739&quot;:0,&quot;335559740&quot;:240}\">\u00a0<\/span><\/p>\n<p><span data-contrast=\"auto\">Lo anterior, al encabezar la ceremonia inaugural de su vigesimonovena edici\u00f3n, realizada en el Foro \u201cMiguel V\u00e9lez Arceo\u201d, de la Casa de Lago, en compa\u00f1\u00eda de las embajadoras de Chile y Argentina en M\u00e9xico, Beatriz S\u00e1nchez Mu\u00f1oz y Mar\u00eda Gabriela Quinteros, respectivamente, y Juan Vicente P\u00e9rez Hern\u00e1ndez, ministro consejero de Educaci\u00f3n de la Embajada de Espa\u00f1a en M\u00e9xico.<\/span><\/p>\n<div id=\"attachment_142795\" style=\"width: 732px\" class=\"wp-caption aligncenter\"><img loading=\"lazy\" decoding=\"async\" aria-describedby=\"caption-attachment-142795\" class=\"size-full wp-image-142795\" src=\"https:\/\/www.uv.mx\/prensa\/files\/2024\/05\/100524-PAOLA-Inauguracion-FILU-2-100k.jpg\" alt=\"Comunidad UV y sociedad en general animados por el inicio de la vigesimonovena edici\u00f3n de la FILU \" width=\"722\" height=\"482\" srcset=\"https:\/\/www.uv.mx\/prensa\/files\/2024\/05\/100524-PAOLA-Inauguracion-FILU-2-100k.jpg 722w, https:\/\/www.uv.mx\/prensa\/files\/2024\/05\/100524-PAOLA-Inauguracion-FILU-2-100k-300x200.jpg 300w\" sizes=\"auto, (max-width: 722px) 100vw, 722px\" \/><p id=\"caption-attachment-142795\" class=\"wp-caption-text\">Comunidad UV y sociedad en general animados por el inicio de la vigesimonovena edici\u00f3n de la FILU<\/p><\/div>\n<p>&nbsp;<\/p>\n<p><span data-contrast=\"auto\">\u201cLa Feria inici\u00f3 su camino como parte se\u00f1era de la vida institucional y en esta ocasi\u00f3n cobra un significado particular al realizarse en el marco del 80 aniversario de nuestra m\u00e1xima casa de estudios.<\/span><span data-ccp-props=\"{&quot;201341983&quot;:0,&quot;335559731&quot;:708,&quot;335559739&quot;:0,&quot;335559740&quot;:240}\">\u00a0<\/span><\/p>\n<p><span data-contrast=\"auto\">\u201dLa Universidad refrenda su compromiso con la lectura como pr\u00e1ctica cotidiana y permanente al interior de su comunidad, a la que hoy ofrece libros en formato impreso y digital.\u201d<\/span><\/p>\n<div id=\"attachment_142796\" style=\"width: 732px\" class=\"wp-caption aligncenter\"><img loading=\"lazy\" decoding=\"async\" aria-describedby=\"caption-attachment-142796\" class=\"size-full wp-image-142796\" src=\"https:\/\/www.uv.mx\/prensa\/files\/2024\/05\/100524-PAOLA-Inauguracion-FILU-3-100k.jpg\" alt=\"El rector Mart\u00edn Aguilar dijo que la UV es una instituci\u00f3n comprometida con la lectura, ejemplo de ellos es la FILU \" width=\"722\" height=\"482\" srcset=\"https:\/\/www.uv.mx\/prensa\/files\/2024\/05\/100524-PAOLA-Inauguracion-FILU-3-100k.jpg 722w, https:\/\/www.uv.mx\/prensa\/files\/2024\/05\/100524-PAOLA-Inauguracion-FILU-3-100k-300x200.jpg 300w\" sizes=\"auto, (max-width: 722px) 100vw, 722px\" \/><p id=\"caption-attachment-142796\" class=\"wp-caption-text\">El rector Mart\u00edn Aguilar dijo que la UV es una instituci\u00f3n comprometida con la lectura, ejemplo de ellos es la FILU<\/p><\/div>\n<p>&nbsp;<\/p>\n<p><span data-contrast=\"auto\">Con respecto al tema central: el exilio, dijo que es una condici\u00f3n humana que tiene dos caras: la del refugiado y de quien lo concede, y record\u00f3 que M\u00e9xico tiene una larga y noble tradici\u00f3n como pa\u00eds de refugio, que le ha dejado todo un legado de experiencias en distintos campos del quehacer humano.<\/span><span data-ccp-props=\"{&quot;201341983&quot;:0,&quot;335559731&quot;:708,&quot;335559739&quot;:0,&quot;335559740&quot;:240}\">\u00a0<\/span><\/p>\n<p><span data-contrast=\"auto\">En su participaci\u00f3n, la embajadora Beatriz S\u00e1nchez mencion\u00f3 que en este a\u00f1o se cumplen 50 a\u00f1os del inicio de la dictadura militar en Chile, la cual dej\u00f3 heridas profundas que a\u00fan no cierran. Fueron miles las familias exiliadas que encontraron en M\u00e9xico una segunda patria, ejemplo de ello fue la poeta Gabriela Mistral y el escritor Roberto Bola\u00f1o.<\/span><\/p>\n<div id=\"attachment_142797\" style=\"width: 732px\" class=\"wp-caption aligncenter\"><img loading=\"lazy\" decoding=\"async\" aria-describedby=\"caption-attachment-142797\" class=\"size-full wp-image-142797\" src=\"https:\/\/www.uv.mx\/prensa\/files\/2024\/05\/100524-PAOLA-Inauguracion-FILU-4-100k.jpg\" alt=\"Judith P\u00e1ez dijo que a lo largo de 10 d\u00edas se llevaran a cabo m\u00e1s de 400 actividades \" width=\"722\" height=\"482\" srcset=\"https:\/\/www.uv.mx\/prensa\/files\/2024\/05\/100524-PAOLA-Inauguracion-FILU-4-100k.jpg 722w, https:\/\/www.uv.mx\/prensa\/files\/2024\/05\/100524-PAOLA-Inauguracion-FILU-4-100k-300x200.jpg 300w\" sizes=\"auto, (max-width: 722px) 100vw, 722px\" \/><p id=\"caption-attachment-142797\" class=\"wp-caption-text\">Judith P\u00e1ez dijo que a lo largo de 10 d\u00edas se llevaran a cabo m\u00e1s de 400 actividades<\/p><\/div>\n<p>&nbsp;<\/p>\n<p><span data-contrast=\"auto\">\u201cM\u00e9xico es muy importante para Chile, es ejemplo de solidaridad; miles de chilenos encontraron consuelo y su otra patria aqu\u00ed. Gracias por la invitaci\u00f3n, estamos encantados de estar ac\u00e1; vengo de Chile, un pa\u00eds alargado, al final del mundo, aunque prefiero decir que est\u00e1 al principio\u201d, externo.<\/span><span data-ccp-props=\"{&quot;201341983&quot;:0,&quot;335559731&quot;:708,&quot;335559739&quot;:0,&quot;335559740&quot;:240}\">\u00a0<\/span><\/p>\n<p><span data-contrast=\"auto\">La embajadora Mar\u00eda Gabriela Quinteros expres\u00f3 que es un honor y privilegio ser invitados de la vigesimonovena edici\u00f3n de la FILU, y agradeci\u00f3 el aprecio mostrado a los escritores y editores argentinos porque esto les impulsa a fortalecer los lazos culturales entre ambas naciones.<\/span><\/p>\n<div id=\"attachment_142798\" style=\"width: 732px\" class=\"wp-caption aligncenter\"><img loading=\"lazy\" decoding=\"async\" aria-describedby=\"caption-attachment-142798\" class=\"size-full wp-image-142798\" src=\"https:\/\/www.uv.mx\/prensa\/files\/2024\/05\/100524-PAOLA-Inauguracion-FILU-5-100k.jpg\" alt=\"Beatriz S\u00e1nchez Mu\u00f1oz, embajadora de Chile en M\u00e9xico \" width=\"722\" height=\"481\" srcset=\"https:\/\/www.uv.mx\/prensa\/files\/2024\/05\/100524-PAOLA-Inauguracion-FILU-5-100k.jpg 722w, https:\/\/www.uv.mx\/prensa\/files\/2024\/05\/100524-PAOLA-Inauguracion-FILU-5-100k-300x200.jpg 300w\" sizes=\"auto, (max-width: 722px) 100vw, 722px\" \/><p id=\"caption-attachment-142798\" class=\"wp-caption-text\">Beatriz S\u00e1nchez Mu\u00f1oz, embajadora de Chile en M\u00e9xico<\/p><\/div>\n<p>&nbsp;<\/p>\n<p><span data-contrast=\"auto\">\u201cLa FILU convoca con un tema que es realmente inspirador, es un tema que resuena profundamente en los corazones de todos los argentinos, porque nuestra naci\u00f3n ha sido testigo de las m\u00faltiples caras del exilio, as\u00ed que entendemos la importancia de recordar y celebrar a todos los argentinos que han encontrado en M\u00e9xico una nueva casa en donde compartir su arte y su conocimiento.\u201d<\/span><span data-ccp-props=\"{&quot;201341983&quot;:0,&quot;335559731&quot;:708,&quot;335559739&quot;:0,&quot;335559740&quot;:240}\">\u00a0<\/span><\/p>\n<p><span data-contrast=\"auto\">El ministro Juan Vicente P\u00e9rez mencion\u00f3 que en Espa\u00f1a, entre 1939 y 1951, se perdi\u00f3 el 7% de su poblaci\u00f3n, ya sea porque muri\u00f3 o fue exiliado. \u201cEl hecho de que la FILU se dedique al exilio nos resulta muy importante y deb\u00edamos estar aqu\u00ed; merece la pena recordar y hacer presente la memoria de todos los exiliados, adem\u00e1s de abordar el tema de los derechos humanos\u201d.<\/span><\/p>\n<div id=\"attachment_142799\" style=\"width: 732px\" class=\"wp-caption aligncenter\"><img loading=\"lazy\" decoding=\"async\" aria-describedby=\"caption-attachment-142799\" class=\"size-full wp-image-142799\" src=\"https:\/\/www.uv.mx\/prensa\/files\/2024\/05\/100524-PAOLA-Inauguracion-FILU-6-100k.jpg\" alt=\"Mar\u00eda Gabriela Quinteros, embajadora de Argentina \" width=\"722\" height=\"481\" srcset=\"https:\/\/www.uv.mx\/prensa\/files\/2024\/05\/100524-PAOLA-Inauguracion-FILU-6-100k.jpg 722w, https:\/\/www.uv.mx\/prensa\/files\/2024\/05\/100524-PAOLA-Inauguracion-FILU-6-100k-300x200.jpg 300w\" sizes=\"auto, (max-width: 722px) 100vw, 722px\" \/><p id=\"caption-attachment-142799\" class=\"wp-caption-text\">Mar\u00eda Gabriela Quinteros, embajadora de Argentina<\/p><\/div>\n<p>&nbsp;<\/p>\n<p><span data-contrast=\"auto\">Judith P\u00e1ez Paniagua, coordinadora general de la FILU 2024, dijo que este a\u00f1o, la Universidad tiene una doble celebraci\u00f3n: ocho d\u00e9cadas de su fundaci\u00f3n y la vigesimonovena edici\u00f3n de la FILU que tiene como tema central los exilios y como pa\u00edses invitados a Chile, Argentina, Uruguay y Espa\u00f1a.<\/span><span data-ccp-props=\"{&quot;201341983&quot;:0,&quot;335559731&quot;:708,&quot;335559739&quot;:0,&quot;335559740&quot;:240}\">\u00a0<\/span><\/p>\n<p><span data-contrast=\"auto\">Asisten 524 sellos editoriales, nacionales, universitarios, comerciales, independientes y extranjeras, puntualiz\u00f3 al a\u00f1adir que en los pr\u00f3ximos 10 d\u00edas habr\u00e1 403 actividades entre Foros Acad\u00e9mico, Editorial y Estudiantil Intercultural, as\u00ed como presentaciones de libros, conversatorios, talleres, charlas y de grupos art\u00edsticos, rindiendo homenaje a las tradiciones de los pa\u00edses invitados.<\/span><\/p>\n<div id=\"attachment_142800\" style=\"width: 732px\" class=\"wp-caption aligncenter\"><img loading=\"lazy\" decoding=\"async\" aria-describedby=\"caption-attachment-142800\" class=\"size-full wp-image-142800\" src=\"https:\/\/www.uv.mx\/prensa\/files\/2024\/05\/100524-PAOLA-Inauguracion-FILU-7-100k.jpg\" alt=\"Juan Vicente P\u00e9rez, ministro consejero de Educaci\u00f3n de la Embajada de Espa\u00f1a \" width=\"722\" height=\"481\" srcset=\"https:\/\/www.uv.mx\/prensa\/files\/2024\/05\/100524-PAOLA-Inauguracion-FILU-7-100k.jpg 722w, https:\/\/www.uv.mx\/prensa\/files\/2024\/05\/100524-PAOLA-Inauguracion-FILU-7-100k-300x200.jpg 300w\" sizes=\"auto, (max-width: 722px) 100vw, 722px\" \/><p id=\"caption-attachment-142800\" class=\"wp-caption-text\">Juan Vicente P\u00e9rez, ministro consejero de Educaci\u00f3n de la Embajada de Espa\u00f1a<\/p><\/div>\n<p>&nbsp;<\/p>\n<p><span data-contrast=\"auto\">\u201cAgradecemos el apoyo brindado por las vicerrector\u00edas, ya que por primera vez habr\u00e1 jornadas FILU en cada una de las regiones universitarias\u201d, se\u00f1al\u00f3.<\/span><\/p>\n<p><b><span data-contrast=\"auto\">Mural <\/span><\/b><b><i><span data-contrast=\"auto\">Memoria resiliente <\/span><\/i><\/b><b><span data-contrast=\"auto\">da bienvenida a los visitantes<br \/>\n<\/span><\/b><span data-contrast=\"auto\">En el marco de la FILU 2024, fue inaugurado por las autoridades universitarias y estudiantes de la Facultad de Artes Pl\u00e1ticas de la UV, el mural intitulado <\/span><i><span data-contrast=\"auto\">Memoria resiliente<\/span><\/i><span data-contrast=\"auto\">, dedicado a la tem\u00e1tica central y a los pa\u00edses invitados en esta ocasi\u00f3n.<\/span><\/p>\n<div id=\"attachment_142801\" style=\"width: 732px\" class=\"wp-caption aligncenter\"><img loading=\"lazy\" decoding=\"async\" aria-describedby=\"caption-attachment-142801\" class=\"size-full wp-image-142801\" src=\"https:\/\/www.uv.mx\/prensa\/files\/2024\/05\/100524-PAOLA-Inauguracion-FILU-8-100k.jpg\" alt=\"Estudiantes y docente de la Facultad de Artes Pl\u00e1sticas de la UV \" width=\"722\" height=\"481\" srcset=\"https:\/\/www.uv.mx\/prensa\/files\/2024\/05\/100524-PAOLA-Inauguracion-FILU-8-100k.jpg 722w, https:\/\/www.uv.mx\/prensa\/files\/2024\/05\/100524-PAOLA-Inauguracion-FILU-8-100k-300x200.jpg 300w\" sizes=\"auto, (max-width: 722px) 100vw, 722px\" \/><p id=\"caption-attachment-142801\" class=\"wp-caption-text\">Estudiantes y docente de la Facultad de Artes Pl\u00e1sticas de la UV<\/p><\/div>\n<p>&nbsp;<\/p>\n<p><span data-contrast=\"auto\">\u201cEl proyecto que hoy se presenta no s\u00f3lo es una manifestaci\u00f3n art\u00edstica, sino tambi\u00e9n un acto de profunda resonancia pol\u00edtica y social; simboliza la fuerza de la cooperaci\u00f3n y el compromiso conjunto con la promoci\u00f3n de la paz y la justicia global.<\/span><span data-ccp-props=\"{&quot;201341983&quot;:0,&quot;335559731&quot;:708,&quot;335559739&quot;:0,&quot;335559740&quot;:240}\">\u00a0<\/span><\/p>\n<p><span data-contrast=\"auto\">\u201dEs un recordatorio elocuente de que, incluso en los momentos m\u00e1s oscuros de la historia, la humanidad tiene la capacidad de albergar la luz de la compasi\u00f3n y el entendimiento mutuo\u201d, destac\u00f3 el alumno Alexis Sol\u00eds Murcia.<\/span><\/p>\n<div id=\"attachment_142802\" style=\"width: 732px\" class=\"wp-caption aligncenter\"><img loading=\"lazy\" decoding=\"async\" aria-describedby=\"caption-attachment-142802\" class=\"size-full wp-image-142802\" src=\"https:\/\/www.uv.mx\/prensa\/files\/2024\/05\/100524-PAOLA-Inauguracion-FILU-9-100k.jpg\" alt=\"Autoridades universitarias, invitados especiales y alumnos, cortaron el list\u00f3n inaugural\" width=\"722\" height=\"481\" srcset=\"https:\/\/www.uv.mx\/prensa\/files\/2024\/05\/100524-PAOLA-Inauguracion-FILU-9-100k.jpg 722w, https:\/\/www.uv.mx\/prensa\/files\/2024\/05\/100524-PAOLA-Inauguracion-FILU-9-100k-300x200.jpg 300w\" sizes=\"auto, (max-width: 722px) 100vw, 722px\" \/><p id=\"caption-attachment-142802\" class=\"wp-caption-text\">Autoridades universitarias, invitados especiales y alumnos, cortaron el list\u00f3n inaugural<\/p><\/div>\n<p>&nbsp;<\/p>\n<p><span data-contrast=\"auto\">Los universitarios participantes fueron: Miguel \u00c1ngel V\u00e1zquez P\u00e9rez, Alan Boix Carrillo, Luis Gabriela Templos Hern\u00e1ndez, Beatriz Villegas Cruz, Abundio Mu\u00f1oz Zecua, Indira Biadxi Santiago Guti\u00e9rrez, Ana Elisa Cuevas Jauregui, Luis Uriel Rodr\u00edguez Pastrana, Osnar L\u00f3pez Gallegos, \u00d3scar Samuel Redford Palestino, Cristina Berumen Cruz y Mar\u00eda del Rosario Mart\u00ednez Castillo.<\/span><span data-ccp-props=\"{&quot;201341983&quot;:0,&quot;335559731&quot;:708,&quot;335559739&quot;:0,&quot;335559740&quot;:240}\">\u00a0<\/span><\/p>\n<p><span data-contrast=\"auto\">Por \u00faltimo, el Rector de la UV recorri\u00f3 la feria en compa\u00f1\u00eda de las y los invitados especiales y funcionarios universitarios. La programaci\u00f3n completa de la feria est\u00e1 disponible en la aplicaci\u00f3n para dispositivos IOS y Android, as\u00ed como en la p\u00e1gina <\/span><a href=\"http:\/\/www.uv.mx\/filu\"><span data-contrast=\"none\">www.uv.mx\/filu<\/span><\/a><span data-contrast=\"auto\">.<\/span><\/p>\n<div id=\"attachment_142803\" style=\"width: 732px\" class=\"wp-caption aligncenter\"><img loading=\"lazy\" decoding=\"async\" aria-describedby=\"caption-attachment-142803\" class=\"size-full wp-image-142803\" src=\"https:\/\/www.uv.mx\/prensa\/files\/2024\/05\/100524-PAOLA-Inauguracion-FILU-10-100k.jpg\" alt=\"El Rector de la UV acompa\u00f1ado de los invitados especiales y funcionarios de la Universidad, recorrieron los estands de la FILU \" width=\"722\" height=\"481\" srcset=\"https:\/\/www.uv.mx\/prensa\/files\/2024\/05\/100524-PAOLA-Inauguracion-FILU-10-100k.jpg 722w, https:\/\/www.uv.mx\/prensa\/files\/2024\/05\/100524-PAOLA-Inauguracion-FILU-10-100k-300x200.jpg 300w\" sizes=\"auto, (max-width: 722px) 100vw, 722px\" \/><p id=\"caption-attachment-142803\" class=\"wp-caption-text\">El Rector de la UV acompa\u00f1ado de los invitados especiales y funcionarios de la Universidad, recorrieron los estands de la FILU<\/p><\/div>\n<p>&nbsp;<\/p>\n<p><span data-contrast=\"auto\">A la inauguraci\u00f3n asistieron los titulares de las Secretar\u00edas Acad\u00e9mica, de Administraci\u00f3n y Finanzas, y de Desarrollo Institucional: Juan Ortiz Escamilla, Lizbeth Viveros Cancino y Jaqueline Jongitud Zamora; as\u00ed como vicerrectores, directores generales de \u00e1reas acad\u00e9micas y administrativas.<\/span><span data-ccp-props=\"{&quot;201341983&quot;:0,&quot;335559731&quot;:708,&quot;335559739&quot;:0,&quot;335559740&quot;:240}\">\u00a0<\/span><\/p>\n","protected":false},"excerpt":{"rendered":"<p>El rector Mart\u00edn Aguilar subray\u00f3 que las ferias de libro dan un cuerpo monumental al binomio que representa el acto de leer<\/p>\n","protected":false},"author":1775,"featured_media":142804,"comment_status":"closed","ping_status":"closed","sticky":false,"template":"","format":"standard","meta":{"footnotes":""},"categories":[15423,16833,61,5174],"tags":[15715,1631,649,2028,10721,10620,543,16834,16933,8504,1738,16934,16936,3737,16932,16935,2342],"class_list":["post-142805","post","type-post","status-publish","format-standard","has-post-thumbnail","hentry","category-estudiantes","category-filu-2024","category-banner","category-elaboracion-del-programa-de-trabajo-2021-2025","tag-80-aniversario","tag-argentina","tag-chile","tag-compromiso","tag-cooperacion","tag-editoriales","tag-espana","tag-exilios","tag-facultad-de-artes-platicas","tag-foro-miguel-velez-arceo","tag-inauguracion","tag-justicia-global","tag-lazos-culturales","tag-mural","tag-paises-invitados","tag-promocion-de-la-paz","tag-uruguay"],"_links":{"self":[{"href":"https:\/\/www.uv.mx\/prensa\/wp-json\/wp\/v2\/posts\/142805","targetHints":{"allow":["GET"]}}],"collection":[{"href":"https:\/\/www.uv.mx\/prensa\/wp-json\/wp\/v2\/posts"}],"about":[{"href":"https:\/\/www.uv.mx\/prensa\/wp-json\/wp\/v2\/types\/post"}],"author":[{"embeddable":true,"href":"https:\/\/www.uv.mx\/prensa\/wp-json\/wp\/v2\/users\/1775"}],"replies":[{"embeddable":true,"href":"https:\/\/www.uv.mx\/prensa\/wp-json\/wp\/v2\/comments?post=142805"}],"version-history":[{"count":1,"href":"https:\/\/www.uv.mx\/prensa\/wp-json\/wp\/v2\/posts\/142805\/revisions"}],"predecessor-version":[{"id":142807,"href":"https:\/\/www.uv.mx\/prensa\/wp-json\/wp\/v2\/posts\/142805\/revisions\/142807"}],"wp:featuredmedia":[{"embeddable":true,"href":"https:\/\/www.uv.mx\/prensa\/wp-json\/wp\/v2\/media\/142804"}],"wp:attachment":[{"href":"https:\/\/www.uv.mx\/prensa\/wp-json\/wp\/v2\/media?parent=142805"}],"wp:term":[{"taxonomy":"category","embeddable":true,"href":"https:\/\/www.uv.mx\/prensa\/wp-json\/wp\/v2\/categories?post=142805"},{"taxonomy":"post_tag","embeddable":true,"href":"https:\/\/www.uv.mx\/prensa\/wp-json\/wp\/v2\/tags?post=142805"}],"curies":[{"name":"wp","href":"https:\/\/api.w.org\/{rel}","templated":true}]}}