{"id":142467,"date":"2024-05-02T12:37:06","date_gmt":"2024-05-02T17:37:06","guid":{"rendered":"https:\/\/www.uv.mx\/prensa\/?p=142467"},"modified":"2024-05-02T12:37:06","modified_gmt":"2024-05-02T17:37:06","slug":"uv-realizo-jornada-proyecta-empleo-2024","status":"publish","type":"post","link":"https:\/\/www.uv.mx\/prensa\/eventos\/uv-realizo-jornada-proyecta-empleo-2024\/","title":{"rendered":"UV realiz\u00f3 Jornada Proyecta Empleo 2024"},"content":{"rendered":"<ul>\n<li data-leveltext=\"\uf0b7\" data-font=\"Symbol\" data-listid=\"1\" data-list-defn-props=\"{&quot;335551671&quot;:0,&quot;335552541&quot;:1,&quot;335559685&quot;:720,&quot;335559991&quot;:360,&quot;469769226&quot;:&quot;Symbol&quot;,&quot;469769242&quot;:[8226],&quot;469777803&quot;:&quot;left&quot;,&quot;469777804&quot;:&quot;\uf0b7&quot;,&quot;469777815&quot;:&quot;hybridMultilevel&quot;}\" data-aria-posinset=\"0\" data-aria-level=\"1\"><i><span data-contrast=\"auto\">La finalidad es potenciar las habilidades para mejorar empleabilidad y desempe\u00f1o productivo<\/span><\/i><span data-ccp-props=\"{&quot;201341983&quot;:0,&quot;335559739&quot;:0,&quot;335559740&quot;:240}\">\u00a0<\/span><\/li>\n<li data-leveltext=\"\uf0b7\" data-font=\"Symbol\" data-listid=\"1\" data-list-defn-props=\"{&quot;335551671&quot;:0,&quot;335552541&quot;:1,&quot;335559685&quot;:720,&quot;335559991&quot;:360,&quot;469769226&quot;:&quot;Symbol&quot;,&quot;469769242&quot;:[8226],&quot;469777803&quot;:&quot;left&quot;,&quot;469777804&quot;:&quot;\uf0b7&quot;,&quot;469777815&quot;:&quot;hybridMultilevel&quot;}\" data-aria-posinset=\"0\" data-aria-level=\"1\"><i><span data-contrast=\"auto\">Se dieron a conocer oportunidades de vinculaci\u00f3n laboral<\/span><\/i><span data-ccp-props=\"{&quot;201341983&quot;:0,&quot;335559739&quot;:0,&quot;335559740&quot;:240}\">\u00a0<\/span><\/li>\n<li data-leveltext=\"\uf0b7\" data-font=\"Symbol\" data-listid=\"1\" data-list-defn-props=\"{&quot;335551671&quot;:0,&quot;335552541&quot;:1,&quot;335559685&quot;:720,&quot;335559991&quot;:360,&quot;469769226&quot;:&quot;Symbol&quot;,&quot;469769242&quot;:[8226],&quot;469777803&quot;:&quot;left&quot;,&quot;469777804&quot;:&quot;\uf0b7&quot;,&quot;469777815&quot;:&quot;hybridMultilevel&quot;}\" data-aria-posinset=\"0\" data-aria-level=\"1\"><i><span data-contrast=\"auto\">Especialistas en recursos humanos de empresas y organizaciones reconocidas a nivel global impartieron conferencias y talleres<\/span><\/i><span data-ccp-props=\"{&quot;201341983&quot;:0,&quot;335559739&quot;:0,&quot;335559740&quot;:240}\">\u00a0<\/span><\/li>\n<\/ul>\n<p><span data-ccp-props=\"{&quot;201341983&quot;:0,&quot;335559739&quot;:0,&quot;335559740&quot;:240}\">\u00a0<\/span><\/p>\n<div id=\"attachment_142352\" style=\"width: 732px\" class=\"wp-caption aligncenter\"><img aria-describedby=\"caption-attachment-142352\" decoding=\"async\" loading=\"lazy\" class=\"size-full wp-image-142352\" src=\"https:\/\/www.uv.mx\/prensa\/files\/2024\/04\/260424-COUTTOLENC-Jornada-proyecta-empleo-2-100k.jpg\" alt=\"\" width=\"722\" height=\"427\" \/><p id=\"caption-attachment-142352\" class=\"wp-caption-text\">Funcionarios y estudiantes de las cinco regiones universitarias, en la jornada virtual que se enmarc\u00f3 en las actividades por el D\u00eda del Trabajo<\/p><\/div>\n<p><span data-ccp-props=\"{&quot;134233117&quot;:false,&quot;134233118&quot;:false,&quot;201341983&quot;:0,&quot;335557856&quot;:16777215,&quot;335559738&quot;:0,&quot;335559739&quot;:0,&quot;335559740&quot;:240}\">\u00a0<\/span><\/p>\n<p><b><i><span data-contrast=\"auto\">Jos\u00e9 Luis Couttolenc Soto<\/span><\/i><\/b><span data-ccp-props=\"{&quot;134233117&quot;:false,&quot;134233118&quot;:false,&quot;201341983&quot;:0,&quot;335557856&quot;:16777215,&quot;335559738&quot;:0,&quot;335559739&quot;:0,&quot;335559740&quot;:240}\">\u00a0<\/span><\/p>\n<p><b><i><span data-contrast=\"auto\">Fotos: Omar Portilla Palacios<\/span><\/i><\/b><span data-ccp-props=\"{&quot;134233117&quot;:false,&quot;134233118&quot;:false,&quot;201341983&quot;:0,&quot;335557856&quot;:16777215,&quot;335559738&quot;:0,&quot;335559739&quot;:0,&quot;335559740&quot;:240}\">\u00a0<\/span><\/p>\n<p><span data-ccp-props=\"{&quot;134233117&quot;:false,&quot;134233118&quot;:false,&quot;201341983&quot;:0,&quot;335557856&quot;:16777215,&quot;335559738&quot;:0,&quot;335559739&quot;:0,&quot;335559740&quot;:240}\">\u00a0<\/span><\/p>\n<p><b><i><span data-contrast=\"auto\">02\/05\/2024, Xalapa, Ver.- <\/span><\/i><\/b><span data-contrast=\"auto\">En el marco de la celebraci\u00f3n del D\u00eda del Trabajo, la Universidad Veracruzana (UV), a trav\u00e9s de la Direcci\u00f3n General de Vinculaci\u00f3n (DGV), realiz\u00f3 la jornada virtual Proyecta Empleo 2024, en la que, a trav\u00e9s de videoconferencias <\/span><span data-contrast=\"auto\">y talleres,<\/span><span data-contrast=\"auto\"> especialistas en recursos humanos de empresas y organizaciones reconocidas a nivel global expusieron t\u00e9cnicas para mejorar la empleabilidad, inserci\u00f3n laboral y desempe\u00f1o productivo.<\/span><span data-ccp-props=\"{&quot;134233117&quot;:false,&quot;134233118&quot;:false,&quot;201341983&quot;:0,&quot;335557856&quot;:16777215,&quot;335559738&quot;:0,&quot;335559739&quot;:0,&quot;335559740&quot;:240}\">\u00a0<\/span><\/p>\n<p><span data-contrast=\"auto\">En el mensaje inaugural de las actividades, Seraf\u00edn Flores de la Cruz, titular de la DGV, record\u00f3 que en los 80 a\u00f1os de vida de la UV, en 1993 se crearon las brigadas universitarias para dar paso, en 1996, a la Direcci\u00f3n General de Vinculaci\u00f3n.<\/span><span data-ccp-props=\"{&quot;134233117&quot;:false,&quot;134233118&quot;:false,&quot;201341983&quot;:0,&quot;335557856&quot;:16777215,&quot;335559738&quot;:0,&quot;335559739&quot;:0,&quot;335559740&quot;:240}\">\u00a0<\/span><\/p>\n<p><span data-contrast=\"auto\">Expres\u00f3 que con 31 a\u00f1os de trabajo, el Departamento de Vinculaci\u00f3n, actualmente a cargo de Araceli Basurto Arriyaga, contribuye al proceso de formaci\u00f3n profesional de alta calidad, a trav\u00e9s del programa de inserci\u00f3n laboral.<\/span><span data-ccp-props=\"{&quot;134233117&quot;:false,&quot;134233118&quot;:false,&quot;201341983&quot;:0,&quot;335557856&quot;:16777215,&quot;335559738&quot;:0,&quot;335559739&quot;:0,&quot;335559740&quot;:240}\">\u00a0<\/span><\/p>\n<p><span data-contrast=\"auto\">Esta jornada, dijo, constituye una actividad trascendental, dado que el mercado laboral est\u00e1 cada vez m\u00e1s diversificado, lo que lo hace m\u00e1s competitivo y por ello es importante fortalecer las habilidades de la comunidad universitaria.<\/span><span data-ccp-props=\"{&quot;134233117&quot;:false,&quot;134233118&quot;:false,&quot;201341983&quot;:0,&quot;335557856&quot;:16777215,&quot;335559738&quot;:0,&quot;335559739&quot;:0,&quot;335559740&quot;:240}\">\u00a0<\/span><\/p>\n<p><span data-ccp-props=\"{&quot;134233117&quot;:false,&quot;134233118&quot;:false,&quot;201341983&quot;:0,&quot;335557856&quot;:16777215,&quot;335559738&quot;:0,&quot;335559739&quot;:0,&quot;335559740&quot;:240}\">\u00a0<\/span><\/p>\n<div id=\"attachment_142351\" style=\"width: 732px\" class=\"wp-caption aligncenter\"><img aria-describedby=\"caption-attachment-142351\" decoding=\"async\" loading=\"lazy\" class=\"size-full wp-image-142351\" src=\"https:\/\/www.uv.mx\/prensa\/files\/2024\/04\/260424-COUTTOLENC-Jornada-proyecta-empleo-1-100k.jpg\" alt=\"\" width=\"722\" height=\"392\" srcset=\"https:\/\/www.uv.mx\/prensa\/files\/2024\/04\/260424-COUTTOLENC-Jornada-proyecta-empleo-1-100k.jpg 722w, https:\/\/www.uv.mx\/prensa\/files\/2024\/04\/260424-COUTTOLENC-Jornada-proyecta-empleo-1-100k-300x163.jpg 300w\" sizes=\"(max-width: 722px) 100vw, 722px\" \/><p id=\"caption-attachment-142351\" class=\"wp-caption-text\">Seraf\u00edn Flores de la Cruz inaugur\u00f3 las actividades de Proyecto Empleo 2024<\/p><\/div>\n<p>&nbsp;<\/p>\n<p><b><span data-contrast=\"auto\">Liderazgo no es solo tener autoridad<\/span><\/b><span data-ccp-props=\"{&quot;134233117&quot;:false,&quot;134233118&quot;:false,&quot;201341983&quot;:0,&quot;335557856&quot;:16777215,&quot;335559738&quot;:0,&quot;335559739&quot;:0,&quot;335559740&quot;:240}\">\u00a0<\/span><\/p>\n<p><span data-contrast=\"auto\">Alejandro Cruz, gerente nacional de ventas de Fastenal M\u00e9xico, imparti\u00f3 la primera conferencia \u201cTodo lo que se necesita para ser un buen l\u00edder\u201d; destac\u00f3 que el liderazgo es la habilidad de saber guiar a otros para lograr un objetivo com\u00fan, pero tambi\u00e9n es la habilidad de inspirar.<\/span><span data-ccp-props=\"{&quot;134233117&quot;:false,&quot;134233118&quot;:false,&quot;201341983&quot;:0,&quot;335557856&quot;:16777215,&quot;335559738&quot;:0,&quot;335559739&quot;:0,&quot;335559740&quot;:240}\">\u00a0<\/span><\/p>\n<p><span data-contrast=\"auto\">Mencion\u00f3 que hay quienes aseguran que un idioma no va a llevar al \u00e9xito, lo que no aplica con el ingl\u00e9s porque es la lengua universal, la de los negocios internacionales, la que abre muchas puertas; por ello, aconsej\u00f3 combinar la educaci\u00f3n con el aprendizaje del ingl\u00e9s.<\/span><span data-ccp-props=\"{&quot;134233117&quot;:false,&quot;134233118&quot;:false,&quot;201341983&quot;:0,&quot;335557856&quot;:16777215,&quot;335559738&quot;:0,&quot;335559739&quot;:0,&quot;335559740&quot;:240}\">\u00a0<\/span><\/p>\n<p><span data-contrast=\"auto\">Se refiri\u00f3 tambi\u00e9n a la importancia de saber y reconocerse l\u00edderes, puntualizando que no es s\u00f3lo tener autoridad, hay que trabajar y prepararse para ello. \u201cUn l\u00edder tiene que dar el ejemplo, es la habilidad de inspirar\u201d.<\/span><span data-ccp-props=\"{&quot;134233117&quot;:false,&quot;134233118&quot;:false,&quot;201341983&quot;:0,&quot;335557856&quot;:16777215,&quot;335559738&quot;:0,&quot;335559739&quot;:0,&quot;335559740&quot;:240}\">\u00a0<\/span><\/p>\n<p>&nbsp;<\/p>\n<div id=\"attachment_142353\" style=\"width: 732px\" class=\"wp-caption aligncenter\"><img aria-describedby=\"caption-attachment-142353\" decoding=\"async\" loading=\"lazy\" class=\"size-full wp-image-142353\" src=\"https:\/\/www.uv.mx\/prensa\/files\/2024\/04\/260424-COUTTOLENC-Jornada-proyecta-empleo-3-100k.jpg\" alt=\"\" width=\"722\" height=\"392\" \/><p id=\"caption-attachment-142353\" class=\"wp-caption-text\">A trav\u00e9s de videoconferencias y talleres, especialistas en recursos humanos expusieron t\u00e9cnicas para mejorar la empleabilidad, inserci\u00f3n laboral y desempe\u00f1o productivo<\/p><\/div>\n<p>&nbsp;<\/p>\n<p><span data-contrast=\"auto\">Por \u00faltimo, reiter\u00f3 que el l\u00edder debe tener un plan y visi\u00f3n para inspirar a su equipo de trabajo, por lo que recomend\u00f3: identificar y analizar sus fortalezas, debilidades, oportunidades y amenazas; conocer en qu\u00e9 se es bueno y enfocar ah\u00ed las habilidades espec\u00edficas; hacer lo que a uno le gusta y trabajar en ello; leer e investigar para no quedarse s\u00f3lo con lo que se sabe; buscar roles de liderazgo y tener paciencia. \u201cEsto no llega de la noche a la ma\u00f1ana\u201d.<\/span><span data-ccp-props=\"{&quot;134233117&quot;:false,&quot;134233118&quot;:false,&quot;201341983&quot;:0,&quot;335557856&quot;:16777215,&quot;335559738&quot;:0,&quot;335559739&quot;:0,&quot;335559740&quot;:240}\">\u00a0<\/span><\/p>\n<p><span data-contrast=\"auto\">Las actividades fueron seguidas de manera virtual por acad\u00e9micos y trabajadores de las cinco regiones universitarias; estudiantes, egresados y prestadores de servicio social, tutor\u00edas, pr\u00e1cticas profesionales y de las bolsas de trabajo de entidades.<\/span><span data-ccp-props=\"{&quot;134233117&quot;:false,&quot;134233118&quot;:false,&quot;201341983&quot;:0,&quot;335557856&quot;:16777215,&quot;335559738&quot;:0,&quot;335559739&quot;:0,&quot;335559740&quot;:240}\">\u00a0<\/span><\/p>\n","protected":false},"excerpt":{"rendered":"<p>Con 31 a\u00f1os de trabajo, la Direcci\u00f3n General de Vinculaci\u00f3n contribuye a la formaci\u00f3n de profesionales para el desarrollo cient\u00edfico, econ\u00f3mico, social y cultural de Veracruz y M\u00e9xico\u00a0<\/p>\n","protected":false},"author":2349,"featured_media":142355,"comment_status":"closed","ping_status":"closed","sticky":false,"template":"","format":"standard","meta":[],"categories":[47,61,5174],"tags":[15715,92,16784,2757,244,9055,16786,6865,16783,4162,2407,2521,16785,6462],"_links":{"self":[{"href":"https:\/\/www.uv.mx\/prensa\/wp-json\/wp\/v2\/posts\/142467"}],"collection":[{"href":"https:\/\/www.uv.mx\/prensa\/wp-json\/wp\/v2\/posts"}],"about":[{"href":"https:\/\/www.uv.mx\/prensa\/wp-json\/wp\/v2\/types\/post"}],"author":[{"embeddable":true,"href":"https:\/\/www.uv.mx\/prensa\/wp-json\/wp\/v2\/users\/2349"}],"replies":[{"embeddable":true,"href":"https:\/\/www.uv.mx\/prensa\/wp-json\/wp\/v2\/comments?post=142467"}],"version-history":[{"count":1,"href":"https:\/\/www.uv.mx\/prensa\/wp-json\/wp\/v2\/posts\/142467\/revisions"}],"predecessor-version":[{"id":142473,"href":"https:\/\/www.uv.mx\/prensa\/wp-json\/wp\/v2\/posts\/142467\/revisions\/142473"}],"wp:featuredmedia":[{"embeddable":true,"href":"https:\/\/www.uv.mx\/prensa\/wp-json\/wp\/v2\/media\/142355"}],"wp:attachment":[{"href":"https:\/\/www.uv.mx\/prensa\/wp-json\/wp\/v2\/media?parent=142467"}],"wp:term":[{"taxonomy":"category","embeddable":true,"href":"https:\/\/www.uv.mx\/prensa\/wp-json\/wp\/v2\/categories?post=142467"},{"taxonomy":"post_tag","embeddable":true,"href":"https:\/\/www.uv.mx\/prensa\/wp-json\/wp\/v2\/tags?post=142467"}],"curies":[{"name":"wp","href":"https:\/\/api.w.org\/{rel}","templated":true}]}}