{"id":141738,"date":"2024-04-13T07:55:06","date_gmt":"2024-04-13T12:55:06","guid":{"rendered":"https:\/\/www.uv.mx\/prensa\/?p=141738"},"modified":"2024-04-15T12:49:49","modified_gmt":"2024-04-15T17:49:49","slug":"alumnas-de-ingenieria-civil-uv-innovan-en-adoquin-con-malla-de-pet","status":"publish","type":"post","link":"https:\/\/www.uv.mx\/prensa\/regiones\/alumnas-de-ingenieria-civil-uv-innovan-en-adoquin-con-malla-de-pet\/","title":{"rendered":"Alumnas de Ingenier\u00eda Civil UV innovan en adoqu\u00edn con malla de PET"},"content":{"rendered":"<ul>\n<li><em><span class=\"TextRun SCXW48883835 BCX8\" lang=\"ES-ES\" xml:lang=\"ES-ES\" data-contrast=\"auto\"><span class=\"NormalTextRun SCXW48883835 BCX8\">Wendy <\/span><span class=\"NormalTextRun SCXW48883835 BCX8\">Sugey<\/span><span class=\"NormalTextRun SCXW48883835 BCX8\"> Gallegos Carballo y \u200b<\/span><span class=\"NormalTextRun SCXW48883835 BCX8\">Lize<\/span><span class=\"NormalTextRun SCXW48883835 BCX8\">th<\/span><span class=\"NormalTextRun SCXW48883835 BCX8\"> Guadalupe Hern\u00e1ndez Mart\u00ednez<\/span><span class=\"NormalTextRun SCXW48883835 BCX8\">, alumnas del noveno <\/span><span class=\"NormalTextRun SCXW48883835 BCX8\">periodo<\/span><span class=\"NormalTextRun SCXW48883835 BCX8\"> de la Facultad de Ingenier\u00eda Civil<\/span><span class=\"NormalTextRun SCXW48883835 BCX8\"> en Poza Rica,<\/span><span class=\"NormalTextRun SCXW48883835 BCX8\"> desarrollan<\/span><span class=\"NormalTextRun SCXW48883835 BCX8\"> la investigaci\u00f3n<\/span><\/span><span class=\"EOP SCXW48883835 BCX8\" data-ccp-props=\"{&quot;201341983&quot;:0,&quot;335559739&quot;:0,&quot;335559740&quot;:240}\">\u00a0<\/span><\/em><\/li>\n<\/ul>\n<p>&nbsp;<\/p>\n<div id=\"attachment_141659\" style=\"width: 491px\" class=\"wp-caption aligncenter\"><a href=\"https:\/\/www.uv.mx\/prensa\/files\/2024\/04\/100424-Celia-Alumnas-FIC-PozaRica-1.jpg\"><img aria-describedby=\"caption-attachment-141659\" decoding=\"async\" loading=\"lazy\" class=\"size-full wp-image-141659\" src=\"https:\/\/www.uv.mx\/prensa\/files\/2024\/04\/100424-Celia-Alumnas-FIC-PozaRica-1.jpg\" alt=\"\" width=\"481\" height=\"623\" srcset=\"https:\/\/www.uv.mx\/prensa\/files\/2024\/04\/100424-Celia-Alumnas-FIC-PozaRica-1.jpg 481w, https:\/\/www.uv.mx\/prensa\/files\/2024\/04\/100424-Celia-Alumnas-FIC-PozaRica-1-232x300.jpg 232w\" sizes=\"(max-width: 481px) 100vw, 481px\" \/><\/a><p id=\"caption-attachment-141659\" class=\"wp-caption-text\">Ensayo de la compresi\u00f3n de adoquines<\/p><\/div>\n<p>&nbsp;<\/p>\n<p><b><i><span data-contrast=\"auto\">Alma Celia San Mart\u00edn Cruz<\/span><\/i><\/b><span data-ccp-props=\"{&quot;201341983&quot;:0,&quot;335559739&quot;:0,&quot;335559740&quot;:240}\">\u00a0<\/span><\/p>\n<p><b><i><span data-contrast=\"auto\">Fotos: Facultad de Ingenier\u00eda Civil<\/span><\/i><\/b><span data-ccp-props=\"{&quot;201341983&quot;:0,&quot;335559739&quot;:0,&quot;335559740&quot;:240}\">\u00a0<\/span><\/p>\n<p><b><i><span data-contrast=\"auto\">12\/04\/2024, Poza Rica, Ver.- <\/span><\/i><\/b><span data-contrast=\"auto\">Wendy Sugey Gallegos Carballo y Lizeth Guadalupe Hern\u00e1ndez Mart\u00ednez, estudiantes de noveno periodo de la <a href=\"https:\/\/www.uv.mx\/pozarica\/ingenieriacivil\/\" target=\"_blank\" rel=\"noopener\">Facultad de Ingenier\u00eda Civil<\/a> (FIC) de la Universidad Veracruzana (UV), desarrollaron la investigaci\u00f3n \u201cEvaluaci\u00f3n de la resistencia a la compresi\u00f3n en adoquines tipo I, elaborados de mortero y reforzados con una malla de tereftalato de polietileno (PET)\u201d.<\/span><span data-ccp-props=\"{&quot;201341983&quot;:0,&quot;335559739&quot;:0,&quot;335559740&quot;:240}\">\u00a0<\/span><\/p>\n<p><span data-contrast=\"auto\">El proyecto gener\u00f3 resultados prometedores porque gracias a la malla de PET incluida en los adoquines se increment\u00f3 su resistencia a la compresi\u00f3n en un porcentaje significativo, cercano al 58%. De tal forma que se est\u00e1n consiguiendo dos grandes aportaciones: mejorar la capacidad de resistencia de un material de construcci\u00f3n y darle un re\u00faso importante a las botellas de desecho de PET.<\/span><span data-ccp-props=\"{&quot;201341983&quot;:0,&quot;335559739&quot;:0,&quot;335559740&quot;:240}\">\u00a0<\/span><\/p>\n<p>&nbsp;<\/p>\n<div id=\"attachment_141660\" style=\"width: 732px\" class=\"wp-caption aligncenter\"><a href=\"https:\/\/www.uv.mx\/prensa\/files\/2024\/04\/100424-Celia-Alumnas-FIC-PozaRica-2.jpg\"><img aria-describedby=\"caption-attachment-141660\" decoding=\"async\" loading=\"lazy\" class=\"size-full wp-image-141660\" src=\"https:\/\/www.uv.mx\/prensa\/files\/2024\/04\/100424-Celia-Alumnas-FIC-PozaRica-2.jpg\" alt=\"\" width=\"722\" height=\"505\" \/><\/a><p id=\"caption-attachment-141660\" class=\"wp-caption-text\">Colocaci\u00f3n de la malla de PET, como parte de la investigaci\u00f3n<\/p><\/div>\n<p>&nbsp;<\/p>\n<p><span data-contrast=\"auto\">Gallegos Carballo explic\u00f3 que las principales tareas desarrolladas durante su investigaci\u00f3n fueron la revisi\u00f3n bibliogr\u00e1fica de innovaciones en adoquines y en su normativa, el dise\u00f1o de la geometr\u00eda de los mismos y sus moldes para uso peatonal, determinaci\u00f3n de la mezcla de mortero con que se elaboran, definici\u00f3n de la malla de PET que se us\u00f3 para su refuerzo, construcci\u00f3n de los espec\u00edmenes de prueba, y las pruebas en una prensa para determinar su resistencia a la compresi\u00f3n.<\/span><span data-ccp-props=\"{&quot;201341983&quot;:0,&quot;335559739&quot;:0,&quot;335559740&quot;:240}\">\u00a0<\/span><\/p>\n<p><span data-contrast=\"auto\">Por su parte, Hern\u00e1ndez Mart\u00ednez comparti\u00f3 que recientemente presentaron los resultados como parte de los requisitos para acreditar una experiencia profesional, obteniendo menci\u00f3n especial por su destacado trabajo.<\/span><span data-ccp-props=\"{&quot;201341983&quot;:0,&quot;335559731&quot;:708,&quot;335559739&quot;:0,&quot;335559740&quot;:240}\">\u00a0<\/span><\/p>\n<p>&nbsp;<\/p>\n<div id=\"attachment_141661\" style=\"width: 732px\" class=\"wp-caption aligncenter\"><a href=\"https:\/\/www.uv.mx\/prensa\/files\/2024\/04\/100424-Celia-Alumnas-FIC-PozaRica-3.jpg\"><img aria-describedby=\"caption-attachment-141661\" decoding=\"async\" loading=\"lazy\" class=\"size-full wp-image-141661\" src=\"https:\/\/www.uv.mx\/prensa\/files\/2024\/04\/100424-Celia-Alumnas-FIC-PozaRica-3.jpg\" alt=\"\" width=\"722\" height=\"405\" srcset=\"https:\/\/www.uv.mx\/prensa\/files\/2024\/04\/100424-Celia-Alumnas-FIC-PozaRica-3.jpg 722w, https:\/\/www.uv.mx\/prensa\/files\/2024\/04\/100424-Celia-Alumnas-FIC-PozaRica-3-300x168.jpg 300w\" sizes=\"(max-width: 722px) 100vw, 722px\" \/><\/a><p id=\"caption-attachment-141661\" class=\"wp-caption-text\">Con la mezcla de mortero, las estudiantes elaboraron los materiales<\/p><\/div>\n<p>&nbsp;<\/p>\n<p><span data-contrast=\"auto\">El proyecto fue dirigido por Jos\u00e9 Luis S\u00e1nchez Amador, con la colaboraci\u00f3n del director de la FIC, Armando S\u00e1nchez Mel\u00e9ndez, ambos integrantes del cuerpo acad\u00e9mico (CA) Estructuras, debido a que tienen diversos proyectos relacionados con el re\u00faso de materiales de desecho para la elaboraci\u00f3n de morteros y concretos.<\/span><span data-ccp-props=\"{&quot;201341983&quot;:0,&quot;335559739&quot;:0,&quot;335559740&quot;:240}\">\u00a0<\/span><\/p>\n<p><span data-contrast=\"auto\">S\u00e1nchez Amador destac\u00f3 que este tipo de proyectos de investigaci\u00f3n e innovaci\u00f3n est\u00e1n alineados con el Plan de Trabajo 2021-2025, particularmente con el objetivo que precisa impulsar una agenda para el desarrollo de investigaci\u00f3n encaminada al cuidado del ambiente. Se\u00f1al\u00f3 que esta fase del proyecto es muy importante, ya que los resultados obtenidos invitan a seguir investigando sobre el tema.<\/span><span data-ccp-props=\"{&quot;201341983&quot;:0,&quot;335559739&quot;:0,&quot;335559740&quot;:240}\">\u00a0<\/span><\/p>\n<p><span data-contrast=\"auto\">Actualmente, las estudiantes elaboran un art\u00edculo relacionado con su tesis para ser publicado en una revista especializada.<\/span><span data-ccp-props=\"{&quot;201341983&quot;:0,&quot;335559739&quot;:0,&quot;335559740&quot;:240}\">\u00a0<\/span><\/p>\n<p>&nbsp;<\/p>\n<div id=\"attachment_141662\" style=\"width: 732px\" class=\"wp-caption aligncenter\"><a href=\"https:\/\/www.uv.mx\/prensa\/files\/2024\/04\/100424-Celia-Alumnas-FIC-PozaRica-4.jpg\"><img aria-describedby=\"caption-attachment-141662\" decoding=\"async\" loading=\"lazy\" class=\"size-full wp-image-141662\" src=\"https:\/\/www.uv.mx\/prensa\/files\/2024\/04\/100424-Celia-Alumnas-FIC-PozaRica-4.jpg\" alt=\"\" width=\"722\" height=\"382\" srcset=\"https:\/\/www.uv.mx\/prensa\/files\/2024\/04\/100424-Celia-Alumnas-FIC-PozaRica-4.jpg 722w, https:\/\/www.uv.mx\/prensa\/files\/2024\/04\/100424-Celia-Alumnas-FIC-PozaRica-4-300x159.jpg 300w\" sizes=\"(max-width: 722px) 100vw, 722px\" \/><\/a><p id=\"caption-attachment-141662\" class=\"wp-caption-text\">Wendy Sugey Gallegos Carballo y Lizeth Guadalupe Hern\u00e1ndez Mart\u00ednez obtuvieron menci\u00f3n especial por la investigaci\u00f3n realizada<\/p><\/div>\n<p><span data-ccp-props=\"{&quot;201341983&quot;:0,&quot;335559739&quot;:0,&quot;335559740&quot;:240}\">\u00a0<\/span><\/p>\n","protected":false},"excerpt":{"rendered":"<p>Con el proyecto \u201cEvaluaci\u00f3n de la resistencia a la compresi\u00f3n en adoquines tipo I, elaborados de mortero y reforzados con una malla de PET\u201d <\/p>\n","protected":false},"author":1809,"featured_media":141735,"comment_status":"closed","ping_status":"closed","sticky":false,"template":"","format":"standard","meta":[],"categories":[45,15423,54,61,32],"tags":[16506,4339,16508,16507,13754,16271,16504,16505,16510,13926,16509,11217],"_links":{"self":[{"href":"https:\/\/www.uv.mx\/prensa\/wp-json\/wp\/v2\/posts\/141738"}],"collection":[{"href":"https:\/\/www.uv.mx\/prensa\/wp-json\/wp\/v2\/posts"}],"about":[{"href":"https:\/\/www.uv.mx\/prensa\/wp-json\/wp\/v2\/types\/post"}],"author":[{"embeddable":true,"href":"https:\/\/www.uv.mx\/prensa\/wp-json\/wp\/v2\/users\/1809"}],"replies":[{"embeddable":true,"href":"https:\/\/www.uv.mx\/prensa\/wp-json\/wp\/v2\/comments?post=141738"}],"version-history":[{"count":1,"href":"https:\/\/www.uv.mx\/prensa\/wp-json\/wp\/v2\/posts\/141738\/revisions"}],"predecessor-version":[{"id":141782,"href":"https:\/\/www.uv.mx\/prensa\/wp-json\/wp\/v2\/posts\/141738\/revisions\/141782"}],"wp:featuredmedia":[{"embeddable":true,"href":"https:\/\/www.uv.mx\/prensa\/wp-json\/wp\/v2\/media\/141735"}],"wp:attachment":[{"href":"https:\/\/www.uv.mx\/prensa\/wp-json\/wp\/v2\/media?parent=141738"}],"wp:term":[{"taxonomy":"category","embeddable":true,"href":"https:\/\/www.uv.mx\/prensa\/wp-json\/wp\/v2\/categories?post=141738"},{"taxonomy":"post_tag","embeddable":true,"href":"https:\/\/www.uv.mx\/prensa\/wp-json\/wp\/v2\/tags?post=141738"}],"curies":[{"name":"wp","href":"https:\/\/api.w.org\/{rel}","templated":true}]}}