{"id":141736,"date":"2024-04-12T13:19:38","date_gmt":"2024-04-12T18:19:38","guid":{"rendered":"https:\/\/www.uv.mx\/prensa\/?p=141736"},"modified":"2024-04-15T13:29:38","modified_gmt":"2024-04-15T18:29:38","slug":"modificacion-del-clima-provoca-dinamica-de-laderas-en-pico-de-orizaba","status":"publish","type":"post","link":"https:\/\/www.uv.mx\/prensa\/ciencia\/modificacion-del-clima-provoca-dinamica-de-laderas-en-pico-de-orizaba\/","title":{"rendered":"Modificaci\u00f3n del clima provoca din\u00e1mica de laderas en Pico de Orizaba"},"content":{"rendered":"<ul>\n<li data-leveltext=\"\uf0b7\" data-font=\"Symbol\" data-listid=\"1\" data-list-defn-props=\"{&quot;335551671&quot;:0,&quot;335552541&quot;:1,&quot;335559685&quot;:720,&quot;335559991&quot;:360,&quot;469769226&quot;:&quot;Symbol&quot;,&quot;469769242&quot;:[8226],&quot;469777803&quot;:&quot;left&quot;,&quot;469777804&quot;:&quot;\uf0b7&quot;,&quot;469777815&quot;:&quot;hybridMultilevel&quot;}\" data-aria-posinset=\"0\" data-aria-level=\"1\"><i><span data-contrast=\"auto\">Aludes de enormes rocas, riesgo para pobladores y turismo de aventura<\/span><\/i><span data-ccp-props=\"{&quot;201341983&quot;:0,&quot;335559739&quot;:0,&quot;335559740&quot;:240}\">\u00a0<\/span><\/li>\n<li data-leveltext=\"\uf0b7\" data-font=\"Symbol\" data-listid=\"1\" data-list-defn-props=\"{&quot;335551671&quot;:0,&quot;335552541&quot;:1,&quot;335559685&quot;:720,&quot;335559991&quot;:360,&quot;469769226&quot;:&quot;Symbol&quot;,&quot;469769242&quot;:[8226],&quot;469777803&quot;:&quot;left&quot;,&quot;469777804&quot;:&quot;\uf0b7&quot;,&quot;469777815&quot;:&quot;hybridMultilevel&quot;}\" data-aria-posinset=\"0\" data-aria-level=\"1\"><i><span data-contrast=\"auto\">La Lengua de Jamapa, enorme macizo glaciar, ha desaparecido por completo<\/span><\/i><span data-ccp-props=\"{&quot;201341983&quot;:0,&quot;335559739&quot;:0,&quot;335559740&quot;:240}\">\u00a0<\/span><\/li>\n<\/ul>\n<p><span data-ccp-props=\"{&quot;201341983&quot;:0,&quot;335559739&quot;:0,&quot;335559740&quot;:240}\">\u00a0<\/span><\/p>\n<div id=\"attachment_141693\" style=\"width: 732px\" class=\"wp-caption aligncenter\"><img aria-describedby=\"caption-attachment-141693\" decoding=\"async\" loading=\"lazy\" class=\"size-full wp-image-141693\" src=\"https:\/\/www.uv.mx\/prensa\/files\/2024\/04\/12-04-2024-PACHECO-Pico-de-Orizaba-Foto-2.jpg\" alt=\"\" width=\"722\" height=\"406\" srcset=\"https:\/\/www.uv.mx\/prensa\/files\/2024\/04\/12-04-2024-PACHECO-Pico-de-Orizaba-Foto-2.jpg 722w, https:\/\/www.uv.mx\/prensa\/files\/2024\/04\/12-04-2024-PACHECO-Pico-de-Orizaba-Foto-2-300x169.jpg 300w\" sizes=\"(max-width: 722px) 100vw, 722px\" \/><p id=\"caption-attachment-141693\" class=\"wp-caption-text\">El Pico de Orizaba ha perdido el 23% de su glaciar en los \u00faltimos tres a\u00f1os<\/p><\/div>\n<p><span data-ccp-props=\"{&quot;201341983&quot;:0,&quot;335559739&quot;:0,&quot;335559740&quot;:240}\">\u00a0<\/span><\/p>\n<p><b><i><span data-contrast=\"auto\">Jorge V\u00e1zquez Pacheco<\/span><\/i><\/b><span data-ccp-props=\"{&quot;201341983&quot;:0,&quot;335559739&quot;:0,&quot;335559740&quot;:240}\">\u00a0<\/span><\/p>\n<p><b><i><span data-contrast=\"auto\">Fotos: Luis Fernando Fern\u00e1ndez<\/span><\/i><\/b><span data-ccp-props=\"{&quot;201341983&quot;:0,&quot;335559739&quot;:0,&quot;335559740&quot;:240}\">\u00a0<\/span><\/p>\n<p><span data-ccp-props=\"{&quot;201341983&quot;:0,&quot;335559739&quot;:0,&quot;335559740&quot;:240}\">\u00a0<\/span><\/p>\n<p><b><i><span data-contrast=\"auto\">12\/04\/2024, Xalapa, Ver.-<\/span><\/i><\/b> <span data-contrast=\"auto\">V\u00edctor Soto, maestro en Ciencias del Ambiente por la Universidad Veracruzana (UV) y doctor en Geograf\u00eda por la Universidad Nacional Aut\u00f3noma de M\u00e9xico (UNAM), expres\u00f3 que la creciente din\u00e1mica de laderas se erige como riesgo para pobladores y turismo de aventura en el Pico de Orizaba, adem\u00e1s de que preocupan los efectos de la oscilaci\u00f3n t\u00e9rmica y retracci\u00f3n del glaciar.<\/span><span data-ccp-props=\"{&quot;201341983&quot;:0,&quot;335559739&quot;:0,&quot;335559740&quot;:240}\">\u00a0<\/span><\/p>\n<p><span data-contrast=\"auto\">En su conferencia \u201c\u00bfQu\u00e9 sucede tras la retracci\u00f3n del hielo glaciar del Pico de Orizaba? Escenarios futuros de la din\u00e1mica de sus laderas\u201d, coordinada por el <a href=\"https:\/\/www.uv.mx\/cienti\/\" target=\"_blank\" rel=\"noopener\">Centro de Ciencias de la Tierra<\/a> de la UV, indic\u00f3 que dicha situaci\u00f3n \u201cno s\u00f3lo motiva la desaparici\u00f3n de la masa de hielo, sino tambi\u00e9n la fatiga sobre la roca bas\u00e1ltica, que posee baja resistencia a estos procesos y desprende pe\u00f1ascos del tama\u00f1o de un autom\u00f3vil\u201d.<\/span><span data-ccp-props=\"{&quot;201341983&quot;:0,&quot;335559739&quot;:0,&quot;335559740&quot;:240}\">\u00a0<\/span><span data-ccp-props=\"{&quot;201341983&quot;:0,&quot;335559739&quot;:0,&quot;335559740&quot;:240}\">\u00a0<\/span><\/p>\n<p>&nbsp;<\/p>\n<div id=\"attachment_141692\" style=\"width: 732px\" class=\"wp-caption aligncenter\"><img aria-describedby=\"caption-attachment-141692\" decoding=\"async\" loading=\"lazy\" class=\"size-full wp-image-141692\" src=\"https:\/\/www.uv.mx\/prensa\/files\/2024\/04\/12-04-2024-PACHECO-Pico-de-Orizaba-Foto-1.jpg\" alt=\"\" width=\"722\" height=\"405\" srcset=\"https:\/\/www.uv.mx\/prensa\/files\/2024\/04\/12-04-2024-PACHECO-Pico-de-Orizaba-Foto-1.jpg 722w, https:\/\/www.uv.mx\/prensa\/files\/2024\/04\/12-04-2024-PACHECO-Pico-de-Orizaba-Foto-1-300x168.jpg 300w\" sizes=\"(max-width: 722px) 100vw, 722px\" \/><p id=\"caption-attachment-141692\" class=\"wp-caption-text\">V\u00edctor Soto, doctor en Geograf\u00eda por la UNAM y maestro en Ciencias del Ambiente por la UV<\/p><\/div>\n<p>&nbsp;<\/p>\n<p><b><span data-contrast=\"auto\">Los efectos de la pronunciada curva clim\u00e1tica<\/span><\/b><span data-ccp-props=\"{&quot;201341983&quot;:0,&quot;335559739&quot;:0,&quot;335559740&quot;:240}\">\u00a0<\/span><\/p>\n<p><span data-contrast=\"auto\">\u201cLas condiciones actuales de los hielos en M\u00e9xico muestran mayor susceptibilidad a los patrones del clima\u201d, dijo V\u00edctor Soto y agreg\u00f3 que el Pico de Orizaba, al igual que el Popocat\u00e9petl, hab\u00eda registrado un promedio de retroceso en su glaciar del 3% anual, cuando su profundidad rondaba los 23 metros en 2019.<\/span><span data-ccp-props=\"{&quot;201341983&quot;:0,&quot;335559739&quot;:0,&quot;335559740&quot;:240}\">\u00a0<\/span><\/p>\n<p><span data-contrast=\"auto\">Lament\u00f3 que esta p\u00e9rdida se haya acelerado en a\u00f1os recientes; para ello, mostr\u00f3 gr\u00e1ficas de 2011 que ya se\u00f1alaban el amplio basamento rocoso.<\/span><span data-ccp-props=\"{&quot;201341983&quot;:0,&quot;335559731&quot;:708,&quot;335559739&quot;:0,&quot;335559740&quot;:240}\">\u00a0<\/span><\/p>\n<p><span data-contrast=\"auto\">\u201cCuando existe mayor o menor presencia de acumulaci\u00f3n y transformaci\u00f3n de s\u00f3lido a vapor sin paso por estado l\u00edquido, hablamos de un desequilibrio por tres factores: d\u00e9ficit de precipitaci\u00f3n, temperatura del aire superior a los cero grados o super\u00e1vit de energ\u00eda superficial. Es esto lo que ocurre en el Pico de Orizaba; ha mostrado tasa de retroceso producto del incremento de la temperatura en la zona aleda\u00f1a.\u201d<\/span><span data-ccp-props=\"{&quot;201341983&quot;:0,&quot;335559739&quot;:0,&quot;335559740&quot;:240}\">\u00a0<\/span><\/p>\n<p><span data-contrast=\"auto\">El basalto de origen volc\u00e1nico registra alta absorci\u00f3n cal\u00f3rica, almacena energ\u00eda y la transfiere al hielo, que se derrite por esa irradiaci\u00f3n de energ\u00eda. Eso incide en el retroceso o desaparici\u00f3n de un glaciar, que genera como consecuencia enorme inestabilidad por oscilaci\u00f3n diurna y nocturna con hasta 20 grados de diferencia.<\/span><span data-ccp-props=\"{&quot;201341983&quot;:0,&quot;335559739&quot;:0,&quot;335559740&quot;:240}\">\u00a0<\/span><\/p>\n<p><span data-ccp-props=\"{&quot;201341983&quot;:0,&quot;335559739&quot;:0,&quot;335559740&quot;:240}\">\u00a0<\/span><\/p>\n<div id=\"attachment_141694\" style=\"width: 732px\" class=\"wp-caption aligncenter\"><img aria-describedby=\"caption-attachment-141694\" decoding=\"async\" loading=\"lazy\" class=\"size-full wp-image-141694\" src=\"https:\/\/www.uv.mx\/prensa\/files\/2024\/04\/12-04-2024-PACHECO-Pico-de-Orizaba-Foto-3.jpg\" alt=\"\" width=\"722\" height=\"406\" srcset=\"https:\/\/www.uv.mx\/prensa\/files\/2024\/04\/12-04-2024-PACHECO-Pico-de-Orizaba-Foto-3.jpg 722w, https:\/\/www.uv.mx\/prensa\/files\/2024\/04\/12-04-2024-PACHECO-Pico-de-Orizaba-Foto-3-300x169.jpg 300w\" sizes=\"(max-width: 722px) 100vw, 722px\" \/><p id=\"caption-attachment-141694\" class=\"wp-caption-text\">La transformaci\u00f3n del agua en hielo logra fracturar la roca de origen volc\u00e1nico<\/p><\/div>\n<p>&nbsp;<\/p>\n<p><b><span data-contrast=\"auto\">\u00bfC\u00f3mo se afecta la roca volc\u00e1nica?<\/span><\/b><span data-ccp-props=\"{&quot;201341983&quot;:0,&quot;335559739&quot;:0,&quot;335559740&quot;:240}\">\u00a0<\/span><\/p>\n<p><span data-contrast=\"auto\">El calor dilata los cuerpos durante la temperatura positiva, la roca de origen volc\u00e1nico \u2013fr\u00e1gil y de escasa elasticidad\u2013 se expande, llega al cl\u00edmax y esta inflexi\u00f3n por ca\u00edda en la temperatura se traduce en p\u00e9rdida de sus propiedades y en microfisuras. Al retener agua que se congela, sufre la presi\u00f3n hidrost\u00e1tica y se resquebraja.<\/span><span data-ccp-props=\"{&quot;201341983&quot;:0,&quot;335559739&quot;:0,&quot;335559740&quot;:240}\">\u00a0<\/span><\/p>\n<p><span data-contrast=\"auto\">El conferencista mostr\u00f3 las pronunciadas curvas en las l\u00edneas de fluctuaci\u00f3n t\u00e9rmica en s\u00f3lo 60 minutos y su ca\u00edda en ese breve lapso; de la \u201cLengua de Jamapa\u201d, dijo que a principios de la d\u00e9cada de 1970 se desprend\u00eda del cuerpo del glaciar, hoy ha desaparecido totalmente y en su lugar se aprecian los efectos de la din\u00e1mica de laderas, con desprendimientos de enormes bloques de roca que ya no logran mantenerse unidas a las laderas.<\/span><span data-ccp-props=\"{&quot;201341983&quot;:0,&quot;335559739&quot;:0,&quot;335559740&quot;:240}\">\u00a0<\/span><\/p>\n<p><span data-contrast=\"auto\">As\u00ed, los grandes macizos retroceden, pierden volumen y se depositan ladera abajo. \u00bfCu\u00e1l es la consecuencia? Que la monta\u00f1a pierde altura. Al final, el riesgo de \u00edndole geomorfol\u00f3gico es una realidad en contra de muchas decenas de miles de pobladores, para escaladores y turistas.<\/span><\/p>\n<div id=\"attachment_141695\" style=\"width: 732px\" class=\"wp-caption aligncenter\"><img aria-describedby=\"caption-attachment-141695\" decoding=\"async\" loading=\"lazy\" class=\"size-full wp-image-141695\" src=\"https:\/\/www.uv.mx\/prensa\/files\/2024\/04\/12-04-2024-PACHECO-Pico-de-Orizaba-Foto-4.jpg\" alt=\"\" width=\"722\" height=\"432\" \/><p id=\"caption-attachment-141695\" class=\"wp-caption-text\">La Lengua de Jamapa, un fragmento del glaciar hoy totalmente desaparecido<\/p><\/div>\n","protected":false},"excerpt":{"rendered":"<p>La roca volc\u00e1nica es fr\u00e1gil y susceptible de afectarse por cambios de temperatura. Su desprendimiento en derrumbes provoca disminuci\u00f3n gradual en altura y dimensiones de la monta\u00f1a<\/p>\n","protected":false},"author":2349,"featured_media":141696,"comment_status":"closed","ping_status":"closed","sticky":false,"template":"","format":"standard","meta":[],"categories":[45,15424,61,6299],"tags":[15288,1269,3932,16501,7164,16499,13723,16503,10523,10525,16502,6221,6799,16500,8327,16498,15877],"_links":{"self":[{"href":"https:\/\/www.uv.mx\/prensa\/wp-json\/wp\/v2\/posts\/141736"}],"collection":[{"href":"https:\/\/www.uv.mx\/prensa\/wp-json\/wp\/v2\/posts"}],"about":[{"href":"https:\/\/www.uv.mx\/prensa\/wp-json\/wp\/v2\/types\/post"}],"author":[{"embeddable":true,"href":"https:\/\/www.uv.mx\/prensa\/wp-json\/wp\/v2\/users\/2349"}],"replies":[{"embeddable":true,"href":"https:\/\/www.uv.mx\/prensa\/wp-json\/wp\/v2\/comments?post=141736"}],"version-history":[{"count":1,"href":"https:\/\/www.uv.mx\/prensa\/wp-json\/wp\/v2\/posts\/141736\/revisions"}],"predecessor-version":[{"id":141802,"href":"https:\/\/www.uv.mx\/prensa\/wp-json\/wp\/v2\/posts\/141736\/revisions\/141802"}],"wp:featuredmedia":[{"embeddable":true,"href":"https:\/\/www.uv.mx\/prensa\/wp-json\/wp\/v2\/media\/141696"}],"wp:attachment":[{"href":"https:\/\/www.uv.mx\/prensa\/wp-json\/wp\/v2\/media?parent=141736"}],"wp:term":[{"taxonomy":"category","embeddable":true,"href":"https:\/\/www.uv.mx\/prensa\/wp-json\/wp\/v2\/categories?post=141736"},{"taxonomy":"post_tag","embeddable":true,"href":"https:\/\/www.uv.mx\/prensa\/wp-json\/wp\/v2\/tags?post=141736"}],"curies":[{"name":"wp","href":"https:\/\/api.w.org\/{rel}","templated":true}]}}