{"id":141700,"date":"2024-04-11T17:44:38","date_gmt":"2024-04-11T22:44:38","guid":{"rendered":"https:\/\/www.uv.mx\/prensa\/?p=141700"},"modified":"2024-04-15T14:07:58","modified_gmt":"2024-04-15T19:07:58","slug":"modulo-de-consulta-externa-campus-minatitlan-abre-sus-puertas","status":"publish","type":"post","link":"https:\/\/www.uv.mx\/prensa\/regiones\/modulo-de-consulta-externa-campus-minatitlan-abre-sus-puertas\/","title":{"rendered":"M\u00f3dulo de Consulta Externa campus Minatitl\u00e1n abre sus puertas"},"content":{"rendered":"<ul>\n<li data-leveltext=\"\uf0b7\" data-font=\"Symbol\" data-listid=\"1\" data-list-defn-props=\"{&quot;335552541&quot;:1,&quot;335559685&quot;:720,&quot;335559991&quot;:360,&quot;469769226&quot;:&quot;Symbol&quot;,&quot;469769242&quot;:[8226],&quot;469777803&quot;:&quot;left&quot;,&quot;469777804&quot;:&quot;\uf0b7&quot;,&quot;469777815&quot;:&quot;hybridMultilevel&quot;}\" data-aria-posinset=\"1\" data-aria-level=\"1\"><i><span data-contrast=\"auto\">Atender\u00e1 a comunidad UV y p\u00fablico en general de lunes a viernes, de 8:00 a 18:00 horas, en la Unidad Multidisciplinaria de Ciencias de la Salud<\/span><\/i><span data-ccp-props=\"{&quot;201341983&quot;:0,&quot;335559739&quot;:0,&quot;335559740&quot;:240}\">\u00a0<\/span><\/li>\n<li data-leveltext=\"\uf0b7\" data-font=\"Symbol\" data-listid=\"1\" data-list-defn-props=\"{&quot;335552541&quot;:1,&quot;335559685&quot;:720,&quot;335559991&quot;:360,&quot;469769226&quot;:&quot;Symbol&quot;,&quot;469769242&quot;:[8226],&quot;469777803&quot;:&quot;left&quot;,&quot;469777804&quot;:&quot;\uf0b7&quot;,&quot;469777815&quot;:&quot;hybridMultilevel&quot;}\" data-aria-posinset=\"2\" data-aria-level=\"1\"><i><span data-contrast=\"auto\">Ofrece servicios de rayos X, laboratoriales y curaciones, seguimiento de control de peso y talla, as\u00ed como de diversos padecimientos\u00a0<\/span><\/i><span data-ccp-props=\"{&quot;201341983&quot;:0,&quot;335559739&quot;:0,&quot;335559740&quot;:240}\">\u00a0<\/span><\/li>\n<\/ul>\n<p><span data-ccp-props=\"{&quot;201341983&quot;:0,&quot;335559739&quot;:0,&quot;335559740&quot;:240}\">\u00a0<\/span><\/p>\n<div id=\"attachment_141657\" style=\"width: 610px\" class=\"wp-caption aligncenter\"><img aria-describedby=\"caption-attachment-141657\" decoding=\"async\" loading=\"lazy\" class=\"size-full wp-image-141657\" src=\"https:\/\/www.uv.mx\/prensa\/files\/2024\/04\/100424-CJCP-Modulo-externo-1.jpg\" alt=\"\" width=\"600\" height=\"900\" srcset=\"https:\/\/www.uv.mx\/prensa\/files\/2024\/04\/100424-CJCP-Modulo-externo-1.jpg 600w, https:\/\/www.uv.mx\/prensa\/files\/2024\/04\/100424-CJCP-Modulo-externo-1-200x300.jpg 200w\" sizes=\"(max-width: 600px) 100vw, 600px\" \/><p id=\"caption-attachment-141657\" class=\"wp-caption-text\">Andrea Isabel Torres Zugaide, directora de la Facultad de Medicina, y Reyna Monroy Reyes, catedr\u00e1tica encargada del M\u00f3dulo de Consulta Externa<\/p><\/div>\n<p><span data-ccp-props=\"{&quot;201341983&quot;:0,&quot;335559739&quot;:0,&quot;335559740&quot;:240}\">\u00a0<\/span><\/p>\n<p><b><i><span data-contrast=\"auto\">Carla Janeth Carmona Padilla<\/span><\/i><\/b><span data-ccp-props=\"{&quot;201341983&quot;:0,&quot;335559739&quot;:0,&quot;335559740&quot;:240}\">\u00a0<\/span><\/p>\n<p><span data-ccp-props=\"{&quot;201341983&quot;:0,&quot;335559739&quot;:0,&quot;335559740&quot;:240}\">\u00a0<\/span><\/p>\n<p><b><i><span data-contrast=\"auto\">11\/04\/2024, Minatitl\u00e1n, Ver.-<\/span><\/i><\/b><span data-contrast=\"auto\"> El M\u00f3dulo de Consulta Externa del <\/span><a href=\"https:\/\/www.uv.mx\/coatza\/\" target=\"_blank\" rel=\"noopener\"><i><span data-contrast=\"auto\">campus<\/span><\/i><\/a><span data-contrast=\"auto\"> Minatitl\u00e1n de la Universidad Veracruzana (UV) abre sus puertas a la poblaci\u00f3n m\u00e1s vulnerable y sin protecci\u00f3n social en salud, con el fin de retribuir a la sociedad la confianza que se ha depositado en la instituci\u00f3n y como parte de la responsabilidad social de la misma.<\/span><span data-ccp-props=\"{&quot;201341983&quot;:0,&quot;335559739&quot;:0,&quot;335559740&quot;:240}\">\u00a0<\/span><\/p>\n<p><span data-contrast=\"auto\">Su antecedente es el Laboratorio de Proped\u00e9utica de la Facultad de Enfermer\u00eda, que llevaba 25 a\u00f1os de servicio y se cre\u00f3 para que estudiantes de la Unidad Multidisciplinaria de Ciencias de la Salud y Trabajo Social de la UV aprendieran t\u00e9cnicas y metodolog\u00edas acordes al nivel primario de salud en espacios externos.<\/span><span data-ccp-props=\"{&quot;201341983&quot;:0,&quot;335559731&quot;:708,&quot;335559739&quot;:0,&quot;335559740&quot;:240}\">\u00a0<\/span><\/p>\n<p><span data-contrast=\"auto\">Sin embargo, por la normativa nacional sobre los consultorios de atenci\u00f3n m\u00e9dica para la poblaci\u00f3n abierta de la Comisi\u00f3n Federal para la Protecci\u00f3n contra Riesgos Sanitarios (<\/span><i><span data-contrast=\"auto\">Cofepris<\/span><\/i><span data-contrast=\"auto\">), s\u00f3lo brindaba orientaci\u00f3n m\u00e9dica a la comunidad estudiantil, pero no pod\u00eda hacer lo propio con el p\u00fablico en general.<\/span><span data-ccp-props=\"{&quot;201341983&quot;:0,&quot;335559731&quot;:708,&quot;335559739&quot;:0,&quot;335559740&quot;:240}\">\u00a0<\/span><\/p>\n<p><span data-contrast=\"auto\">Andrea Isabel Torres Zugaide, directora de la Facultad de Medicina, coment\u00f3 que esta \u00e1rea se ha utilizado para la aplicaci\u00f3n del Examen de Salud Integral a mil 500 estudiantes de nuevo ingreso en cada inicio de ciclo escolar, as\u00ed como para la realizaci\u00f3n de pr\u00e1cticas de los alumnos de la Facultad de Medicina y de las especialidades m\u00e9dicas de pediatr\u00eda, ginecolog\u00eda, toma de muestras cervicales en patolog\u00eda general, entre otras.<\/span><\/p>\n<p>&nbsp;<\/p>\n<div id=\"attachment_141656\" style=\"width: 732px\" class=\"wp-caption aligncenter\"><img aria-describedby=\"caption-attachment-141656\" decoding=\"async\" loading=\"lazy\" class=\"size-full wp-image-141656\" src=\"https:\/\/www.uv.mx\/prensa\/files\/2024\/04\/100424-CJCP-Modulo-externo-2.jpg\" alt=\"\" width=\"722\" height=\"481\" srcset=\"https:\/\/www.uv.mx\/prensa\/files\/2024\/04\/100424-CJCP-Modulo-externo-2.jpg 722w, https:\/\/www.uv.mx\/prensa\/files\/2024\/04\/100424-CJCP-Modulo-externo-2-300x200.jpg 300w\" sizes=\"(max-width: 722px) 100vw, 722px\" \/><p id=\"caption-attachment-141656\" class=\"wp-caption-text\">El m\u00f3dulo est\u00e1 abierto de lunes a viernes, de 8:00 a 18:00 horas<\/p><\/div>\n<p><span data-ccp-props=\"{&quot;201341983&quot;:0,&quot;335559731&quot;:708,&quot;335559739&quot;:0,&quot;335559740&quot;:240}\">\u00a0<\/span><\/p>\n<p><span data-contrast=\"auto\">De igual forma, la Facultad de Enfermer\u00eda ha participado con estudiantes y personal docente realizando pr\u00e1cticas de primeros auxilios y apoyando la consulta m\u00e9dica.<\/span><span data-ccp-props=\"{&quot;201341983&quot;:0,&quot;335559731&quot;:708,&quot;335559739&quot;:0,&quot;335559740&quot;:240}\">\u00a0<\/span><\/p>\n<p><span data-contrast=\"auto\">Por su parte, desde hace algunos a\u00f1os la Facultad de Odontolog\u00eda ha atendido a poblaci\u00f3n a trav\u00e9s de Cl\u00ednicas Odontol\u00f3gicas en edificios separados, no adjuntos al m\u00f3dulo, y la Facultad de Trabajo Social se ha enfocado en el desarrollo de habilidades de atenci\u00f3n a las familias.<\/span><span data-ccp-props=\"{&quot;201341983&quot;:0,&quot;335559731&quot;:708,&quot;335559739&quot;:0,&quot;335559740&quot;:240}\">\u00a0<\/span><\/p>\n<p><span data-contrast=\"auto\">Gracias al Programa de Trabajo 2021-2025, la participaci\u00f3n de Arturo Aguilar Ye, director general del \u00c1rea Acad\u00e9mica de Ciencias de la Salud y la administraci\u00f3n a cargo de Reyna Monroy Reyes, doctora y catedr\u00e1tica de la Facultad de Medicina, el M\u00f3dulo de Consulta Externa ha obtenido el aviso de funcionamiento y responsable sanitario del establecimiento de servicios de salud, por parte de la <\/span><i><span data-contrast=\"auto\">Cofepris<\/span><\/i><span data-contrast=\"auto\">, para atender a p\u00fablico en general.<\/span><\/p>\n<p>&nbsp;<\/p>\n<div id=\"attachment_141658\" style=\"width: 732px\" class=\"wp-caption aligncenter\"><img aria-describedby=\"caption-attachment-141658\" decoding=\"async\" loading=\"lazy\" class=\"size-full wp-image-141658\" src=\"https:\/\/www.uv.mx\/prensa\/files\/2024\/04\/100424-CJCP-Modulo-externo-3.jpg\" alt=\"\" width=\"722\" height=\"694\" srcset=\"https:\/\/www.uv.mx\/prensa\/files\/2024\/04\/100424-CJCP-Modulo-externo-3.jpg 722w, https:\/\/www.uv.mx\/prensa\/files\/2024\/04\/100424-CJCP-Modulo-externo-3-300x288.jpg 300w\" sizes=\"(max-width: 722px) 100vw, 722px\" \/><p id=\"caption-attachment-141658\" class=\"wp-caption-text\">Estudiantes de Medicina, Enfermer\u00eda, Odontolog\u00eda y Trabajo Social realizar\u00e1n pr\u00e1cticas y servicio social a la poblaci\u00f3n<\/p><\/div>\n<p>&nbsp;<\/p>\n<p><span data-contrast=\"auto\">Los profesores y estudiantes de los programas educativos de M\u00e9dico Cirujano, Enfermer\u00eda, Odontolog\u00eda y Trabajo Social, acompa\u00f1ados de sus respectivos titulares de Facultad, est\u00e1n trabajando en el fortalecimiento del equipo multidisciplinario para asegurar que el m\u00f3dulo ofrezca un servicio de atenci\u00f3n integral a quienes m\u00e1s lo necesitan.<\/span><span data-ccp-props=\"{&quot;201341983&quot;:0,&quot;335559731&quot;:708,&quot;335559739&quot;:0,&quot;335559740&quot;:240}\">\u00a0<\/span><\/p>\n<p><span data-contrast=\"auto\">La atenci\u00f3n es de lunes a viernes, de 8:00 a 18:00 horas; de forma alterna se ofrecer\u00e1n los servicios de rayos X, laboratoriales, curaciones, seguimiento de control de peso y talla, y de enfermedades a trav\u00e9s de citas m\u00e9dicas y aplicaci\u00f3n de estudios socioecon\u00f3micos.<\/span><span data-ccp-props=\"{&quot;201341983&quot;:0,&quot;335559731&quot;:708,&quot;335559739&quot;:0,&quot;335559740&quot;:240}\">\u00a0<\/span><\/p>\n","protected":false},"excerpt":{"rendered":"<p>Contribuir\u00e1 al cuidado de la salud de grupos vulnerables, as\u00ed como dar atenci\u00f3n primaria que mejorar\u00e1 sus estilos de vida<\/p>\n","protected":false},"author":2349,"featured_media":141655,"comment_status":"closed","ping_status":"closed","sticky":false,"template":"","format":"standard","meta":[],"categories":[52,15424,61,5174,32],"tags":[617,16480,15579,114,872,196,16481,1982,6858,16484,11971,16203,435,16483,78,310,16482,16144],"_links":{"self":[{"href":"https:\/\/www.uv.mx\/prensa\/wp-json\/wp\/v2\/posts\/141700"}],"collection":[{"href":"https:\/\/www.uv.mx\/prensa\/wp-json\/wp\/v2\/posts"}],"about":[{"href":"https:\/\/www.uv.mx\/prensa\/wp-json\/wp\/v2\/types\/post"}],"author":[{"embeddable":true,"href":"https:\/\/www.uv.mx\/prensa\/wp-json\/wp\/v2\/users\/2349"}],"replies":[{"embeddable":true,"href":"https:\/\/www.uv.mx\/prensa\/wp-json\/wp\/v2\/comments?post=141700"}],"version-history":[{"count":1,"href":"https:\/\/www.uv.mx\/prensa\/wp-json\/wp\/v2\/posts\/141700\/revisions"}],"predecessor-version":[{"id":141809,"href":"https:\/\/www.uv.mx\/prensa\/wp-json\/wp\/v2\/posts\/141700\/revisions\/141809"}],"wp:featuredmedia":[{"embeddable":true,"href":"https:\/\/www.uv.mx\/prensa\/wp-json\/wp\/v2\/media\/141655"}],"wp:attachment":[{"href":"https:\/\/www.uv.mx\/prensa\/wp-json\/wp\/v2\/media?parent=141700"}],"wp:term":[{"taxonomy":"category","embeddable":true,"href":"https:\/\/www.uv.mx\/prensa\/wp-json\/wp\/v2\/categories?post=141700"},{"taxonomy":"post_tag","embeddable":true,"href":"https:\/\/www.uv.mx\/prensa\/wp-json\/wp\/v2\/tags?post=141700"}],"curies":[{"name":"wp","href":"https:\/\/api.w.org\/{rel}","templated":true}]}}