{"id":141394,"date":"2024-04-02T14:50:29","date_gmt":"2024-04-02T20:50:29","guid":{"rendered":"https:\/\/www.uv.mx\/prensa\/?p=141394"},"modified":"2024-04-03T13:14:06","modified_gmt":"2024-04-03T19:14:06","slug":"construcciones-sobre-la-arena-afectan-la-biodiversidad-costera","status":"publish","type":"post","link":"https:\/\/www.uv.mx\/prensa\/ciencia\/construcciones-sobre-la-arena-afectan-la-biodiversidad-costera\/","title":{"rendered":"Construcciones sobre la arena afectan la biodiversidad costera"},"content":{"rendered":"<ul>\n<li data-leveltext=\"\uf0b7\" data-font=\"Symbol\" data-listid=\"1\" data-list-defn-props=\"{&quot;335552541&quot;:1,&quot;335559685&quot;:720,&quot;335559991&quot;:360,&quot;469769226&quot;:&quot;Symbol&quot;,&quot;469769242&quot;:[8226],&quot;469777803&quot;:&quot;left&quot;,&quot;469777804&quot;:&quot;\uf0b7&quot;,&quot;469777815&quot;:&quot;hybridMultilevel&quot;}\" data-aria-posinset=\"1\" data-aria-level=\"1\"><i><span data-contrast=\"auto\">Estudiantes y egresados de Maestr\u00eda en Ciencias Biol\u00f3gicas expusieron sus investigaciones<\/span><\/i><span data-ccp-props=\"{&quot;201341983&quot;:0,&quot;335559739&quot;:0,&quot;335559740&quot;:240}\">\u00a0<\/span><\/li>\n<li data-leveltext=\"\uf0b7\" data-font=\"Symbol\" data-listid=\"1\" data-list-defn-props=\"{&quot;335552541&quot;:1,&quot;335559685&quot;:720,&quot;335559991&quot;:360,&quot;469769226&quot;:&quot;Symbol&quot;,&quot;469769242&quot;:[8226],&quot;469777803&quot;:&quot;left&quot;,&quot;469777804&quot;:&quot;\uf0b7&quot;,&quot;469777815&quot;:&quot;hybridMultilevel&quot;}\" data-aria-posinset=\"2\" data-aria-level=\"1\"><i><span data-contrast=\"auto\">Las playas de Tecolutla y Nautla, puntos de an\u00e1lisis y supervisi\u00f3n<\/span><\/i><span data-ccp-props=\"{&quot;201341983&quot;:0,&quot;335559739&quot;:0,&quot;335559740&quot;:240}\">\u00a0<\/span><\/li>\n<\/ul>\n<p><span data-ccp-props=\"{&quot;201341983&quot;:0,&quot;335559739&quot;:0,&quot;335559740&quot;:240}\">\u00a0<\/span><\/p>\n<p>&nbsp;<\/p>\n<div id=\"attachment_141349\" style=\"width: 732px\" class=\"wp-caption aligncenter\"><img aria-describedby=\"caption-attachment-141349\" decoding=\"async\" loading=\"lazy\" class=\"size-full wp-image-141349\" src=\"https:\/\/www.uv.mx\/prensa\/files\/2024\/04\/01-04-2024-PACHECO-Coloquio-Ciencias-Biologicas-Foto-1.-ok.jpg\" alt=\"\" width=\"722\" height=\"457\" srcset=\"https:\/\/www.uv.mx\/prensa\/files\/2024\/04\/01-04-2024-PACHECO-Coloquio-Ciencias-Biologicas-Foto-1.-ok.jpg 722w, https:\/\/www.uv.mx\/prensa\/files\/2024\/04\/01-04-2024-PACHECO-Coloquio-Ciencias-Biologicas-Foto-1.-ok-300x190.jpg 300w\" sizes=\"(max-width: 722px) 100vw, 722px\" \/><p id=\"caption-attachment-141349\" class=\"wp-caption-text\">Especies e individuos observados y analizados en las playas de Tecolutla y Nautla<\/p><\/div>\n<p>&nbsp;<\/p>\n<p><span data-ccp-props=\"{&quot;201341983&quot;:0,&quot;335559739&quot;:0,&quot;335559740&quot;:240}\">\u00a0<\/span><\/p>\n<p><b><i><span data-contrast=\"auto\">Jorge V\u00e1zquez Pacheco<\/span><\/i><\/b><span data-ccp-props=\"{&quot;201341983&quot;:0,&quot;335559739&quot;:0,&quot;335559740&quot;:240}\">\u00a0<\/span><\/p>\n<p><b><i><span data-contrast=\"auto\">Fotos: Omar Portilla Palacios<\/span><\/i><\/b><span data-ccp-props=\"{&quot;201341983&quot;:0,&quot;335559739&quot;:0,&quot;335559740&quot;:240}\">\u00a0<\/span><\/p>\n<p><span data-ccp-props=\"{&quot;201341983&quot;:0,&quot;335559739&quot;:0,&quot;335559740&quot;:240}\">\u00a0<\/span><\/p>\n<p><b><i><span data-contrast=\"auto\">02\/04\/2024, Xalapa, Ver.- <\/span><\/i><\/b><span data-contrast=\"auto\">Jes\u00fas Antonio R\u00edos Quiroz, egresado de la <a href=\"https:\/\/www.uv.mx\/mcb\/\" target=\"_blank\" rel=\"noopener\">Maestr\u00eda en Ciencias Biol\u00f3gicas<\/a> de la Universidad Veracruzana (UV), destac\u00f3 el impacto de las edificaciones sobre la arena y el considerable n\u00famero de visitantes a la playa de Tecolutla, situaci\u00f3n que hace evidente el da\u00f1o de los inmuebles y la funci\u00f3n de los crust\u00e1ceos como indicadores de la biodiversidad.<\/span><span data-ccp-props=\"{&quot;201341983&quot;:0,&quot;335559739&quot;:0,&quot;335559740&quot;:240}\">\u00a0<\/span><\/p>\n<p><span data-contrast=\"auto\">Lo anterior, durante la charla \u201c\u00bfLos crust\u00e1ceos pueden ser bioindicadores de las playas arenosas?\u201d, impartida como parte del Tercer Conversatorio de Alumnos y Egresados de la Maestr\u00eda en Ciencias Biol\u00f3gicas 2024 \u201c\u00bfQu\u00e9 me gustar\u00eda saber antes de iniciar un posgrado?\u201d.<\/span><\/p>\n<p>&nbsp;<\/p>\n<div id=\"attachment_141350\" style=\"width: 732px\" class=\"wp-caption aligncenter\"><img aria-describedby=\"caption-attachment-141350\" decoding=\"async\" loading=\"lazy\" class=\"size-full wp-image-141350\" src=\"https:\/\/www.uv.mx\/prensa\/files\/2024\/04\/01-04-2024-PACHECO-Coloquio-Ciencias-Biologicas-Foto-2.-ok.jpg\" alt=\"\" width=\"722\" height=\"419\" srcset=\"https:\/\/www.uv.mx\/prensa\/files\/2024\/04\/01-04-2024-PACHECO-Coloquio-Ciencias-Biologicas-Foto-2.-ok.jpg 722w, https:\/\/www.uv.mx\/prensa\/files\/2024\/04\/01-04-2024-PACHECO-Coloquio-Ciencias-Biologicas-Foto-2.-ok-300x174.jpg 300w\" sizes=\"(max-width: 722px) 100vw, 722px\" \/><p id=\"caption-attachment-141350\" class=\"wp-caption-text\">Los preocupantes efectos de la urbanizaci\u00f3n<\/p><\/div>\n<p>&nbsp;<\/p>\n<p><span data-contrast=\"auto\">Jes\u00fas Antonio R\u00edos se\u00f1al\u00f3 la importancia sociocultural de las dunas costeras como proveedoras de alimento, que adem\u00e1s son el h\u00e1bitat de moluscos como el <\/span><i><span data-contrast=\"auto\">Argopecten<\/span><\/i> <i><span data-contrast=\"auto\">purpuratus<\/span><\/i><span data-contrast=\"auto\">; asimismo, expuso una serie de recomendaciones en temas de investigaci\u00f3n para estudiantes activos y aspirantes, ya que los crust\u00e1ceos propios de la costa veracruzana pueden ser importantes indicadores de la salud en los ecosistemas.<\/span><span data-ccp-props=\"{&quot;201341983&quot;:0,&quot;335559739&quot;:0,&quot;335559740&quot;:240}\">\u00a0<\/span><\/p>\n<p><span data-contrast=\"auto\">Comparti\u00f3 su participaci\u00f3n en siete muestreos en tres temporadas distintas (lluvia, norte y sequ\u00eda) en playas de Tecolutla y Nautla, y mediante una gr\u00e1fica present\u00f3 las variantes en el n\u00famero de especies (ocho) e individuos en cada \u00e9poca.<\/span><\/p>\n<p>&nbsp;<\/p>\n<div id=\"attachment_141351\" style=\"width: 732px\" class=\"wp-caption aligncenter\"><img aria-describedby=\"caption-attachment-141351\" decoding=\"async\" loading=\"lazy\" class=\"size-full wp-image-141351\" src=\"https:\/\/www.uv.mx\/prensa\/files\/2024\/04\/01-04-2024-PACHECO-Coloquio-Ciencias-Biologicas-Foto-3-ok.jpg\" alt=\"\" width=\"722\" height=\"437\" srcset=\"https:\/\/www.uv.mx\/prensa\/files\/2024\/04\/01-04-2024-PACHECO-Coloquio-Ciencias-Biologicas-Foto-3-ok.jpg 722w, https:\/\/www.uv.mx\/prensa\/files\/2024\/04\/01-04-2024-PACHECO-Coloquio-Ciencias-Biologicas-Foto-3-ok-300x182.jpg 300w\" sizes=\"(max-width: 722px) 100vw, 722px\" \/><p id=\"caption-attachment-141351\" class=\"wp-caption-text\">Uno de los moluscos estudiados en las playas del norte de la entidad veracruzana<\/p><\/div>\n<p>&nbsp;<\/p>\n<p><span data-contrast=\"auto\">Posteriormente Derian Jes\u00fas Jaime Dur\u00e1n, estudiante del mismo posgrado, disert\u00f3 sobre el tema \u201cFilosof\u00eda, ciencia y biolog\u00eda para la vida\u201d, y expuso asuntos de orden filos\u00f3fico que propician una mejor comprensi\u00f3n hacia la biodiversidad, c\u00f3mo se originaron las especies y cu\u00e1l es la teor\u00eda sobre ellas. En cuanto a ciencia, llam\u00f3 la atenci\u00f3n hacia las metodolog\u00edas, objetivos, resultados y conclusiones.<\/span><span data-ccp-props=\"{&quot;201341983&quot;:0,&quot;335559739&quot;:0,&quot;335559740&quot;:240}\">\u00a0<\/span><\/p>\n<p><span data-contrast=\"auto\">\u201cNos reducimos a pensar que un posgrado s\u00f3lo nos aporta un t\u00edtulo y prestigio acad\u00e9mico, cuando en realidad es ampliar el \u00e1rea de conocimiento y es el punto de partida para guiar una investigaci\u00f3n propia\u201d, concluy\u00f3.<\/span><\/p>\n<div id=\"attachment_141352\" style=\"width: 732px\" class=\"wp-caption aligncenter\"><img aria-describedby=\"caption-attachment-141352\" decoding=\"async\" loading=\"lazy\" class=\"size-full wp-image-141352\" src=\"https:\/\/www.uv.mx\/prensa\/files\/2024\/04\/01-04-2024-PACHECO-Coloquio-Ciencias-Biologicas-Foot-4.-ok.jpg\" alt=\"\" width=\"722\" height=\"457\" srcset=\"https:\/\/www.uv.mx\/prensa\/files\/2024\/04\/01-04-2024-PACHECO-Coloquio-Ciencias-Biologicas-Foot-4.-ok.jpg 722w, https:\/\/www.uv.mx\/prensa\/files\/2024\/04\/01-04-2024-PACHECO-Coloquio-Ciencias-Biologicas-Foot-4.-ok-300x190.jpg 300w\" sizes=\"(max-width: 722px) 100vw, 722px\" \/><p id=\"caption-attachment-141352\" class=\"wp-caption-text\">La filosof\u00eda, como medio para explicar los fen\u00f3menos vitales entre las especies<\/p><\/div>\n","protected":false},"excerpt":{"rendered":"<p>El molusco Argopecten purpuratus, que se nutre de sedimentos de playa, fue una de las ocho especies analizadas en tres \u00e9pocas distintas: de lluvia, sequ\u00eda y norte\u00a0<\/p>\n","protected":false},"author":2349,"featured_media":141389,"comment_status":"closed","ping_status":"closed","sticky":false,"template":"","format":"standard","meta":[],"categories":[45,15423,61,6299],"tags":[1387,11401,1150,723,16369,8081,16370,172,16051,4158,1654,16368,16367,6462,11014,83,78,10863],"_links":{"self":[{"href":"https:\/\/www.uv.mx\/prensa\/wp-json\/wp\/v2\/posts\/141394"}],"collection":[{"href":"https:\/\/www.uv.mx\/prensa\/wp-json\/wp\/v2\/posts"}],"about":[{"href":"https:\/\/www.uv.mx\/prensa\/wp-json\/wp\/v2\/types\/post"}],"author":[{"embeddable":true,"href":"https:\/\/www.uv.mx\/prensa\/wp-json\/wp\/v2\/users\/2349"}],"replies":[{"embeddable":true,"href":"https:\/\/www.uv.mx\/prensa\/wp-json\/wp\/v2\/comments?post=141394"}],"version-history":[{"count":1,"href":"https:\/\/www.uv.mx\/prensa\/wp-json\/wp\/v2\/posts\/141394\/revisions"}],"predecessor-version":[{"id":141429,"href":"https:\/\/www.uv.mx\/prensa\/wp-json\/wp\/v2\/posts\/141394\/revisions\/141429"}],"wp:featuredmedia":[{"embeddable":true,"href":"https:\/\/www.uv.mx\/prensa\/wp-json\/wp\/v2\/media\/141389"}],"wp:attachment":[{"href":"https:\/\/www.uv.mx\/prensa\/wp-json\/wp\/v2\/media?parent=141394"}],"wp:term":[{"taxonomy":"category","embeddable":true,"href":"https:\/\/www.uv.mx\/prensa\/wp-json\/wp\/v2\/categories?post=141394"},{"taxonomy":"post_tag","embeddable":true,"href":"https:\/\/www.uv.mx\/prensa\/wp-json\/wp\/v2\/tags?post=141394"}],"curies":[{"name":"wp","href":"https:\/\/api.w.org\/{rel}","templated":true}]}}