{"id":141195,"date":"2024-03-20T19:46:34","date_gmt":"2024-03-21T01:46:34","guid":{"rendered":"https:\/\/www.uv.mx\/prensa\/?p=141195"},"modified":"2024-03-22T14:21:39","modified_gmt":"2024-03-22T20:21:39","slug":"cug-sesionara-anteproyecto-de-ley-organica-de-la-uv-2024","status":"publish","type":"post","link":"https:\/\/www.uv.mx\/prensa\/banner\/cug-sesionara-anteproyecto-de-ley-organica-de-la-uv-2024\/","title":{"rendered":"CUG sesionar\u00e1 Anteproyecto de Ley Org\u00e1nica de la UV 2024"},"content":{"rendered":"<ul>\n<li data-leveltext=\"\uf0b7\" data-font=\"Symbol\" data-listid=\"3\" data-list-defn-props=\"{&quot;335552541&quot;:1,&quot;335559685&quot;:720,&quot;335559991&quot;:360,&quot;469769226&quot;:&quot;Symbol&quot;,&quot;469769242&quot;:[8226],&quot;469777803&quot;:&quot;left&quot;,&quot;469777804&quot;:&quot;\uf0b7&quot;,&quot;469777815&quot;:&quot;hybridMultilevel&quot;}\" data-aria-posinset=\"1\" data-aria-level=\"1\"><i><span data-contrast=\"none\">Se realizaron foros de consulta en las regiones Veracruz, Poza Rica-Tuxpan, Orizaba-C\u00f3rdoba, Coatzacoalcos-Minatitl\u00e1n y Xalapa<\/span><\/i><span data-ccp-props=\"{&quot;134233117&quot;:false,&quot;134233118&quot;:false,&quot;201341983&quot;:0,&quot;335559738&quot;:0,&quot;335559739&quot;:0,&quot;335559740&quot;:240}\">\u00a0<\/span><\/li>\n<li data-leveltext=\"\uf0b7\" data-font=\"Symbol\" data-listid=\"3\" data-list-defn-props=\"{&quot;335552541&quot;:1,&quot;335559685&quot;:720,&quot;335559991&quot;:360,&quot;469769226&quot;:&quot;Symbol&quot;,&quot;469769242&quot;:[8226],&quot;469777803&quot;:&quot;left&quot;,&quot;469777804&quot;:&quot;\uf0b7&quot;,&quot;469777815&quot;:&quot;hybridMultilevel&quot;}\" data-aria-posinset=\"1\" data-aria-level=\"1\"><i><span data-contrast=\"none\">El documento aborda los temas: autonom\u00eda, atribuciones, autoridades, Junta de Gobierno, Contralor General, patrimonio, vicerrector\u00edas, personal acad\u00e9mico y administrativo, estudiantado y procesamiento de conflictos\u202f<\/span><\/i><span data-ccp-props=\"{&quot;134233117&quot;:false,&quot;134233118&quot;:false,&quot;201341983&quot;:0,&quot;335559738&quot;:0,&quot;335559739&quot;:0,&quot;335559740&quot;:240}\">\u00a0<\/span><\/li>\n<\/ul>\n<p><span data-ccp-props=\"{&quot;134233117&quot;:false,&quot;134233118&quot;:false,&quot;201341983&quot;:0,&quot;335559738&quot;:0,&quot;335559739&quot;:0,&quot;335559740&quot;:240}\">\u00a0<\/span><\/p>\n<div id=\"attachment_141193\" style=\"width: 848px\" class=\"wp-caption aligncenter\"><img aria-describedby=\"caption-attachment-141193\" decoding=\"async\" loading=\"lazy\" class=\"wp-image-141193\" src=\"https:\/\/www.uv.mx\/prensa\/files\/2024\/03\/Banner-PUV-200324-CUG-sesionara-Anteproyecto-de-Ley-Organica.jpg\" alt=\"\" width=\"838\" height=\"293\" srcset=\"https:\/\/www.uv.mx\/prensa\/files\/2024\/03\/Banner-PUV-200324-CUG-sesionara-Anteproyecto-de-Ley-Organica.jpg 1000w, https:\/\/www.uv.mx\/prensa\/files\/2024\/03\/Banner-PUV-200324-CUG-sesionara-Anteproyecto-de-Ley-Organica-300x105.jpg 300w, https:\/\/www.uv.mx\/prensa\/files\/2024\/03\/Banner-PUV-200324-CUG-sesionara-Anteproyecto-de-Ley-Organica-768x269.jpg 768w\" sizes=\"(max-width: 838px) 100vw, 838px\" \/><p id=\"caption-attachment-141193\" class=\"wp-caption-text\">El documento se integr\u00f3 tras la sistematizaci\u00f3n de propuestas recibidas en los foros y de forma virtual<\/p><\/div>\n<p><span data-ccp-props=\"{&quot;134233117&quot;:false,&quot;134233118&quot;:false,&quot;201341983&quot;:0,&quot;335559738&quot;:0,&quot;335559739&quot;:0,&quot;335559740&quot;:240}\">\u00a0<\/span><\/p>\n<p><b><i><span data-contrast=\"none\">Redacci\u00f3n Universo<\/span><\/i><\/b><span data-ccp-props=\"{&quot;134233117&quot;:false,&quot;134233118&quot;:false,&quot;201341983&quot;:0,&quot;335559738&quot;:0,&quot;335559739&quot;:0,&quot;335559740&quot;:240}\">\u00a0<\/span><\/p>\n<p><b><i><span data-contrast=\"none\">Fotos: Archivo<\/span><\/i><\/b><span data-ccp-props=\"{&quot;134233117&quot;:false,&quot;134233118&quot;:false,&quot;201341983&quot;:0,&quot;335559738&quot;:0,&quot;335559739&quot;:0,&quot;335559740&quot;:240}\">\u00a0<\/span><\/p>\n<p><span data-ccp-props=\"{&quot;134233117&quot;:false,&quot;134233118&quot;:false,&quot;201341983&quot;:0,&quot;335559738&quot;:0,&quot;335559739&quot;:0,&quot;335559740&quot;:240}\">\u00a0<\/span><\/p>\n<p><b><i><span data-contrast=\"none\">20\/03\/2024, Xalapa, Ver.- <\/span><\/i><\/b><span data-contrast=\"none\">El pr\u00f3ximo\u202f22 de marzo, el Consejo Universitario General (CUG) sesionar\u00e1 el Anteproyecto de Ley Org\u00e1nica de la <a href=\"https:\/\/www.uv.mx\/\" target=\"_blank\" rel=\"noopener\">Universidad Veracruzana<\/a> (UV) 2024, que busca actualizar la ley vigente y en el que se puso \u00e9nfasis, entre otros temas, en la autonom\u00eda, la gratuidad de la educaci\u00f3n superior y el inter\u00e9s superior del estudiante, para armonizarla con la Ley General de Educaci\u00f3n Superior. Para ello, la comunidad universitaria tom\u00f3 parte de un ejercicio participativo, democr\u00e1tico y transparente.<\/span><span data-ccp-props=\"{&quot;134233117&quot;:false,&quot;134233118&quot;:false,&quot;201341983&quot;:0,&quot;335559738&quot;:0,&quot;335559739&quot;:0,&quot;335559740&quot;:240}\">\u00a0<\/span><\/p>\n<p><span data-contrast=\"none\">El documento final cuenta con 44 art\u00edculos y 13 transitorios con los que busca atender las nuevas circunstancias que requiere la educaci\u00f3n superior en los tiempos de la crisis civilizatoria por la que atraviesa la humanidad.<\/span><span data-ccp-props=\"{&quot;134233117&quot;:false,&quot;134233118&quot;:false,&quot;201341983&quot;:0,&quot;335559731&quot;:705,&quot;335559738&quot;:0,&quot;335559739&quot;:0,&quot;335559740&quot;:240}\">\u00a0<\/span><\/p>\n<p><span data-contrast=\"none\">Para llegar a esto, conviene hacer un recuento de las acciones que las y los universitarios han tomado desde hace dos a\u00f1os: en sesi\u00f3n ordinaria del CUG del 7 de marzo de 2022, se realiz\u00f3 la elecci\u00f3n de las y los integrantes de la Comisi\u00f3n Transitoria para la elaboraci\u00f3n del Anteproyecto de Ley Org\u00e1nica de la Universidad Veracruzana; el organismo est\u00e1 conformado por 15 miembros (tres representantes de cada regi\u00f3n universitaria: dos consejeros maestros y un alumno), para cuya selecci\u00f3n se consider\u00f3 la trayectoria acad\u00e9mica, convicci\u00f3n y visi\u00f3n transparente, democr\u00e1tica, que promueva la tolerancia, la igualdad, la honestidad, los valores, el cumplimiento de sus fines y una mejora continua del proceso de ense\u00f1anza-aprendizaje.<\/span><span data-ccp-props=\"{&quot;134233117&quot;:false,&quot;134233118&quot;:false,&quot;201341983&quot;:0,&quot;335559731&quot;:705,&quot;335559738&quot;:0,&quot;335559739&quot;:0,&quot;335559740&quot;:240}\">\u00a0<\/span><\/p>\n<p><span data-contrast=\"none\">En el ejercicio democr\u00e1tico y participativo, la UV inici\u00f3 los trabajos el 11 de marzo de 2022; el 29 del mismo mes se realiz\u00f3 la primera etapa de la \u201cConsulta libre, previa e informada para la elaboraci\u00f3n del Anteproyecto de Ley Org\u00e1nica de la Universidad Veracruzana\u201d en\u202flas cinco regiones en donde est\u00e1 presente la comunidad universitaria, y se recibieron presencialmente 245 propuestas y 143 de manera virtual \u2013correo electr\u00f3nico, <\/span><i><span data-contrast=\"none\">Zoom<\/span><\/i><span data-contrast=\"none\">, entrega f\u00edsica, plataforma <\/span><i><span data-contrast=\"none\">web<\/span><\/i><span data-contrast=\"none\"> o sesi\u00f3n virtual\u2013.<\/span><span data-ccp-props=\"{&quot;134233117&quot;:false,&quot;134233118&quot;:false,&quot;201341983&quot;:0,&quot;335559731&quot;:705,&quot;335559738&quot;:0,&quot;335559739&quot;:0,&quot;335559740&quot;:240}\">\u00a0<\/span><\/p>\n<p><span data-contrast=\"none\">Adem\u00e1s, la Comisi\u00f3n Transitoria llev\u00f3 a cabo del 27 de septiembre al 1 de octubre de 2022 la segunda etapa de l-a \u201cConsulta libre\u201d; en estos nuevos foros regionales se aportaron presencialmente 81 propuestas y 547 virtuales, para hacer un total de 628 propuestas. <span class=\"TextRun Highlight SCXW235664951 BCX0\" lang=\"ES-MX\" xml:lang=\"ES-MX\" data-contrast=\"none\"><span class=\"NormalTextRun SCXW235664951 BCX0\" data-ccp-charstyle=\"normaltextrun\">Entre los dos foros de consulta a la comunidad universitaria se integraron 1016 propuestas.<\/span><\/span><span class=\"EOP SCXW235664951 BCX0\" data-ccp-props=\"{&quot;134233117&quot;:false,&quot;134233118&quot;:false,&quot;201341983&quot;:0,&quot;335559731&quot;:705,&quot;335559738&quot;:0,&quot;335559739&quot;:0,&quot;335559740&quot;:240}\">\u00a0<\/span><\/span><\/p>\n<p>&nbsp;<\/p>\n<div id=\"attachment_141194\" style=\"width: 732px\" class=\"wp-caption aligncenter\"><img aria-describedby=\"caption-attachment-141194\" decoding=\"async\" loading=\"lazy\" class=\"size-full wp-image-141194\" src=\"https:\/\/www.uv.mx\/prensa\/files\/2024\/03\/200324-CUG-sesionara-Anteproyecto-de-Ley-Organica-7-100k.jpg\" alt=\"\" width=\"722\" height=\"482\" srcset=\"https:\/\/www.uv.mx\/prensa\/files\/2024\/03\/200324-CUG-sesionara-Anteproyecto-de-Ley-Organica-7-100k.jpg 722w, https:\/\/www.uv.mx\/prensa\/files\/2024\/03\/200324-CUG-sesionara-Anteproyecto-de-Ley-Organica-7-100k-300x200.jpg 300w\" sizes=\"(max-width: 722px) 100vw, 722px\" \/><p id=\"caption-attachment-141194\" class=\"wp-caption-text\">La participaci\u00f3n de la comunidad universitaria fue a trav\u00e9s de un ejercicio democr\u00e1tico y transparente<\/p><\/div>\n<p>&nbsp;<\/p>\n<p><span data-contrast=\"none\">La Comisi\u00f3n tambi\u00e9n sesion\u00f3 virtual y presencialmente en ocho ocasiones durante 2022 y 2023; en 2024 se recibieron comentarios de forma virtual para presentar el Anteproyecto de Ley ante el Consejo Universitario General, en el que destacan ocho temas relativos a la autonom\u00eda: alcances y ejercicio de \u00e9sta; las atribuciones de la Universidad (nuevas y ampliaci\u00f3n de las existentes); Junta de Gobierno; el fortalecimiento del Consejo Universitario General; el Contralor General; estudiantes; personal acad\u00e9mico, y el procesamiento de conflictos en t\u00e9rminos generales.<\/span><span data-ccp-props=\"{&quot;134233117&quot;:false,&quot;134233118&quot;:false,&quot;201341983&quot;:0,&quot;335559731&quot;:705,&quot;335559738&quot;:0,&quot;335559739&quot;:0,&quot;335559740&quot;:240}\">\u00a0<\/span><\/p>\n<p><span data-contrast=\"none\">Una vez sistematizadas las propuestas recibidas en los foros, la Comisi\u00f3n Transitoria determin\u00f3 cu\u00e1les ser\u00edan incluidas en el Anteproyecto de Ley Org\u00e1nica y cu\u00e1les incorporadas a la legislaci\u00f3n secundaria; se acordaron los ejes fundamentales innegociables a considerar en su formulaci\u00f3n y las obligaciones que se deben cumplir marcadas en la Ley Org\u00e1nica vigente, la Ley de Autonom\u00eda, la Ley General de Educaci\u00f3n Superior, la Constituci\u00f3n Pol\u00edtica de los Estados Unidos Mexicanos y la Constituci\u00f3n Pol\u00edtica del Estado de Veracruz de Ignacio de La Llave; as\u00ed como las recomendaciones del Instituto Internacional de la UNESCO para la Educaci\u00f3n Superior en Am\u00e9rica Latina y el Caribe (IESALC) y otros tratados internacionales relativos a la inclusi\u00f3n y no discriminaci\u00f3n.<\/span><span data-ccp-props=\"{&quot;134233117&quot;:false,&quot;134233118&quot;:false,&quot;201341983&quot;:0,&quot;335559731&quot;:705,&quot;335559738&quot;:0,&quot;335559739&quot;:0,&quot;335559740&quot;:240}\">\u00a0<\/span><\/p>\n<p><span data-contrast=\"none\">Cabe mencionar que la actual Ley Org\u00e1nica de la UV tiene 28 a\u00f1os vigente, se aprob\u00f3 en 1993 y la \u00faltima reforma a \u00e9sta, aprobada por el Congreso del Estado, fue en 1996.<\/span><span data-ccp-props=\"{&quot;134233117&quot;:false,&quot;134233118&quot;:false,&quot;201341983&quot;:0,&quot;335559731&quot;:705,&quot;335559738&quot;:0,&quot;335559739&quot;:0,&quot;335559740&quot;:240}\">\u00a0<\/span><\/p>\n","protected":false},"excerpt":{"rendered":"<p>El documento aborda los temas: autonom\u00eda, atribuciones, autoridades, Junta de Gobierno, Contralor General, patrimonio, vicerrector\u00edas, personal acad\u00e9mico y administrativo, estudiantado y procesamiento de conflictos\u00a0<\/p>\n","protected":false},"author":2349,"featured_media":141193,"comment_status":"closed","ping_status":"closed","sticky":false,"template":"","format":"standard","meta":[],"categories":[61,5174],"tags":[16284,8837,223,15884,16285,11166,3721,4595,16283,12068,16286,2992,454],"_links":{"self":[{"href":"https:\/\/www.uv.mx\/prensa\/wp-json\/wp\/v2\/posts\/141195"}],"collection":[{"href":"https:\/\/www.uv.mx\/prensa\/wp-json\/wp\/v2\/posts"}],"about":[{"href":"https:\/\/www.uv.mx\/prensa\/wp-json\/wp\/v2\/types\/post"}],"author":[{"embeddable":true,"href":"https:\/\/www.uv.mx\/prensa\/wp-json\/wp\/v2\/users\/2349"}],"replies":[{"embeddable":true,"href":"https:\/\/www.uv.mx\/prensa\/wp-json\/wp\/v2\/comments?post=141195"}],"version-history":[{"count":1,"href":"https:\/\/www.uv.mx\/prensa\/wp-json\/wp\/v2\/posts\/141195\/revisions"}],"predecessor-version":[{"id":141267,"href":"https:\/\/www.uv.mx\/prensa\/wp-json\/wp\/v2\/posts\/141195\/revisions\/141267"}],"wp:featuredmedia":[{"embeddable":true,"href":"https:\/\/www.uv.mx\/prensa\/wp-json\/wp\/v2\/media\/141193"}],"wp:attachment":[{"href":"https:\/\/www.uv.mx\/prensa\/wp-json\/wp\/v2\/media?parent=141195"}],"wp:term":[{"taxonomy":"category","embeddable":true,"href":"https:\/\/www.uv.mx\/prensa\/wp-json\/wp\/v2\/categories?post=141195"},{"taxonomy":"post_tag","embeddable":true,"href":"https:\/\/www.uv.mx\/prensa\/wp-json\/wp\/v2\/tags?post=141195"}],"curies":[{"name":"wp","href":"https:\/\/api.w.org\/{rel}","templated":true}]}}