{"id":140995,"date":"2024-03-13T21:47:46","date_gmt":"2024-03-14T03:47:46","guid":{"rendered":"https:\/\/www.uv.mx\/prensa\/?p=140995"},"modified":"2024-03-14T11:06:26","modified_gmt":"2024-03-14T17:06:26","slug":"geografia-pieza-clave-para-atender-la-crisis-social-y-ambiental","status":"publish","type":"post","link":"https:\/\/www.uv.mx\/prensa\/general\/geografia-pieza-clave-para-atender-la-crisis-social-y-ambiental\/","title":{"rendered":"Geograf\u00eda, pieza clave para atender la crisis social y ambiental"},"content":{"rendered":"<p>&nbsp;<\/p>\n<ul>\n<li><em>Federico Fern\u00e1ndez Christlieb, jefe del Departamento de Geograf\u00eda Social del Instituto de Geograf\u00eda de la UNAM, dict\u00f3 conferencia en la Universidad Veracruzana <\/em><\/li>\n<li><em>Ocurre una concentraci\u00f3n de las decisiones econ\u00f3micas y pol\u00edticas en el 1% de la humanidad que son tomadas por los corporativos globales<\/em><\/li>\n<\/ul>\n<p>&nbsp;<\/p>\n<div id=\"attachment_140980\" style=\"width: 732px\" class=\"wp-caption aligncenter\"><img aria-describedby=\"caption-attachment-140980\" decoding=\"async\" loading=\"lazy\" class=\"size-full wp-image-140980\" src=\"https:\/\/www.uv.mx\/prensa\/files\/2024\/03\/130324-DAVID-Conferencia-La-crisis-socioambiental-FFChristlieb-1.jpg\" alt=\"\" width=\"722\" height=\"419\" srcset=\"https:\/\/www.uv.mx\/prensa\/files\/2024\/03\/130324-DAVID-Conferencia-La-crisis-socioambiental-FFChristlieb-1.jpg 722w, https:\/\/www.uv.mx\/prensa\/files\/2024\/03\/130324-DAVID-Conferencia-La-crisis-socioambiental-FFChristlieb-1-300x174.jpg 300w\" sizes=\"(max-width: 722px) 100vw, 722px\" \/><p id=\"caption-attachment-140980\" class=\"wp-caption-text\">Federico Fern\u00e1ndez, jefe del Departamento de Geograf\u00eda Social del Instituto de Geograf\u00eda de la UNAM, imparti\u00f3 conferencia en el IIH-S de la UV<\/p><\/div>\n<p>&nbsp;<\/p>\n<p><em><strong>David Sandoval Rodr\u00edguez <\/strong><\/em><\/p>\n<p><em><strong>Fotos: Luis Fernando Fern\u00e1ndez <\/strong><\/em><\/p>\n<p><em><strong>13\/03\/2024, Xalapa, Ver.-<\/strong><\/em> Para comprender la crisis social y ambiental que vivimos, la geograf\u00eda ofrece un conjunto de razonamientos interdisciplinarios que pueden hacer frente a la situaci\u00f3n desde la escala local y hasta la global, afirm\u00f3 Federico Fern\u00e1ndez Christlieb, investigador y jefe del Departamento de Geograf\u00eda Social del Instituto de Geograf\u00eda de la Universidad Nacional Aut\u00f3noma de M\u00e9xico (UNAM).<\/p>\n<p>Detall\u00f3 que vivimos en una era geol\u00f3gica conocida como el Antropoceno, momento en que se dieron las condiciones para que la humanidad se expandiera tanto geogr\u00e1fica como poblacionalmente, a lo que se suman condiciones f\u00edsicas y ambientales como la presencia de nitr\u00f3geno y metano, resultado de actividades humanas como la producci\u00f3n agr\u00edcola.<\/p>\n<p>El investigador abord\u00f3 el tema en la conferencia \u201cLa crisis socioambiental y el razonamiento geogr\u00e1fico\u201d, impartida en el Auditorio \u201cGonzalo Aguirre Beltr\u00e1n\u201d del Instituto de Investigaciones Hist\u00f3rico-Sociales (IIH-S) de la Universidad Veracruzana (UV).<\/p>\n<p>La presentaci\u00f3n se dio en el marco de inicio de actividades de la Maestr\u00eda en Estudios de Espacio, Territorio y Paisaje (<a href=\"https:\/\/www.uv.mx\/prensa\/eventos\/inicio-en-uv-maestria-en-estudios-de-espacio-territorio-y-paisaje\/\">https:\/\/www.uv.mx\/prensa\/eventos\/inicio-en-uv-maestria-en-estudios-de-espacio-territorio-y-paisaje\/<\/a>).<\/p>\n<p>&nbsp;<\/p>\n<div id=\"attachment_140981\" style=\"width: 732px\" class=\"wp-caption aligncenter\"><img aria-describedby=\"caption-attachment-140981\" decoding=\"async\" loading=\"lazy\" class=\"size-full wp-image-140981\" src=\"https:\/\/www.uv.mx\/prensa\/files\/2024\/03\/130324-DAVID-Conferencia-La-crisis-socioambiental-FFChristlieb-2.jpg\" alt=\"\" width=\"722\" height=\"411\" srcset=\"https:\/\/www.uv.mx\/prensa\/files\/2024\/03\/130324-DAVID-Conferencia-La-crisis-socioambiental-FFChristlieb-2.jpg 722w, https:\/\/www.uv.mx\/prensa\/files\/2024\/03\/130324-DAVID-Conferencia-La-crisis-socioambiental-FFChristlieb-2-300x171.jpg 300w\" sizes=\"(max-width: 722px) 100vw, 722px\" \/><p id=\"caption-attachment-140981\" class=\"wp-caption-text\">El investigador explic\u00f3 los cambios ocurridos en el planeta desde la era geol\u00f3gica del Holoceno hasta el presente<\/p><\/div>\n<p>&nbsp;<\/p>\n<p>Explic\u00f3 que una de las hip\u00f3tesis de la crisis ambiental se relaciona con el fin de otra era, el Holoceno, y que durante el Pleistoceno \u2013la era anterior\u2013 ocurri\u00f3 la evoluci\u00f3n de los humanos.<\/p>\n<p>Posteriormente, durante el Holoceno sucedi\u00f3 la colonizaci\u00f3n del planeta por parte de nuestra especie y en el Antropoceno existe una serie de condiciones geol\u00f3gicas y ambientales como una alta concentraci\u00f3n en los suelos de f\u00f3sforo y nitratos, consecuencia del uso de pesticidas; nitr\u00f3geno y metano en el aire, debido a la ganader\u00eda intensiva; bi\u00f3xido de carbono en la atm\u00f3sfera, en una proporci\u00f3n de 400 partes por mill\u00f3n, mientras que a lo largo del Holoceno nunca rebas\u00f3 las 280. Adem\u00e1s, en el Antropoceno se registran los \u201ctecnof\u00f3siles\u201d: residuos de pl\u00e1stico, aluminio y concreto.<\/p>\n<p>Las consecuencias de esta crisis son el calentamiento atmosf\u00e9rico y marino, elevaci\u00f3n del nivel medio del mar, desertificaci\u00f3n, sequ\u00edas, incendios forestales, heladas at\u00edpicas, extinci\u00f3n de especies \u2013mayoritariamente insectos y entre ellos los polinizadores\u2013.<\/p>\n<p>En la esfera social ocurren p\u00e9rdidas de empleos, confrontaciones violentas por el agua y el territorio, el crimen organizado opera a escalas local, regional y mundial, que incluyen los tr\u00e1ficos de personas, drogas, armas y las epidemias.<\/p>\n<p>Record\u00f3 que hace 50 a\u00f1os, en 1973, las pol\u00edticas p\u00fablicas de la mayor\u00eda de los estados en el mundo occidental mostraban una tendencia hacia las regulaciones laborales, ejemplificadas con los salarios m\u00ednimos, viviendas de inter\u00e9s social, sistema de salud p\u00fablico, control estatal de los energ\u00e9ticos.<\/p>\n<p>&nbsp;<\/p>\n<div id=\"attachment_140982\" style=\"width: 732px\" class=\"wp-caption aligncenter\"><img aria-describedby=\"caption-attachment-140982\" decoding=\"async\" loading=\"lazy\" class=\"size-full wp-image-140982\" src=\"https:\/\/www.uv.mx\/prensa\/files\/2024\/03\/130324-DAVID-Conferencia-La-crisis-socioambiental-FFChristlieb-3.jpg\" alt=\"\" width=\"722\" height=\"392\" srcset=\"https:\/\/www.uv.mx\/prensa\/files\/2024\/03\/130324-DAVID-Conferencia-La-crisis-socioambiental-FFChristlieb-3.jpg 722w, https:\/\/www.uv.mx\/prensa\/files\/2024\/03\/130324-DAVID-Conferencia-La-crisis-socioambiental-FFChristlieb-3-300x163.jpg 300w\" sizes=\"(max-width: 722px) 100vw, 722px\" \/><p id=\"caption-attachment-140982\" class=\"wp-caption-text\">Fern\u00e1ndez Christlieb subray\u00f3 que las decisiones globales son tomadas por empresas que representan el 1% de la humanidad<\/p><\/div>\n<p>&nbsp;<\/p>\n<p>En el presente, la tendencia es en sentido contrario, con una privatizaci\u00f3n de los servicios, como la educaci\u00f3n o los sistemas de salud, mercantilizaci\u00f3n de los recursos naturales y empoderamiento de los corporativos globales.<\/p>\n<p>Fern\u00e1ndez Christlieb recalc\u00f3 que vivimos \u201cuna concentraci\u00f3n de las decisiones econ\u00f3micas y pol\u00edticas que est\u00e1 en el 1% y son tomadas por los corporativos globales; mientras los jefes de Estado se re\u00fanen para hablar de la migraci\u00f3n o el cambio clim\u00e1tico, pero no quieren, o no pueden, generar pol\u00edticas de regulaci\u00f3n\u201d.<\/p>\n<p>Enfatiz\u00f3 la importancia de estudiar la crisis socioambiental a una escala diferente, con un razonamiento geogr\u00e1fico que puede definirse como \u201cel razonamiento que hace evidente la relaci\u00f3n sociedad-naturaleza, estudia las relaciones humanas en el territorio y metodol\u00f3gicamente comienza siempre por la escala local, observa los paisajes que han sido modificados a trav\u00e9s del tiempo y que debe aprenderse a leer como parte de nuestra formaci\u00f3n de expertos en el espacio\u201d.<\/p>\n<p>Puntualiz\u00f3 adem\u00e1s que desde hace por lo menos 25 siglos la geograf\u00eda estudia los territorios y los paisajes, y constituye un conjunto bien posicionado de razonamientos para analizar estos problemas e imaginar otras formas de organizaci\u00f3n en el territorio, adem\u00e1s de poseer una naturaleza interdisciplinaria.<\/p>\n","protected":false},"excerpt":{"rendered":"<p>Aprender a leer el paisaje de forma multidisciplinar es una tarea que puede ayudar a comprender la situaci\u00f3n actual del planeta<\/p>\n","protected":false},"author":2349,"featured_media":140983,"comment_status":"closed","ping_status":"closed","sticky":false,"template":"","format":"standard","meta":[],"categories":[47,1,61,6299],"tags":[2085,8131,10020,4159,8135,16196,7190,6592,16197,16177,83,8379],"_links":{"self":[{"href":"https:\/\/www.uv.mx\/prensa\/wp-json\/wp\/v2\/posts\/140995"}],"collection":[{"href":"https:\/\/www.uv.mx\/prensa\/wp-json\/wp\/v2\/posts"}],"about":[{"href":"https:\/\/www.uv.mx\/prensa\/wp-json\/wp\/v2\/types\/post"}],"author":[{"embeddable":true,"href":"https:\/\/www.uv.mx\/prensa\/wp-json\/wp\/v2\/users\/2349"}],"replies":[{"embeddable":true,"href":"https:\/\/www.uv.mx\/prensa\/wp-json\/wp\/v2\/comments?post=140995"}],"version-history":[{"count":2,"href":"https:\/\/www.uv.mx\/prensa\/wp-json\/wp\/v2\/posts\/140995\/revisions"}],"predecessor-version":[{"id":141002,"href":"https:\/\/www.uv.mx\/prensa\/wp-json\/wp\/v2\/posts\/140995\/revisions\/141002"}],"wp:featuredmedia":[{"embeddable":true,"href":"https:\/\/www.uv.mx\/prensa\/wp-json\/wp\/v2\/media\/140983"}],"wp:attachment":[{"href":"https:\/\/www.uv.mx\/prensa\/wp-json\/wp\/v2\/media?parent=140995"}],"wp:term":[{"taxonomy":"category","embeddable":true,"href":"https:\/\/www.uv.mx\/prensa\/wp-json\/wp\/v2\/categories?post=140995"},{"taxonomy":"post_tag","embeddable":true,"href":"https:\/\/www.uv.mx\/prensa\/wp-json\/wp\/v2\/tags?post=140995"}],"curies":[{"name":"wp","href":"https:\/\/api.w.org\/{rel}","templated":true}]}}