{"id":14043,"date":"2016-08-15T11:00:00","date_gmt":"2016-08-15T16:00:00","guid":{"rendered":"https:\/\/www.uv.mx\/prensa\/?p=14043"},"modified":"2016-08-15T11:00:00","modified_gmt":"2016-08-15T16:00:00","slug":"estudiantes-de-brasil-y-durango-realizan-estancia-en-la-uv","status":"publish","type":"post","link":"https:\/\/www.uv.mx\/prensa\/regiones\/estudiantes-de-brasil-y-durango-realizan-estancia-en-la-uv\/","title":{"rendered":"Estudiantes de Brasil y Durango realizan estancia en la UV"},"content":{"rendered":"<ul>\n<li><em>Cursar\u00e1n un semestre en la Facultad de Enfermer\u00eda, como parte del programa de movilidad<\/em><\/li>\n<\/ul>\n<p>&nbsp;<\/p>\n<div id=\"attachment_14044\" style=\"width: 732px\" class=\"wp-caption aligncenter\"><a href=\"https:\/\/www.uv.mx\/prensa\/files\/2016\/08\/Monomij.jpg\"><img loading=\"lazy\" decoding=\"async\" aria-describedby=\"caption-attachment-14044\" class=\"size-full wp-image-14044\" src=\"https:\/\/www.uv.mx\/prensa\/files\/2016\/08\/Monomij.jpg\" alt=\"J\u00f3venes de Durango y Brasil que realizan movilidad en Poza Rica\" width=\"722\" height=\"566\" \/><\/a><p id=\"caption-attachment-14044\" class=\"wp-caption-text\">J\u00f3venes de Durango y Brasil que realizan movilidad en Poza Rica<\/p><\/div>\n<p>&nbsp;<\/p>\n<p><strong><em>Poza Rica, Ver.\u00a015\/08\/2016.-<\/em><\/strong>Karla Bianca Tomen, Lara Lubacheski Machado, Bruna Franca Glinski y Glaucia Suzane Gluszczak, de la Facultad de Enfermer\u00eda de la Universidad Estatal del Centro-Oeste (<em>Unicentro<\/em>), y Alejandra Mart\u00ednez, de la Universidad Ju\u00e1rez del Estado de Durango, realizan movilidad en la Facultad de Enfermer\u00eda de la Universidad Veracruzana (UV).<\/p>\n<p>Las j\u00f3venes brasile\u00f1as cursan el tercer a\u00f1o en la <em>Unicentro<\/em>, donde estudian cl\u00ednica del adulto, ni\u00f1o y mujer, investigaci\u00f3n y rehabilitaci\u00f3n.<\/p>\n<p>Gracias al convenio entre la <em>Unicentro<\/em> y la UV, se interesaron en realizar una estancia en M\u00e9xico para conocer la cultura y adquirir conocimientos del idioma espa\u00f1ol, y enriquecerse profesionalmente.<\/p>\n<p>Compartieron que sus objetivos a corto plazo son: conocer la cultura y una universidad distinta de donde provienen, as\u00ed como hacer nuevas amistades.<\/p>\n<p>Manifestaron que la <em>Unicentro<\/em> tiene planes de estudio similares a los de Colombia y M\u00e9xico, por lo que aprovechando que la UV tiene convenio con la instituci\u00f3n de donde ellas provienen, eligieron la Facultad de Enfermer\u00eda en Poza Rica.<\/p>\n<p>\u201cLogramos este intercambio gracias a que obtuvimos los mejores promedios en nuestra Facultad.\u201d<\/p>\n<p>Glaucia Suzane mencion\u00f3 que sus maestras les hablaron que ser\u00eda una experiencia muy interesante y enriquecedora venir a la UV, \u201cnos incentivaron mucho, nos dijeron que venir ac\u00e1 enriquecer\u00eda nuestro curr\u00edculum profesional, por eso vinimos\u201d.<\/p>\n<p>Originarias de Santa Mar\u00eda del Oeste e Irati, Paran\u00e1, actualmente cursan el tercer a\u00f1o de la Licenciatura en Enfermer\u00eda en la Unidad de Ciencias de la Salud en Guarapuava, Brasil; aseguran estar muy interesadas en conocer la cultura, el idioma y los lugares m\u00e1s emblem\u00e1ticos del estado y del pa\u00eds.<\/p>\n<p>Dijeron que principalmente desean conocer el ritual de los voladores de Papantla, la zona arqueol\u00f3gica El Taj\u00edn, la casa de Frida Kahlo, entre otros sitios.<\/p>\n<p>Por su parte Alejandra Mart\u00ednez, estudiante de la carrera de Enfermer\u00eda en la Universidad Ju\u00e1rez del Estado de Durango, mencion\u00f3 que en un principio ten\u00eda intenciones de estudiar en Xalapa, sin embargo de \u00faltima hora decidi\u00f3 hacerlo en Poza Rica.<\/p>\n<p>Dijo que para ella es muy importante cursar un semestre en esta casa de estudios porque desea conocer c\u00f3mo se vincula con el sector salud, adem\u00e1s de que quiere ver c\u00f3mo los maestros motivan a los alumnos para que crezcan profesionalmente.<\/p>\n","protected":false},"excerpt":{"rendered":"<p>Karla Bianca Tomen, Lara Lubacheski Machado, Bruna Franca Glinski y Glaucia Suzane Gluszczak, de la Facultad de Enfermer\u00eda de la Universidad Estatal del Centro-Oeste (Unicentro), y Alejandra Mart\u00ednez, de la Universidad Ju\u00e1rez del Estado de Durango, realizan movilidad en la Facultad de Enfermer\u00eda de la Universidad Veracruzana (UV).<\/p>\n","protected":false},"author":1810,"featured_media":14047,"comment_status":"closed","ping_status":"closed","sticky":false,"template":"","format":"standard","meta":{"footnotes":""},"categories":[32],"tags":[33],"class_list":["post-14043","post","type-post","status-publish","format-standard","has-post-thumbnail","hentry","category-regiones","tag-regiones"],"_links":{"self":[{"href":"https:\/\/www.uv.mx\/prensa\/wp-json\/wp\/v2\/posts\/14043","targetHints":{"allow":["GET"]}}],"collection":[{"href":"https:\/\/www.uv.mx\/prensa\/wp-json\/wp\/v2\/posts"}],"about":[{"href":"https:\/\/www.uv.mx\/prensa\/wp-json\/wp\/v2\/types\/post"}],"author":[{"embeddable":true,"href":"https:\/\/www.uv.mx\/prensa\/wp-json\/wp\/v2\/users\/1810"}],"replies":[{"embeddable":true,"href":"https:\/\/www.uv.mx\/prensa\/wp-json\/wp\/v2\/comments?post=14043"}],"version-history":[{"count":0,"href":"https:\/\/www.uv.mx\/prensa\/wp-json\/wp\/v2\/posts\/14043\/revisions"}],"wp:featuredmedia":[{"embeddable":true,"href":"https:\/\/www.uv.mx\/prensa\/wp-json\/wp\/v2\/media\/14047"}],"wp:attachment":[{"href":"https:\/\/www.uv.mx\/prensa\/wp-json\/wp\/v2\/media?parent=14043"}],"wp:term":[{"taxonomy":"category","embeddable":true,"href":"https:\/\/www.uv.mx\/prensa\/wp-json\/wp\/v2\/categories?post=14043"},{"taxonomy":"post_tag","embeddable":true,"href":"https:\/\/www.uv.mx\/prensa\/wp-json\/wp\/v2\/tags?post=14043"}],"curies":[{"name":"wp","href":"https:\/\/api.w.org\/{rel}","templated":true}]}}