{"id":140348,"date":"2024-02-28T10:45:36","date_gmt":"2024-02-28T16:45:36","guid":{"rendered":"https:\/\/www.uv.mx\/prensa\/?p=140348"},"modified":"2024-02-29T12:57:00","modified_gmt":"2024-02-29T18:57:00","slug":"uv-promueve-la-innovacion-y-el-emprendimiento-en-sus-estudiantes","status":"publish","type":"post","link":"https:\/\/www.uv.mx\/prensa\/regiones\/uv-promueve-la-innovacion-y-el-emprendimiento-en-sus-estudiantes\/","title":{"rendered":"UV promueve la innovaci\u00f3n y el emprendimiento en sus estudiantes"},"content":{"rendered":"<ul>\n<li data-leveltext=\"\uf0b7\" data-font=\"Symbol\" data-listid=\"1\" data-list-defn-props=\"{&quot;335552541&quot;:1,&quot;335559684&quot;:-2,&quot;335559685&quot;:700,&quot;335559991&quot;:360,&quot;469769226&quot;:&quot;Symbol&quot;,&quot;469769242&quot;:[8226],&quot;469777803&quot;:&quot;left&quot;,&quot;469777804&quot;:&quot;\uf0b7&quot;,&quot;469777815&quot;:&quot;hybridMultilevel&quot;}\" data-aria-posinset=\"1\" data-aria-level=\"1\"><i><span data-contrast=\"auto\">A trav\u00e9s de actividades como el Premio Hult Prize que este a\u00f1o tuvo como tema central \u201cUnlimited\u201d<\/span><\/i><span data-ccp-props=\"{&quot;201341983&quot;:0,&quot;335559737&quot;:-20,&quot;335559739&quot;:0,&quot;335559740&quot;:240}\">\u00a0<\/span><\/li>\n<li data-leveltext=\"\uf0b7\" data-font=\"Symbol\" data-listid=\"1\" data-list-defn-props=\"{&quot;335552541&quot;:1,&quot;335559684&quot;:-2,&quot;335559685&quot;:700,&quot;335559991&quot;:360,&quot;469769226&quot;:&quot;Symbol&quot;,&quot;469769242&quot;:[8226],&quot;469777803&quot;:&quot;left&quot;,&quot;469777804&quot;:&quot;\uf0b7&quot;,&quot;469777815&quot;:&quot;hybridMultilevel&quot;}\" data-aria-posinset=\"2\" data-aria-level=\"1\"><i><span data-contrast=\"auto\">Los proyectos ganadores del concurso interno fueron desarrollados por estudiantes de las Facultades de Enfermer\u00eda, regi\u00f3n Veracruz, y de Contadur\u00eda y Administraci\u00f3n, regi\u00f3n Xalapa<\/span><\/i><span data-ccp-props=\"{&quot;201341983&quot;:0,&quot;335559737&quot;:-20,&quot;335559739&quot;:0,&quot;335559740&quot;:240}\">\u00a0<\/span><\/li>\n<\/ul>\n<p><span data-ccp-props=\"{&quot;201341983&quot;:0,&quot;335559685&quot;:-20,&quot;335559737&quot;:-20,&quot;335559739&quot;:0,&quot;335559740&quot;:240}\">\u00a0<\/span><\/p>\n<div id=\"attachment_140279\" style=\"width: 732px\" class=\"wp-caption aligncenter\"><img loading=\"lazy\" decoding=\"async\" aria-describedby=\"caption-attachment-140279\" class=\"size-full wp-image-140279\" src=\"https:\/\/www.uv.mx\/prensa\/files\/2024\/02\/260224-PAOLA-Hult-Prize-4-100k.jpg\" alt=\"\" width=\"722\" height=\"481\" srcset=\"https:\/\/www.uv.mx\/prensa\/files\/2024\/02\/260224-PAOLA-Hult-Prize-4-100k.jpg 722w, https:\/\/www.uv.mx\/prensa\/files\/2024\/02\/260224-PAOLA-Hult-Prize-4-100k-300x200.jpg 300w\" sizes=\"auto, (max-width: 722px) 100vw, 722px\" \/><p id=\"caption-attachment-140279\" class=\"wp-caption-text\">El Premio Hult Prize desaf\u00eda a los j\u00f3venes a resolver los problemas a trav\u00e9s del emprendimiento social<\/p><\/div>\n<p><span data-ccp-props=\"{&quot;201341983&quot;:0,&quot;335559685&quot;:-20,&quot;335559737&quot;:-20,&quot;335559739&quot;:0,&quot;335559740&quot;:240}\">\u00a0<\/span><\/p>\n<p><b><i><span data-contrast=\"auto\">Paola Cort\u00e9s P\u00e9rez<\/span><\/i><\/b><span data-ccp-props=\"{&quot;201341983&quot;:0,&quot;335559685&quot;:-20,&quot;335559737&quot;:-20,&quot;335559739&quot;:0,&quot;335559740&quot;:240}\">\u00a0<\/span><\/p>\n<p><b><i><span data-contrast=\"auto\">Fotos: Omar Portilla Palacios y cortes\u00eda Premio Hult Prize<\/span><\/i><\/b><span data-ccp-props=\"{&quot;201341983&quot;:0,&quot;335559685&quot;:-20,&quot;335559737&quot;:-20,&quot;335559739&quot;:0,&quot;335559740&quot;:240}\">\u00a0<\/span><\/p>\n<p><span data-ccp-props=\"{&quot;201341983&quot;:0,&quot;335559685&quot;:-20,&quot;335559737&quot;:-20,&quot;335559739&quot;:0,&quot;335559740&quot;:240}\">\u00a0<\/span><\/p>\n<p><b><i><span data-contrast=\"auto\">28\/02\/2024, Xalapa, Ver.-<\/span><\/i><\/b><span data-contrast=\"auto\"> La <a href=\"https:\/\/www.uv.mx\/\" target=\"_blank\" rel=\"noopener\">Universidad Veracruzana<\/a> (UV) ofrece una formaci\u00f3n integral, por ello promueve la participaci\u00f3n de los estudiantes en actividades y eventos relacionados con la innovaci\u00f3n y el emprendimiento, como el Premio Hult Prize.<\/span><span data-ccp-props=\"{&quot;201341983&quot;:0,&quot;335559685&quot;:-20,&quot;335559737&quot;:-20,&quot;335559739&quot;:0,&quot;335559740&quot;:240}\">\u00a0<\/span><\/p>\n<p><span data-contrast=\"auto\">Este concurso inici\u00f3 actividades en esta casa de estudios entre 2015 y 2016. Para el presente a\u00f1o, proyectos desarrollados por estudiantes de las Facultades de Enfermer\u00eda, regi\u00f3n Veracruz, y de Contadur\u00eda y Administraci\u00f3n, regi\u00f3n Xalapa, fueron los ganadores y tendr\u00e1n la oportunidad de representar a la UV en el certamen de la regi\u00f3n Latinoam\u00e9rica y el Caribe.<\/span><span data-ccp-props=\"{&quot;201341983&quot;:0,&quot;335559685&quot;:-20,&quot;335559731&quot;:728,&quot;335559737&quot;:-20,&quot;335559739&quot;:0,&quot;335559740&quot;:240}\">\u00a0<\/span><\/p>\n<p><span data-contrast=\"auto\">El Premio Hult Prize desaf\u00eda a j\u00f3venes de m\u00e1s de 120 pa\u00edses a resolver los problemas m\u00e1s apremiantes del mundo a trav\u00e9s del emprendimiento social. Este a\u00f1o cumple 15 a\u00f1os y para celebrarlo el tema fue \u201c<\/span><i><span data-contrast=\"auto\">Unlimited<\/span><\/i><span data-contrast=\"auto\">\u201d, es decir, los participantes presentaron una idea para una empresa social, la cual debe estar alineada con al menos uno de los Objetivos de Desarrollo Sostenible de la Organizaci\u00f3n de las Naciones Unidas.<\/span><span data-ccp-props=\"{&quot;201341983&quot;:0,&quot;335559685&quot;:-20,&quot;335559731&quot;:728,&quot;335559737&quot;:-20,&quot;335559739&quot;:0,&quot;335559740&quot;:240}\">\u00a0<\/span><\/p>\n<p><span data-contrast=\"auto\">Los proyectos ganadores fueron: primer lugar, \u201cAuxiliar en la Intervenci\u00f3n para una RCP Efectiva (AIRE)\u201d, presentado por estudiantes de la Facultad de Enfermer\u00eda, regi\u00f3n Veracruz, y miembros del Centro de Capacitaci\u00f3n Universitario Veracruzano.<\/span><\/p>\n<p>&nbsp;<\/p>\n<div id=\"attachment_140274\" style=\"width: 732px\" class=\"wp-caption aligncenter\"><img loading=\"lazy\" decoding=\"async\" aria-describedby=\"caption-attachment-140274\" class=\"size-full wp-image-140274\" src=\"https:\/\/www.uv.mx\/prensa\/files\/2024\/02\/260224-PAOLA-Hult-Prize-1-100k.jpg\" alt=\"\" width=\"722\" height=\"310\" srcset=\"https:\/\/www.uv.mx\/prensa\/files\/2024\/02\/260224-PAOLA-Hult-Prize-1-100k.jpg 722w, https:\/\/www.uv.mx\/prensa\/files\/2024\/02\/260224-PAOLA-Hult-Prize-1-100k-300x129.jpg 300w, https:\/\/www.uv.mx\/prensa\/files\/2024\/02\/260224-PAOLA-Hult-Prize-1-100k-350x150.jpg 350w\" sizes=\"auto, (max-width: 722px) 100vw, 722px\" \/><p id=\"caption-attachment-140274\" class=\"wp-caption-text\">Estudiantes de la Facultad de Enfermer\u00eda, regi\u00f3n Veracruz, desarrollaron un guante gu\u00eda para realizar RCP<\/p><\/div>\n<p>&nbsp;<\/p>\n<p><span data-contrast=\"auto\">Segundo lugar, \u201c<\/span><i><span data-contrast=\"auto\">Handslate<\/span><\/i><span data-contrast=\"auto\">. Comunicaci\u00f3n inclusiva, <\/span><i><span data-contrast=\"auto\">software<\/span><\/i><span data-contrast=\"auto\"> int\u00e9rprete de lengua de se\u00f1as\u201d, por alumnos de las Licenciaturas en Sistemas Administrativos Computacionales, en Gesti\u00f3n y Direcci\u00f3n de Negocios y en Administraci\u00f3n de Empresas, de la regi\u00f3n Xalapa.<\/span><span data-ccp-props=\"{&quot;201341983&quot;:0,&quot;335559685&quot;:-20,&quot;335559731&quot;:728,&quot;335559737&quot;:-20,&quot;335559739&quot;:0,&quot;335559740&quot;:240}\">\u00a0<\/span><\/p>\n<p><span data-contrast=\"auto\">Y el tercer lugar, \u201cDispositivo Integral en la Prevenci\u00f3n de Infecciones del Torrente Sangu\u00edneo (DIPITS)\u201d, por j\u00f3venes de la Facultad de Enfermer\u00eda, regi\u00f3n Veracruz.<\/span><span data-ccp-props=\"{&quot;201341983&quot;:0,&quot;335559685&quot;:-20,&quot;335559731&quot;:728,&quot;335559737&quot;:-20,&quot;335559739&quot;:0,&quot;335559740&quot;:240}\">\u00a0<\/span><\/p>\n<p><span data-contrast=\"auto\">Alejandro Salvador Lara Utrera, l\u00edder del proyecto AIRE, coment\u00f3 que \u00e9l y el resto de los integrantes siempre han mostrado un inter\u00e9s por desarrollar proyectos de emprendimiento, especialmente en el \u00e1rea de enfermer\u00eda, donde se ha explorado poco y hay muchas necesidades.<\/span><span data-ccp-props=\"{&quot;201341983&quot;:0,&quot;335559685&quot;:-20,&quot;335559731&quot;:728,&quot;335559737&quot;:-20,&quot;335559739&quot;:0,&quot;335559740&quot;:240}\">\u00a0<\/span><\/p>\n<p><span data-contrast=\"auto\">\u201cDecidimos participar porque pensamos que como estudiantes es importante adquirir competencias para el desarrollo de proyectos innovadores que den soluci\u00f3n a problemas sociales\u201d, expres\u00f3 Erik Hern\u00e1ndez Ponce, l\u00edder del proyecto DIPITS.<\/span><span data-ccp-props=\"{&quot;201341983&quot;:0,&quot;335559685&quot;:-20,&quot;335559731&quot;:728,&quot;335559737&quot;:-20,&quot;335559739&quot;:0,&quot;335559740&quot;:240}\">\u00a0<\/span><\/p>\n<p><span data-contrast=\"auto\">Monserrat J\u00e1come dijo que el aprendizaje que le dej\u00f3 a su equipo es la importancia de pensar en la huella que dejar\u00e1n en otras personas, \u201ceste premio busca la mejor versi\u00f3n de nosotros para que la comunidad y la sociedad puedan beneficiarse\u201d.<\/span><span data-ccp-props=\"{&quot;201341983&quot;:0,&quot;335559685&quot;:-20,&quot;335559731&quot;:728,&quot;335559737&quot;:-20,&quot;335559739&quot;:0,&quot;335559740&quot;:240}\">\u00a0<\/span><\/p>\n<p><span data-contrast=\"auto\">Alejandro Salvador Lara coment\u00f3 que el Premio Hult Prize los motiva a concursar y colaborar en futuros proyectos, adem\u00e1s de contribuir a su crecimiento personal y profesional al aprender de otras disciplinas, lo cual enriquece su formaci\u00f3n.<\/span><\/p>\n<p>&nbsp;<\/p>\n<div id=\"attachment_140275\" style=\"width: 732px\" class=\"wp-caption aligncenter\"><img loading=\"lazy\" decoding=\"async\" aria-describedby=\"caption-attachment-140275\" class=\"size-full wp-image-140275\" src=\"https:\/\/www.uv.mx\/prensa\/files\/2024\/02\/260224-PAOLA-Hult-Prize-2-100k.jpg\" alt=\"\" width=\"722\" height=\"323\" srcset=\"https:\/\/www.uv.mx\/prensa\/files\/2024\/02\/260224-PAOLA-Hult-Prize-2-100k.jpg 722w, https:\/\/www.uv.mx\/prensa\/files\/2024\/02\/260224-PAOLA-Hult-Prize-2-100k-300x134.jpg 300w\" sizes=\"auto, (max-width: 722px) 100vw, 722px\" \/><p id=\"caption-attachment-140275\" class=\"wp-caption-text\">Alumnos de la Facultad de Contadur\u00eda y Administraci\u00f3n elaboraron software para que la poblaci\u00f3n sorda se comunique con facilidad<\/p><\/div>\n<p>&nbsp;<\/p>\n<p><span data-contrast=\"auto\">Esmeralda Cuevas Quintanar, coordinadora del concurso interno Hult Prize, mencion\u00f3 que la convocatoria fue publicada en septiembre de 2023, registr\u00e1ndose un total de nueve equipos, y de ellos s\u00f3lo cinco llegaron a la final celebrada hace unos d\u00edas.<\/span><span data-ccp-props=\"{&quot;201341983&quot;:0,&quot;335559685&quot;:-20,&quot;335559731&quot;:728,&quot;335559737&quot;:-20,&quot;335559739&quot;:0,&quot;335559740&quot;:240}\">\u00a0<\/span><\/p>\n<p><span data-contrast=\"auto\">Los tres equipos ganadores representar\u00e1n a la UV en la etapa regional de Latinoam\u00e9rica y el Caribe. Al ser un concurso internacional se presenta un reto: el idioma, ya que uno de los requerimientos es que la presentaci\u00f3n de los mismos se haga en ingl\u00e9s, apunt\u00f3.<\/span><span data-ccp-props=\"{&quot;201341983&quot;:0,&quot;335559685&quot;:-20,&quot;335559731&quot;:728,&quot;335559737&quot;:-20,&quot;335559739&quot;:0,&quot;335559740&quot;:240}\">\u00a0<\/span><\/p>\n<p><span data-contrast=\"auto\">\u201cPensamos en c\u00f3mo resolver esta situaci\u00f3n, entonces la estrategia a seguir fue invitar a alumnos de la Facultad de Idiomas como <\/span><i><span data-contrast=\"auto\">english<\/span><\/i> <i><span data-contrast=\"auto\">speakers<\/span><\/i><span data-contrast=\"auto\"> para apoyar a los equipos, dado que todos los materiales, asesor\u00edas, juntas y dem\u00e1s actividades son en este idioma.\u201d<\/span><span data-ccp-props=\"{&quot;201341983&quot;:0,&quot;335559685&quot;:-20,&quot;335559731&quot;:728,&quot;335559737&quot;:-20,&quot;335559739&quot;:0,&quot;335559740&quot;:240}\">\u00a0<\/span><\/p>\n<p><span data-contrast=\"auto\">Por \u00faltimo, H\u00e9ctor Villanueva Lendechy, jefe del Departamento de la Oficina de Transferencia de Tecnolog\u00eda (OTT) de la Direcci\u00f3n General de Vinculaci\u00f3n, destac\u00f3 que con este tipo de actividades la UV busca ofrecer una formaci\u00f3n integral que los estudiantes han sabido aprovechar.<\/span><span data-ccp-props=\"{&quot;201341983&quot;:0,&quot;335559685&quot;:-20,&quot;335559731&quot;:728,&quot;335559737&quot;:-20,&quot;335559739&quot;:0,&quot;335559740&quot;:240}\">\u00a0<\/span><\/p>\n<p><span data-ccp-props=\"{&quot;201341983&quot;:0,&quot;335559737&quot;:-20,&quot;335559739&quot;:0,&quot;335559740&quot;:240}\">\u00a0<\/span><\/p>\n<p><b><span data-contrast=\"auto\">AIRE<\/span><\/b><span data-ccp-props=\"{&quot;201341983&quot;:0,&quot;335559685&quot;:-20,&quot;335559737&quot;:-20,&quot;335559739&quot;:0,&quot;335559740&quot;:240}\">\u00a0<\/span><\/p>\n<p><span data-contrast=\"auto\">El proyecto ganador del primer lugar se denomina \u201cAuxiliar en la Intervenci\u00f3n para una RCP Efectiva\u201d, desarrollado por estudiantes de la Facultad de Enfermer\u00eda, regi\u00f3n Xalapa.<\/span><span data-ccp-props=\"{&quot;201341983&quot;:0,&quot;335559685&quot;:-20,&quot;335559737&quot;:-20,&quot;335559739&quot;:0,&quot;335559740&quot;:240}\">\u00a0<\/span><\/p>\n<p><span data-contrast=\"auto\">Alejandro Salvador Lara explic\u00f3 que es un guante que gu\u00eda a las personas para realizar una reanimaci\u00f3n cardiopulmonar (RCP) efectiva y segura, ya que una de las causas de fallecimiento m\u00e1s com\u00fan es el fallo cardiorrespiratorio y los problemas card\u00edacos, que se presentan generalmente en viviendas y lugares p\u00fablicos.<\/span><span data-ccp-props=\"{&quot;201341983&quot;:0,&quot;335559685&quot;:-20,&quot;335559731&quot;:728,&quot;335559737&quot;:-20,&quot;335559739&quot;:0,&quot;335559740&quot;:240}\">\u00a0<\/span><\/p>\n<p><span data-contrast=\"auto\">\u201cSabemos que casi el 100% de las personas no saben c\u00f3mo reaccionar en estos momentos cr\u00edticos; con este dispositivo les damos una soluci\u00f3n efectiva y esperemos que nuestro guante est\u00e9 disponible en escuelas, casas, oficinas y hospitales.\u201d<\/span><span data-ccp-props=\"{&quot;201341983&quot;:0,&quot;335559685&quot;:-20,&quot;335559731&quot;:728,&quot;335559737&quot;:-20,&quot;335559739&quot;:0,&quot;335559740&quot;:240}\">\u00a0<\/span><\/p>\n<p><span data-ccp-props=\"{&quot;201341983&quot;:0,&quot;335559685&quot;:-20,&quot;335559737&quot;:-20,&quot;335559739&quot;:0,&quot;335559740&quot;:240}\">\u00a0<\/span><\/p>\n<p><b><i><span data-contrast=\"auto\">Handslate<\/span><\/i><\/b><span data-ccp-props=\"{&quot;201341983&quot;:0,&quot;335559685&quot;:-20,&quot;335559737&quot;:-20,&quot;335559739&quot;:0,&quot;335559740&quot;:240}\">\u00a0<\/span><\/p>\n<p><span data-contrast=\"auto\">Monserrat J\u00e1come mencion\u00f3 que <\/span><i><span data-contrast=\"auto\">Handslate<\/span><\/i><span data-contrast=\"auto\"> es una aplicaci\u00f3n para interpretar la Lengua de Se\u00f1as Mexicana, la cual permitir\u00e1 que la poblaci\u00f3n sorda mejore su comunicaci\u00f3n en los lugares p\u00fablicos y en las instituciones.<\/span><span data-ccp-props=\"{&quot;201341983&quot;:0,&quot;335559685&quot;:-20,&quot;335559737&quot;:-20,&quot;335559739&quot;:0,&quot;335559740&quot;:240}\">\u00a0<\/span><\/p>\n<p><span data-contrast=\"auto\">\u201cNos dimos cuenta de la necesidad que hay, pese a que la poblaci\u00f3n y la comunidad sorda tal vez no sea tan amplia; consideramos que es una buena oportunidad para brindarles una herramienta que les permita visitar lugares p\u00fablicos sin necesidad de tener un int\u00e9rprete; con esto tratamos que sean un poco m\u00e1s independientes.\u201d<\/span><span data-ccp-props=\"{&quot;201341983&quot;:0,&quot;335559685&quot;:-20,&quot;335559731&quot;:728,&quot;335559737&quot;:-20,&quot;335559739&quot;:0,&quot;335559740&quot;:240}\">\u00a0<\/span><\/p>\n<p><span data-contrast=\"auto\">Para el desarrollo de la aplicaci\u00f3n, se\u00f1al\u00f3, se apoyaron en la inteligencia artificial, especialmente para reconocer los gestos y las se\u00f1as, as\u00ed como para \u2013posteriormente\u2013 traducirlos a texto y viceversa.<\/span><span data-ccp-props=\"{&quot;201341983&quot;:0,&quot;335559685&quot;:-20,&quot;335559731&quot;:728,&quot;335559737&quot;:-20,&quot;335559739&quot;:0,&quot;335559740&quot;:240}\">\u00a0<\/span><\/p>\n<p><span data-contrast=\"auto\">\u201cQueremos que la aplicaci\u00f3n pueda usarse con lenguas de se\u00f1as de otros pa\u00edses. El proyecto lo tenemos por escrito y contamos con un prototipo que puede reconocer cuatro gestos, pero esperamos que con m\u00e1s trabajo se reconozcan m\u00e1s palabras y frases.\u201d<\/span><span data-ccp-props=\"{&quot;201341983&quot;:0,&quot;335559685&quot;:-20,&quot;335559731&quot;:728,&quot;335559737&quot;:-20,&quot;335559739&quot;:0,&quot;335559740&quot;:240}\">\u00a0<\/span><\/p>\n<p><span data-ccp-props=\"{&quot;201341983&quot;:0,&quot;335559737&quot;:-20,&quot;335559739&quot;:0,&quot;335559740&quot;:240}\">\u00a0<\/span><\/p>\n<div id=\"attachment_140276\" style=\"width: 732px\" class=\"wp-caption aligncenter\"><img loading=\"lazy\" decoding=\"async\" aria-describedby=\"caption-attachment-140276\" class=\"size-full wp-image-140276\" src=\"https:\/\/www.uv.mx\/prensa\/files\/2024\/02\/260224-PAOLA-Hult-Prize-3-100k.jpg\" alt=\"\" width=\"722\" height=\"353\" \/><p id=\"caption-attachment-140276\" class=\"wp-caption-text\">Universitarios de la regi\u00f3n Veracruz elaboraron un dispositivo para la prevenci\u00f3n de infecciones del torrente sangu\u00edneo<\/p><\/div>\n<p>&nbsp;<\/p>\n<p><b><span data-contrast=\"auto\">DIPITS<\/span><\/b><span data-ccp-props=\"{&quot;201341983&quot;:0,&quot;335559737&quot;:-20,&quot;335559739&quot;:0,&quot;335559740&quot;:240}\">\u00a0<\/span><\/p>\n<p><span data-contrast=\"auto\">El Dispositivo Integral en la Prevenci\u00f3n de Infecciones del Torrente Sangu\u00edneo, detall\u00f3 Erik Hern\u00e1ndez, surge de la necesidad cl\u00ednica que tiene el personal de enfermer\u00eda, as\u00ed como para mejorar la calidad de vida de muchas personas.<\/span><span data-ccp-props=\"{&quot;201341983&quot;:0,&quot;335559737&quot;:-20,&quot;335559739&quot;:0,&quot;335559740&quot;:240}\">\u00a0<\/span><\/p>\n<p><span data-contrast=\"auto\">El DIPITS puede ser usado en hospitales y en los hogares de los pacientes; como su nombre lo indica, podr\u00e1 detectar y con ello prevenir infecciones por virus, hongos o bacterias, al funcionar como un desinfectante autom\u00e1tico para el sistema sangu\u00edneo central, con lo que se evitan los aparatos invasivos que hay en los hospitales.<\/span><span data-ccp-props=\"{&quot;201341983&quot;:0,&quot;335559731&quot;:708,&quot;335559737&quot;:-20,&quot;335559739&quot;:0,&quot;335559740&quot;:240}\">\u00a0<\/span><\/p>\n<div id=\"attachment_140277\" style=\"width: 732px\" class=\"wp-caption aligncenter\"><img loading=\"lazy\" decoding=\"async\" aria-describedby=\"caption-attachment-140277\" class=\"size-full wp-image-140277\" src=\"https:\/\/www.uv.mx\/prensa\/files\/2024\/02\/260224-PAOLA-Hult-Prize-5-100k.jpg\" alt=\"\" width=\"722\" height=\"480\" srcset=\"https:\/\/www.uv.mx\/prensa\/files\/2024\/02\/260224-PAOLA-Hult-Prize-5-100k.jpg 722w, https:\/\/www.uv.mx\/prensa\/files\/2024\/02\/260224-PAOLA-Hult-Prize-5-100k-300x199.jpg 300w\" sizes=\"auto, (max-width: 722px) 100vw, 722px\" \/><p id=\"caption-attachment-140277\" class=\"wp-caption-text\">H\u00e9ctor Villanueva, jefe del Departamento de la OTT de la UV<\/p><\/div>\n","protected":false},"excerpt":{"rendered":"<p>Los tres proyectos premiados por la iniciativa Hult Prize representar\u00e1n a esta casa de estudios en la etapa regional de Latinoam\u00e9rica y el Caribe\u00a0<\/p>\n","protected":false},"author":2349,"featured_media":140278,"comment_status":"closed","ping_status":"closed","sticky":false,"template":"","format":"standard","meta":{"footnotes":""},"categories":[15423,8455,61,32,55],"tags":[15937,15938,15944,994,15943,7371,11221,699,114,13084,15939,2299,15942,5457,15941,10715,10107,7769,15935,9944,15936,15940],"class_list":["post-140348","post","type-post","status-publish","format-standard","has-post-thumbnail","hentry","category-estudiantes","category-internacionalizacion","category-banner","category-regiones","category-veracruz","tag-auxiliar-en-la-intervencion-para-una-rcp-efectiva-aire","tag-comunicacion-inclusiva","tag-departamento-de-la-oficina-de-transferencia-de-tecnologia-ott","tag-direccion-general-de-vinculacion","tag-dispositivo-integral-en-la-prevencion-de-infecciones-del-torrente-sanguineo-dipits","tag-emprendimiento","tag-emprendimiento-social","tag-facultad-de-contaduria-y-administracion","tag-facultad-de-enfermeria","tag-ganadores","tag-handslate-comunicacion-inclusiva","tag-innovacion","tag-licenciatura-en-administracion-de-empresas","tag-licenciatura-en-gestion-y-direccion-de-negocios","tag-licenciatura-en-sistemas-administrativos-computacionales","tag-objetivos-de-desarrollo-sostenible-ods","tag-organizacion-de-las-naciones-unidas-onu","tag-premiados","tag-premio-hult-prize","tag-proyectos","tag-region-latinoamerica-y-el-caribe","tag-software-interprete-de-lengua-de-senas"],"_links":{"self":[{"href":"https:\/\/www.uv.mx\/prensa\/wp-json\/wp\/v2\/posts\/140348","targetHints":{"allow":["GET"]}}],"collection":[{"href":"https:\/\/www.uv.mx\/prensa\/wp-json\/wp\/v2\/posts"}],"about":[{"href":"https:\/\/www.uv.mx\/prensa\/wp-json\/wp\/v2\/types\/post"}],"author":[{"embeddable":true,"href":"https:\/\/www.uv.mx\/prensa\/wp-json\/wp\/v2\/users\/2349"}],"replies":[{"embeddable":true,"href":"https:\/\/www.uv.mx\/prensa\/wp-json\/wp\/v2\/comments?post=140348"}],"version-history":[{"count":1,"href":"https:\/\/www.uv.mx\/prensa\/wp-json\/wp\/v2\/posts\/140348\/revisions"}],"predecessor-version":[{"id":140418,"href":"https:\/\/www.uv.mx\/prensa\/wp-json\/wp\/v2\/posts\/140348\/revisions\/140418"}],"wp:featuredmedia":[{"embeddable":true,"href":"https:\/\/www.uv.mx\/prensa\/wp-json\/wp\/v2\/media\/140278"}],"wp:attachment":[{"href":"https:\/\/www.uv.mx\/prensa\/wp-json\/wp\/v2\/media?parent=140348"}],"wp:term":[{"taxonomy":"category","embeddable":true,"href":"https:\/\/www.uv.mx\/prensa\/wp-json\/wp\/v2\/categories?post=140348"},{"taxonomy":"post_tag","embeddable":true,"href":"https:\/\/www.uv.mx\/prensa\/wp-json\/wp\/v2\/tags?post=140348"}],"curies":[{"name":"wp","href":"https:\/\/api.w.org\/{rel}","templated":true}]}}