{"id":14004,"date":"2016-08-15T08:49:35","date_gmt":"2016-08-15T13:49:35","guid":{"rendered":"https:\/\/www.uv.mx\/prensa\/?p=14004"},"modified":"2016-08-15T08:49:35","modified_gmt":"2016-08-15T13:49:35","slug":"uvi-totonacapan-recibio-a-estudiantes-de-nuevo-ingreso","status":"publish","type":"post","link":"https:\/\/www.uv.mx\/prensa\/regiones\/uvi-totonacapan-recibio-a-estudiantes-de-nuevo-ingreso\/","title":{"rendered":"UVI Totonacapan recibi\u00f3 a estudiantes de nuevo ingreso"},"content":{"rendered":"<p><strong><em>Alma Celia San Mart\u00edn<\/em><\/strong><\/p>\n<p>&nbsp;<\/p>\n<div id=\"attachment_14006\" style=\"width: 732px\" class=\"wp-caption aligncenter\"><a href=\"https:\/\/www.uv.mx\/prensa\/files\/2016\/08\/UVI-Totoasas.jpg\"><img aria-describedby=\"caption-attachment-14006\" decoding=\"async\" loading=\"lazy\" class=\"size-full wp-image-14006\" src=\"https:\/\/www.uv.mx\/prensa\/files\/2016\/08\/UVI-Totoasas.jpg\" alt=\"Autoridades universitarias dieron la bienvenida a los estudiantes de nuevo ingreso en la UVI Totonacapan\" width=\"722\" height=\"542\" srcset=\"https:\/\/www.uv.mx\/prensa\/files\/2016\/08\/UVI-Totoasas.jpg 722w, https:\/\/www.uv.mx\/prensa\/files\/2016\/08\/UVI-Totoasas-300x225.jpg 300w\" sizes=\"(max-width: 722px) 100vw, 722px\" \/><\/a><p id=\"caption-attachment-14006\" class=\"wp-caption-text\">Autoridades universitarias dieron la bienvenida a los estudiantes de nuevo ingreso en la UVI Totonacapan<\/p><\/div>\n<p>&nbsp;<\/p>\n<p><strong><em>Poza Rica, Ver.<\/em><\/strong>\u00a0<strong><em>15\/08\/2016.-<\/em><\/strong><em>\u00a0<\/em>Autoridades de la Universidad Veracruzana Intercultural (UVI), sede Totonacapan, dieron la bienvenida a estudiantes de nuevo ingreso a la Licenciatura en Gesti\u00f3n Intercultural para el Desarrollo (LGID) con una ceremonia de purificaci\u00f3n realizada por curanderas tradicionales de Filomeno Mata.<\/p>\n<p>El acto se realiz\u00f3 en las instalaciones de la sede, con la presencia del vicerrector de la regi\u00f3n Poza Rica-Tuxpan, Jos\u00e9 Luis Alan\u00eds M\u00e9ndez; la directora y el secretario de la UVI, Shantal Meseguer Galv\u00e1n y Alonso Ir\u00e1n S\u00e1nchez Hern\u00e1ndez, respectivamente.<\/p>\n<p>La Directora de la UVI dio la bienvenida los estudiantes de nuevo ingreso a la LGID en la sede Totonacapan y los exhort\u00f3 a dar su mejor esfuerzo en esta nueva etapa como universitarios.<\/p>\n<p>Se\u00f1al\u00f3 que la UVI es resultado de la lucha de los pueblos ind\u00edgenas, un derecho que ha sido bien ganado, por ello es que esta instituci\u00f3n y quienes la representan deben servir a las personas de las regiones ind\u00edgenas.<\/p>\n<p>\u201cNo es algo que se nos haya dado, ha sido una lucha en la cual han participado muchas personas de diferentes regiones y por eso hoy la UVI es una realidad que est\u00e1 dando resultados y ello lo podemos palpar a trav\u00e9s de nuestros egresados.\u201d<\/p>\n<p>&nbsp;<\/p>\n<div id=\"attachment_14007\" style=\"width: 732px\" class=\"wp-caption aligncenter\"><a href=\"https:\/\/www.uv.mx\/prensa\/files\/2016\/08\/Uokoko.jpg\"><img aria-describedby=\"caption-attachment-14007\" decoding=\"async\" loading=\"lazy\" class=\"size-full wp-image-14007\" src=\"https:\/\/www.uv.mx\/prensa\/files\/2016\/08\/Uokoko.jpg\" alt=\"Al evento asistieron acad\u00e9micos, alumnos y padres de\" width=\"722\" height=\"480\" srcset=\"https:\/\/www.uv.mx\/prensa\/files\/2016\/08\/Uokoko.jpg 722w, https:\/\/www.uv.mx\/prensa\/files\/2016\/08\/Uokoko-300x199.jpg 300w\" sizes=\"(max-width: 722px) 100vw, 722px\" \/><\/a><p id=\"caption-attachment-14007\" class=\"wp-caption-text\">Al evento asistieron acad\u00e9micos, alumnos y padres de<\/p><\/div>\n<p>&nbsp;<\/p>\n<p>De igual manera, se anunci\u00f3 que Antonino Santiago Isidro ser\u00e1 el coordinador de la sede Totonacapan, adem\u00e1s de reconocer el trabajo y empe\u00f1o de Ang\u00e9lica Hern\u00e1ndez V\u00e1zquez, quien anteriormente estuvo al frente de \u00e9sta.<\/p>\n<p>En su intervenci\u00f3n el Vicerrector dijo que la UV recibe con los brazos abiertos a los j\u00f3venes que cursar\u00e1n una carrera universitaria a lo largo de cuatro a\u00f1os, ese tiempo les permitir\u00e1 prepararse para asumir retos que en un futuro les llevar\u00e1 a ser excelentes profesionistas para beneficio de sus comunidades, del estado y del pa\u00eds. \u00a0\u00a0\u00a0\u00a0\u00a0\u00a0\u00a0\u00a0 Asimismo ofreci\u00f3 apoyar los proyectos que los estudiantes realicen.<\/p>\n<p>En el mismo acto se entregaron paquetes de libros de la colecci\u00f3n Biblioteca del Universitario (BU) a los alumnos de nuevo ingreso, as\u00ed como notas laudatorias a estudiantes de tercero, quinto y s\u00e9ptimo semestre que alcanzaron promedios altos.<\/p>\n<p>Al evento asistieron: Griselda P\u00e9rez, directora del Colegio de Bachilleres del Estado de Veracruz Plantel 27 de Espinal; Bulmaro P\u00e9rez Miranda, integrante del Primer Consejo Consultivo de la UVI Totonacapan; Luis Hern\u00e1ndez S\u00e1nchez, director del Parque Tem\u00e1tico Takilhs\u00fakut; Fidencia Castellanos, impulsora de actividades culturales, as\u00ed como acad\u00e9micos de la sede intercultural.<\/p>\n","protected":false},"excerpt":{"rendered":"<p><strong><em>Alma Celia San Mart\u00edn.-<\/em><\/strong>Autoridades de la Universidad Veracruzana Intercultural (UVI), sede Totonacapan, dieron la bienvenida a estudiantes de nuevo ingreso a la Licenciatura en Gesti\u00f3n Intercultural para el Desarrollo (LGID) con una ceremonia de purificaci\u00f3n realizada por curanderas tradicionales de Filomeno Mata.<\/p>\n","protected":false},"author":1810,"featured_media":14005,"comment_status":"closed","ping_status":"closed","sticky":false,"template":"","format":"standard","meta":[],"categories":[32],"tags":[33],"_links":{"self":[{"href":"https:\/\/www.uv.mx\/prensa\/wp-json\/wp\/v2\/posts\/14004"}],"collection":[{"href":"https:\/\/www.uv.mx\/prensa\/wp-json\/wp\/v2\/posts"}],"about":[{"href":"https:\/\/www.uv.mx\/prensa\/wp-json\/wp\/v2\/types\/post"}],"author":[{"embeddable":true,"href":"https:\/\/www.uv.mx\/prensa\/wp-json\/wp\/v2\/users\/1810"}],"replies":[{"embeddable":true,"href":"https:\/\/www.uv.mx\/prensa\/wp-json\/wp\/v2\/comments?post=14004"}],"version-history":[{"count":0,"href":"https:\/\/www.uv.mx\/prensa\/wp-json\/wp\/v2\/posts\/14004\/revisions"}],"wp:featuredmedia":[{"embeddable":true,"href":"https:\/\/www.uv.mx\/prensa\/wp-json\/wp\/v2\/media\/14005"}],"wp:attachment":[{"href":"https:\/\/www.uv.mx\/prensa\/wp-json\/wp\/v2\/media?parent=14004"}],"wp:term":[{"taxonomy":"category","embeddable":true,"href":"https:\/\/www.uv.mx\/prensa\/wp-json\/wp\/v2\/categories?post=14004"},{"taxonomy":"post_tag","embeddable":true,"href":"https:\/\/www.uv.mx\/prensa\/wp-json\/wp\/v2\/tags?post=14004"}],"curies":[{"name":"wp","href":"https:\/\/api.w.org\/{rel}","templated":true}]}}