{"id":140007,"date":"2024-02-21T12:01:26","date_gmt":"2024-02-21T18:01:26","guid":{"rendered":"https:\/\/www.uv.mx\/prensa\/?p=140007"},"modified":"2024-02-21T12:01:26","modified_gmt":"2024-02-21T18:01:26","slug":"miedo-ansiedad-y-fobias-enemigos-de-la-salud-dental-andrea-sanchez","status":"publish","type":"post","link":"https:\/\/www.uv.mx\/prensa\/eventos\/miedo-ansiedad-y-fobias-enemigos-de-la-salud-dental-andrea-sanchez\/","title":{"rendered":"Miedo, ansiedad y fobias, enemigos de la salud dental: Andrea S\u00e1nchez"},"content":{"rendered":"<p><span data-ccp-props=\"{&quot;335551550&quot;:1,&quot;335551620&quot;:1}\">\u00a0<\/span><\/p>\n<ul>\n<li data-leveltext=\"\uf0b7\" data-font=\"Symbol\" data-listid=\"6\" data-list-defn-props=\"{&quot;335552541&quot;:1,&quot;335559684&quot;:-2,&quot;335559685&quot;:720,&quot;335559991&quot;:360,&quot;469769226&quot;:&quot;Symbol&quot;,&quot;469769242&quot;:[8226],&quot;469777803&quot;:&quot;left&quot;,&quot;469777804&quot;:&quot;\uf0b7&quot;,&quot;469777815&quot;:&quot;hybridMultilevel&quot;}\" data-aria-posinset=\"1\" data-aria-level=\"1\"><i><span data-contrast=\"auto\">La egresada de la Maestr\u00eda en Ciencias de la Salud de la Universidad Veracruzana afirm\u00f3 que quienes las tienen soportan dolor antes de pedir ayuda a un profesional<\/span><\/i><span data-ccp-props=\"{}\">\u00a0<\/span><\/li>\n<li data-leveltext=\"\uf0b7\" data-font=\"Symbol\" data-listid=\"6\" data-list-defn-props=\"{&quot;335552541&quot;:1,&quot;335559684&quot;:-2,&quot;335559685&quot;:720,&quot;335559991&quot;:360,&quot;469769226&quot;:&quot;Symbol&quot;,&quot;469769242&quot;:[8226],&quot;469777803&quot;:&quot;left&quot;,&quot;469777804&quot;:&quot;\uf0b7&quot;,&quot;469777815&quot;:&quot;hybridMultilevel&quot;}\" data-aria-posinset=\"2\" data-aria-level=\"1\"><i><span data-contrast=\"auto\">Un paciente con fobia puede pasar hasta 17 d\u00edas de dolor antes de consultar al odont\u00f3logo, afirm\u00f3<\/span><\/i><span data-ccp-props=\"{}\">\u00a0<\/span><\/li>\n<\/ul>\n<p><span data-ccp-props=\"{}\">\u00a0<\/span><\/p>\n<div id=\"attachment_139949\" style=\"width: 732px\" class=\"wp-caption aligncenter\"><img aria-describedby=\"caption-attachment-139949\" decoding=\"async\" loading=\"lazy\" class=\"size-full wp-image-139949\" src=\"https:\/\/www.uv.mx\/prensa\/files\/2024\/02\/190224-CARLOS-Miedo-salud-bucodental-1.jpg\" alt=\"\" width=\"722\" height=\"430\" srcset=\"https:\/\/www.uv.mx\/prensa\/files\/2024\/02\/190224-CARLOS-Miedo-salud-bucodental-1.jpg 722w, https:\/\/www.uv.mx\/prensa\/files\/2024\/02\/190224-CARLOS-Miedo-salud-bucodental-1-300x179.jpg 300w\" sizes=\"(max-width: 722px) 100vw, 722px\" \/><p id=\"caption-attachment-139949\" class=\"wp-caption-text\">Andrea Cristina S\u00e1nchez Almanza, egresada de la Maestr\u00eda en Ciencias de la Salud<\/p><\/div>\n<p><span data-ccp-props=\"{}\">\u00a0<\/span><\/p>\n<p><b><i><span data-contrast=\"auto\">Carlos Hugo Hermida Rosales<\/span><\/i><\/b><span data-ccp-props=\"{}\">\u00a0<\/span><\/p>\n<p><b><i><span data-contrast=\"auto\">Fotos: Omar portilla Palacios<\/span><\/i><\/b><span data-ccp-props=\"{}\">\u00a0<\/span><\/p>\n<p><b><i><span data-contrast=\"auto\">21\/02\/2024, Xalapa, Ver.-<\/span><\/i><\/b><span data-contrast=\"auto\"> \u201cLa ansiedad y las fobias son grandes enemigos de la salud dental, pues provocan que una alta cantidad de personas eviten o pospongan sus visitas al odont\u00f3logo\u201d, asegur\u00f3 Andrea Cristina S\u00e1nchez Almanza, egresada de la Maestr\u00eda en Ciencias de la Salud de la Universidad Veracruzana (UV).\u00a0<\/span><span data-ccp-props=\"{}\">\u00a0<\/span><\/p>\n<p><span data-contrast=\"auto\">La dentista imparti\u00f3 la charla virtual \u201cEl miedo como barrera para la salud bucodental\u201d, organizada por el Sistema de Atenci\u00f3n Integral a la Salud de la casa de estudios citada (SAISUV).\u00a0<\/span><span data-ccp-props=\"{&quot;335559731&quot;:708}\">\u00a0<\/span><\/p>\n<p><span data-contrast=\"auto\">Andrea S\u00e1nchez explic\u00f3 que la ansiedad dental es una respuesta multisist\u00e9mica a una creencia de peligro o amenaza, la cual es una experiencia individual, subjetiva y genera un serio impacto en la salud cotidiana.<\/span><\/p>\n<p>&nbsp;<\/p>\n<div id=\"attachment_139950\" style=\"width: 732px\" class=\"wp-caption aligncenter\"><img aria-describedby=\"caption-attachment-139950\" decoding=\"async\" loading=\"lazy\" class=\"size-full wp-image-139950\" src=\"https:\/\/www.uv.mx\/prensa\/files\/2024\/02\/190224-CARLOS-Miedo-salud-bucodental-2.jpg\" alt=\"\" width=\"722\" height=\"435\" srcset=\"https:\/\/www.uv.mx\/prensa\/files\/2024\/02\/190224-CARLOS-Miedo-salud-bucodental-2.jpg 722w, https:\/\/www.uv.mx\/prensa\/files\/2024\/02\/190224-CARLOS-Miedo-salud-bucodental-2-300x181.jpg 300w\" sizes=\"(max-width: 722px) 100vw, 722px\" \/><p id=\"caption-attachment-139950\" class=\"wp-caption-text\">La negligencia y descuidos del odont\u00f3logo fomentan la ansiedad dental<\/p><\/div>\n<p><span data-contrast=\"auto\">\u00a0<\/span><span data-ccp-props=\"{&quot;335559731&quot;:708}\">\u00a0<\/span><\/p>\n<p><span data-contrast=\"auto\">Por su parte, la fobia dental es un estado grave de la anterior y representa un tipo severo, caracterizado por una marcada y persistente preocupaci\u00f3n con relaci\u00f3n a situaciones u objetos claramente discernibles como las inyecciones.<\/span><span data-ccp-props=\"{&quot;335559731&quot;:708}\">\u00a0<\/span><\/p>\n<p><span data-contrast=\"auto\">La ansiedad influye notablemente en la salud oral, porque es un predictor de riesgo de caries y una importante barrera para la b\u00fasqueda de atenci\u00f3n; un paciente con fobia llega a sufrir en promedio 17.3 d\u00edas de dolor antes de consultar al odont\u00f3logo, asever\u00f3.<\/span><span data-ccp-props=\"{&quot;335559731&quot;:708}\">\u00a0<\/span><\/p>\n<p><span data-contrast=\"auto\">La dentista comparti\u00f3 que el primer padecimiento tiene una prevalencia de entre el cuatro y el 23% en la poblaci\u00f3n de Europa, y de hasta el 41% en adultos de Sudam\u00e9rica; mientras que en Estados Unidos, un aproximado de 12 millones de personas presentan alguna fobia.<\/span><\/p>\n<p>&nbsp;<\/p>\n<div id=\"attachment_139951\" style=\"width: 732px\" class=\"wp-caption aligncenter\"><img aria-describedby=\"caption-attachment-139951\" decoding=\"async\" loading=\"lazy\" class=\"size-full wp-image-139951\" src=\"https:\/\/www.uv.mx\/prensa\/files\/2024\/02\/190224-CARLOS-Miedo-salud-bucodental-3.jpg\" alt=\"\" width=\"722\" height=\"432\" srcset=\"https:\/\/www.uv.mx\/prensa\/files\/2024\/02\/190224-CARLOS-Miedo-salud-bucodental-3.jpg 722w, https:\/\/www.uv.mx\/prensa\/files\/2024\/02\/190224-CARLOS-Miedo-salud-bucodental-3-300x180.jpg 300w\" sizes=\"(max-width: 722px) 100vw, 722px\" \/><p id=\"caption-attachment-139951\" class=\"wp-caption-text\">El dentista ayuda a prevenir procedimientos invasivos y costosos<\/p><\/div>\n<p><span data-contrast=\"auto\">\u00a0<\/span><span data-ccp-props=\"{&quot;335559731&quot;:708}\">\u00a0<\/span><\/p>\n<p><span data-contrast=\"auto\">Coment\u00f3 que los principales factores de su desarrollo son una actitud y trato inadecuado del odont\u00f3logo, negligencia, tiempos de espera prolongados, procedimientos mal realizados y diagn\u00f3sticos err\u00f3neos.<\/span><span data-ccp-props=\"{&quot;335559731&quot;:708}\">\u00a0<\/span><\/p>\n<p><span data-contrast=\"auto\">Andrea S\u00e1nchez mencion\u00f3 que es tarea del profesional de la salud bucal promover la comunicaci\u00f3n con sus pacientes, as\u00ed como implementar t\u00e9cnicas de relajaci\u00f3n y distracci\u00f3n entre las que est\u00e1n la m\u00fasica de fondo, e incluso pel\u00edculas para los pacientes.\u00a0<\/span><span data-ccp-props=\"{&quot;335559731&quot;:708}\">\u00a0<\/span><\/p>\n<p><span data-contrast=\"auto\">\u201cTambi\u00e9n es una excelente idea brindar a la persona que acude al consultorio la percepci\u00f3n de que puede detener la acci\u00f3n cuando lo estime conveniente\u201d, agreg\u00f3.\u00a0<\/span><span data-ccp-props=\"{&quot;335559731&quot;:708}\">\u00a0<\/span><\/p>\n<p><span data-contrast=\"auto\">Enfatiz\u00f3 que el dentista ayuda a prevenir procedimientos invasivos y costosos, por lo cual es fundamental visitarlo regularmente para cuidar la salud oral y mejorar la calidad de vida.<\/span><\/p>\n","protected":false},"excerpt":{"rendered":"<p>Son una importante barrera para que los pacientes acudan con un odont\u00f3logo<\/p>\n","protected":false},"author":1869,"featured_media":139948,"comment_status":"closed","ping_status":"closed","sticky":false,"template":"","format":"standard","meta":[],"categories":[47,61],"tags":[1776,311,4161,15758,10530,15760,15759,6462,1974,13922,124,78],"_links":{"self":[{"href":"https:\/\/www.uv.mx\/prensa\/wp-json\/wp\/v2\/posts\/140007"}],"collection":[{"href":"https:\/\/www.uv.mx\/prensa\/wp-json\/wp\/v2\/posts"}],"about":[{"href":"https:\/\/www.uv.mx\/prensa\/wp-json\/wp\/v2\/types\/post"}],"author":[{"embeddable":true,"href":"https:\/\/www.uv.mx\/prensa\/wp-json\/wp\/v2\/users\/1869"}],"replies":[{"embeddable":true,"href":"https:\/\/www.uv.mx\/prensa\/wp-json\/wp\/v2\/comments?post=140007"}],"version-history":[{"count":1,"href":"https:\/\/www.uv.mx\/prensa\/wp-json\/wp\/v2\/posts\/140007\/revisions"}],"predecessor-version":[{"id":140014,"href":"https:\/\/www.uv.mx\/prensa\/wp-json\/wp\/v2\/posts\/140007\/revisions\/140014"}],"wp:featuredmedia":[{"embeddable":true,"href":"https:\/\/www.uv.mx\/prensa\/wp-json\/wp\/v2\/media\/139948"}],"wp:attachment":[{"href":"https:\/\/www.uv.mx\/prensa\/wp-json\/wp\/v2\/media?parent=140007"}],"wp:term":[{"taxonomy":"category","embeddable":true,"href":"https:\/\/www.uv.mx\/prensa\/wp-json\/wp\/v2\/categories?post=140007"},{"taxonomy":"post_tag","embeddable":true,"href":"https:\/\/www.uv.mx\/prensa\/wp-json\/wp\/v2\/tags?post=140007"}],"curies":[{"name":"wp","href":"https:\/\/api.w.org\/{rel}","templated":true}]}}