{"id":139984,"date":"2024-02-20T18:41:46","date_gmt":"2024-02-21T00:41:46","guid":{"rendered":"https:\/\/www.uv.mx\/prensa\/?p=139984"},"modified":"2024-06-10T14:37:46","modified_gmt":"2024-06-10T19:37:46","slug":"uv-promueve-la-cultura-del-uso-optimo-y-responsable-del-agua","status":"publish","type":"post","link":"https:\/\/www.uv.mx\/prensa\/banner\/uv-promueve-la-cultura-del-uso-optimo-y-responsable-del-agua\/","title":{"rendered":"UV promueve la cultura del uso \u00f3ptimo y responsable del agua"},"content":{"rendered":"<ul>\n<li data-leveltext=\"\uf0b7\" data-font=\"Symbol\" data-listid=\"2\" data-list-defn-props=\"{&quot;335551671&quot;:0,&quot;335552541&quot;:1,&quot;335559684&quot;:-2,&quot;335559685&quot;:720,&quot;335559991&quot;:360,&quot;469769226&quot;:&quot;Symbol&quot;,&quot;469769242&quot;:[8226],&quot;469777803&quot;:&quot;left&quot;,&quot;469777804&quot;:&quot;\uf0b7&quot;,&quot;469777815&quot;:&quot;hybridMultilevel&quot;}\" data-aria-posinset=\"0\" data-aria-level=\"1\"><span data-contrast=\"auto\">Cosustenta<\/span><i><span data-contrast=\"auto\"> imparte pl\u00e1ticas de capacitaci\u00f3n a personal encargado de mantenimiento en instalaciones universitarias<\/span><\/i><span data-ccp-props=\"{&quot;201341983&quot;:0,&quot;335559739&quot;:0,&quot;335559740&quot;:240}\">\u00a0<\/span><\/li>\n<li data-leveltext=\"\uf0b7\" data-font=\"Symbol\" data-listid=\"2\" data-list-defn-props=\"{&quot;335551671&quot;:0,&quot;335552541&quot;:1,&quot;335559684&quot;:-2,&quot;335559685&quot;:720,&quot;335559991&quot;:360,&quot;469769226&quot;:&quot;Symbol&quot;,&quot;469769242&quot;:[8226],&quot;469777803&quot;:&quot;left&quot;,&quot;469777804&quot;:&quot;\uf0b7&quot;,&quot;469777815&quot;:&quot;hybridMultilevel&quot;}\" data-aria-posinset=\"0\" data-aria-level=\"1\"><i><span data-contrast=\"auto\">Se realizan diagn\u00f3sticos para detectar fugas y repararlas<\/span><\/i><span data-ccp-props=\"{&quot;201341983&quot;:0,&quot;335559739&quot;:0,&quot;335559740&quot;:240}\">\u00a0<\/span><\/li>\n<\/ul>\n<p><span data-ccp-props=\"{&quot;201341983&quot;:0,&quot;335559685&quot;:0,&quot;335559739&quot;:0,&quot;335559740&quot;:240}\">\u00a0<\/span><\/p>\n<div id=\"attachment_139930\" style=\"width: 732px\" class=\"wp-caption aligncenter\"><img aria-describedby=\"caption-attachment-139930\" decoding=\"async\" loading=\"lazy\" class=\"size-full wp-image-139930\" src=\"https:\/\/www.uv.mx\/prensa\/files\/2024\/02\/150224-COUTTOLENC-Uso-optimo-del-agua-4-100k.jpg\" alt=\"\" width=\"722\" height=\"482\" srcset=\"https:\/\/www.uv.mx\/prensa\/files\/2024\/02\/150224-COUTTOLENC-Uso-optimo-del-agua-4-100k.jpg 722w, https:\/\/www.uv.mx\/prensa\/files\/2024\/02\/150224-COUTTOLENC-Uso-optimo-del-agua-4-100k-300x200.jpg 300w\" sizes=\"(max-width: 722px) 100vw, 722px\" \/><p id=\"caption-attachment-139930\" class=\"wp-caption-text\">Se capacita en la calibraci\u00f3n de v\u00e1lvulas en cajas de ba\u00f1o para reducir el gasto de agua<\/p><\/div>\n<p><span data-ccp-props=\"{&quot;201341983&quot;:0,&quot;335559739&quot;:0,&quot;335559740&quot;:240}\">\u00a0<\/span><\/p>\n<p><b><i><span data-contrast=\"auto\">Jos\u00e9 Luis Couttolenc Soto<\/span><\/i><\/b><span data-ccp-props=\"{&quot;201341983&quot;:0,&quot;335559739&quot;:0,&quot;335559740&quot;:240}\">\u00a0<\/span><\/p>\n<p><b><i><span data-contrast=\"auto\">Fotos: Omar Portilla Palacios<\/span><\/i><\/b><span data-ccp-props=\"{&quot;201341983&quot;:0,&quot;335559739&quot;:0,&quot;335559740&quot;:240}\">\u00a0<\/span><\/p>\n<p><span data-ccp-props=\"{&quot;201341983&quot;:0,&quot;335559739&quot;:0,&quot;335559740&quot;:240}\">\u00a0<\/span><\/p>\n<p><b><i><span data-contrast=\"auto\">20\/02\/2024, Xalapa, Ver.- <\/span><\/i><\/b><span data-contrast=\"auto\">Laura Bello Benavides, titular de la Coordinaci\u00f3n Universitaria para la Sustentabilidad (<\/span><i><span data-contrast=\"auto\">Cosustenta<\/span><\/i><span data-contrast=\"auto\">) de la Universidad Veracruzana (UV), inform\u00f3 que con la finalidad de promover la cultura del uso \u00f3ptimo<\/span> <span data-contrast=\"auto\">y responsable del agua, esta casa de estudios implement\u00f3 y puso en marcha el programa \u201cAgua, derecho humano para todas y todos los universitarios\u201d.<\/span><span data-ccp-props=\"{&quot;201341983&quot;:0,&quot;335559739&quot;:0,&quot;335559740&quot;:240}\">\u00a0<\/span><\/p>\n<p><span data-contrast=\"auto\">Explic\u00f3 que el programa piloto inici\u00f3 en la Unidad de Ciencias de la Salud (UCS), en donde la <\/span><i><span data-contrast=\"auto\">Cosustenta <\/span><\/i><span data-contrast=\"auto\">ofreci\u00f3 charlas de capacitaci\u00f3n al personal encargado de mantenimiento, a fin de realizar diagn\u00f3sticos de instalaciones hidr\u00e1ulicas, detectar probables fugas del l\u00edquido y proceder a su reparaci\u00f3n para evitar su desperdicio.<\/span><\/p>\n<p>&nbsp;<\/p>\n<div id=\"attachment_139927\" style=\"width: 732px\" class=\"wp-caption aligncenter\"><img aria-describedby=\"caption-attachment-139927\" decoding=\"async\" loading=\"lazy\" class=\"size-full wp-image-139927\" src=\"https:\/\/www.uv.mx\/prensa\/files\/2024\/02\/150224-COUTTOLENC-Uso-optimo-del-agua-1-100k.jpg\" alt=\"\" width=\"722\" height=\"482\" \/><p id=\"caption-attachment-139927\" class=\"wp-caption-text\">Laura Bello Benavides dio a conocer que la UV promueve el uso \u00f3ptimo y responsable del agua<\/p><\/div>\n<p>&nbsp;<\/p>\n<p><span data-contrast=\"auto\">Bello Benavides dio a conocer que en la UCS tiene ubicados los puntos que presentan alguna falla y que se implementan ya las acciones correspondientes para su reparaci\u00f3n, \u201cporque queremos que en muy corto plazo tengamos cero fugas\u201d.<\/span><span data-ccp-props=\"{&quot;201341983&quot;:0,&quot;335559739&quot;:0,&quot;335559740&quot;:240}\">\u00a0<\/span><\/p>\n<p><span data-contrast=\"auto\">Dijo que en cada entidad acad\u00e9mica y espacio universitario se cuenta con un enlace de sustentabilidad, que junto con acad\u00e9micos, acad\u00e9micas, administrativos y estudiantes forman un colectivo de cuidadores del agua, identifican fugas y lo reportan de inmediato, y permanecen pendientes de que su uso sea el correcto, principalmente en los retretes que es en donde hay m\u00e1s salida de agua.<\/span><span data-ccp-props=\"{&quot;201341983&quot;:0,&quot;335559739&quot;:0,&quot;335559740&quot;:240}\">\u00a0<\/span><\/p>\n<p><span data-contrast=\"auto\">Para el diagn\u00f3stico de la red hidr\u00e1ulica de la UCS, se cont\u00f3 con la colaboraci\u00f3n de maestros y estudiantes de las Facultades de Ingenier\u00eda Ambiental e Ingenier\u00eda Civil.<\/span><\/p>\n<p>&nbsp;<\/p>\n<div id=\"attachment_139928\" style=\"width: 732px\" class=\"wp-caption aligncenter\"><img aria-describedby=\"caption-attachment-139928\" decoding=\"async\" loading=\"lazy\" class=\"size-full wp-image-139928\" src=\"https:\/\/www.uv.mx\/prensa\/files\/2024\/02\/150224-COUTTOLENC-Uso-optimo-del-agua-2-100k.jpg\" alt=\"\" width=\"722\" height=\"482\" srcset=\"https:\/\/www.uv.mx\/prensa\/files\/2024\/02\/150224-COUTTOLENC-Uso-optimo-del-agua-2-100k.jpg 722w, https:\/\/www.uv.mx\/prensa\/files\/2024\/02\/150224-COUTTOLENC-Uso-optimo-del-agua-2-100k-300x200.jpg 300w\" sizes=\"(max-width: 722px) 100vw, 722px\" \/><p id=\"caption-attachment-139928\" class=\"wp-caption-text\">Rafael Ortega Sol\u00eds explic\u00f3 que cada unidad, facultad o dependencia de la UV, tiene sus particularidades porque cuenta con equipos diferentes<\/p><\/div>\n<p>&nbsp;<\/p>\n<p><span data-contrast=\"auto\">Rafael Ortega Sol\u00eds, capacitador de <\/span><i><span data-contrast=\"auto\">Cosustenta<\/span><\/i><span data-contrast=\"auto\">, explic\u00f3 que cada unidad, facultad o dependencia de la UV tiene sus particularidades porque tienen equipos diferentes, por lo que se dise\u00f1aron pl\u00e1ticas con el prop\u00f3sito de capacitarlos adecuadamente respecto a la calibraci\u00f3n de v\u00e1lvulas en cajas de ba\u00f1o para reducir el gasto de agua.<\/span><span data-ccp-props=\"{&quot;201341983&quot;:0,&quot;335559739&quot;:0,&quot;335559740&quot;:240}\">\u00a0<\/span><\/p>\n<p><span data-contrast=\"auto\">\u201cCon la detecci\u00f3n y reparaci\u00f3n de fugas, as\u00ed como la disminuci\u00f3n en el consumo de agua, se podr\u00e1 tener un gasto controlado en el uso del l\u00edquido\u201d, dijo y agreg\u00f3 que para concientizar a los alumnos y alumnas se tiene contemplada otra estrategia que incluye las preguntas: \u201c\u00bfQu\u00e9 uso le doy al agua?, \u00bfqu\u00e9 tipo de consumidor de agua soy?, \u00bfle cerr\u00e9 bien a la llave?\u201d, y otras m\u00e1s de este tipo.<\/span><span data-ccp-props=\"{&quot;201341983&quot;:0,&quot;335559739&quot;:0,&quot;335559740&quot;:240}\">\u00a0<\/span><\/p>\n<p>&nbsp;<\/p>\n<div id=\"attachment_139929\" style=\"width: 732px\" class=\"wp-caption aligncenter\"><img aria-describedby=\"caption-attachment-139929\" decoding=\"async\" loading=\"lazy\" class=\"size-full wp-image-139929\" src=\"https:\/\/www.uv.mx\/prensa\/files\/2024\/02\/150224-COUTTOLENC-Uso-optimo-del-agua-3-100k.jpg\" alt=\"\" width=\"722\" height=\"482\" srcset=\"https:\/\/www.uv.mx\/prensa\/files\/2024\/02\/150224-COUTTOLENC-Uso-optimo-del-agua-3-100k.jpg 722w, https:\/\/www.uv.mx\/prensa\/files\/2024\/02\/150224-COUTTOLENC-Uso-optimo-del-agua-3-100k-300x200.jpg 300w\" sizes=\"(max-width: 722px) 100vw, 722px\" \/><p id=\"caption-attachment-139929\" class=\"wp-caption-text\">Mercedes Soledad Brice\u00f1o Acosta, acad\u00e9mica de la Facultad de Odontolog\u00eda y coordinadora de Sustentabilidad en la UCS<\/p><\/div>\n<p>&nbsp;<\/p>\n<p><span data-contrast=\"auto\">Por su parte, Mercedes Soledad Brice\u00f1o Acosta, acad\u00e9mica de la Facultad de Odontolog\u00eda y coordinadora de Sustentabilidad en la UCS, calific\u00f3 de importante este programa porque da la oportunidad de mejorar el sistema de suministro y consumo de agua; record\u00f3 que la UCS fue de las primeras en instalar los bebederos.<\/span><span data-ccp-props=\"{&quot;201341983&quot;:0,&quot;335559739&quot;:0,&quot;335559740&quot;:240}\">\u00a0<\/span><\/p>\n<p><span data-contrast=\"auto\">Mencion\u00f3 que otro beneficio del programa es que a trav\u00e9s de un medidor interno que coloc\u00f3 la UV, fue posible detectar una fuga de agua en \u00e9poca en que no se contaba con poblaci\u00f3n estudiantil, \u201cse trat\u00f3 de una v\u00e1lvula que estaba invertida y se solucion\u00f3 ese problema en particular\u201d.<\/span><span data-ccp-props=\"{&quot;201341983&quot;:0,&quot;335559739&quot;:0,&quot;335559740&quot;:240}\">\u00a0<\/span><\/p>\n<p><span data-contrast=\"auto\">Los integrantes de <\/span><i><span data-contrast=\"auto\">Cosustenta<\/span><\/i><span data-contrast=\"auto\"> subrayaron que este programa se aplicar\u00e1, con el mismo prop\u00f3sito, en todas las entidades universitarias.<\/span><\/p>\n<div id=\"attachment_139931\" style=\"width: 732px\" class=\"wp-caption aligncenter\"><img aria-describedby=\"caption-attachment-139931\" decoding=\"async\" loading=\"lazy\" class=\"size-full wp-image-139931\" src=\"https:\/\/www.uv.mx\/prensa\/files\/2024\/02\/150224-COUTTOLENC-Uso-optimo-del-agua-5-100k.jpg\" alt=\"\" width=\"722\" height=\"482\" srcset=\"https:\/\/www.uv.mx\/prensa\/files\/2024\/02\/150224-COUTTOLENC-Uso-optimo-del-agua-5-100k.jpg 722w, https:\/\/www.uv.mx\/prensa\/files\/2024\/02\/150224-COUTTOLENC-Uso-optimo-del-agua-5-100k-300x200.jpg 300w\" sizes=\"(max-width: 722px) 100vw, 722px\" \/><p id=\"caption-attachment-139931\" class=\"wp-caption-text\">En la Unidad de Ciencias de la Salud Cosustenta inici\u00f3 programa para evitar desperdicio de agua<\/p><\/div>\n","protected":false},"excerpt":{"rendered":"<p>Con el proyecto \u201cAgua, derecho humano para todas y todos los universitarios\u201d se pretende llegar a cero fugas\u00a0<\/p>\n","protected":false},"author":2349,"featured_media":139932,"comment_status":"closed","ping_status":"closed","sticky":false,"template":"","format":"standard","meta":[],"categories":[61,5174,6299],"tags":[3266,17608,441,10247,17605,190,196,17606,4162,6462,12686,17607],"_links":{"self":[{"href":"https:\/\/www.uv.mx\/prensa\/wp-json\/wp\/v2\/posts\/139984"}],"collection":[{"href":"https:\/\/www.uv.mx\/prensa\/wp-json\/wp\/v2\/posts"}],"about":[{"href":"https:\/\/www.uv.mx\/prensa\/wp-json\/wp\/v2\/types\/post"}],"author":[{"embeddable":true,"href":"https:\/\/www.uv.mx\/prensa\/wp-json\/wp\/v2\/users\/2349"}],"replies":[{"embeddable":true,"href":"https:\/\/www.uv.mx\/prensa\/wp-json\/wp\/v2\/comments?post=139984"}],"version-history":[{"count":1,"href":"https:\/\/www.uv.mx\/prensa\/wp-json\/wp\/v2\/posts\/139984\/revisions"}],"predecessor-version":[{"id":139985,"href":"https:\/\/www.uv.mx\/prensa\/wp-json\/wp\/v2\/posts\/139984\/revisions\/139985"}],"wp:featuredmedia":[{"embeddable":true,"href":"https:\/\/www.uv.mx\/prensa\/wp-json\/wp\/v2\/media\/139932"}],"wp:attachment":[{"href":"https:\/\/www.uv.mx\/prensa\/wp-json\/wp\/v2\/media?parent=139984"}],"wp:term":[{"taxonomy":"category","embeddable":true,"href":"https:\/\/www.uv.mx\/prensa\/wp-json\/wp\/v2\/categories?post=139984"},{"taxonomy":"post_tag","embeddable":true,"href":"https:\/\/www.uv.mx\/prensa\/wp-json\/wp\/v2\/tags?post=139984"}],"curies":[{"name":"wp","href":"https:\/\/api.w.org\/{rel}","templated":true}]}}