{"id":138751,"date":"2024-01-15T18:41:32","date_gmt":"2024-01-16T00:41:32","guid":{"rendered":"https:\/\/www.uv.mx\/prensa\/?p=138751"},"modified":"2024-01-22T15:37:28","modified_gmt":"2024-01-22T21:37:28","slug":"crianza-parental-factor-que-determina-estilos-de-vida-saludable","status":"publish","type":"post","link":"https:\/\/www.uv.mx\/prensa\/ciencia\/crianza-parental-factor-que-determina-estilos-de-vida-saludable\/","title":{"rendered":"Crianza parental, factor que determina estilos de vida saludable"},"content":{"rendered":"<ul>\n<li data-leveltext=\"\uf0b7\" data-font=\"Symbol\" data-listid=\"1\" data-list-defn-props=\"{&quot;335551671&quot;:0,&quot;335552541&quot;:1,&quot;335559684&quot;:-2,&quot;335559685&quot;:720,&quot;335559991&quot;:360,&quot;469769226&quot;:&quot;Symbol&quot;,&quot;469769242&quot;:[8226],&quot;469777803&quot;:&quot;left&quot;,&quot;469777804&quot;:&quot;\uf0b7&quot;,&quot;469777815&quot;:&quot;hybridMultilevel&quot;}\" data-aria-posinset=\"0\" data-aria-level=\"1\"><i><span data-contrast=\"none\">\u201cLa adolescencia es una de las etapas de cambio m\u00e1s importante\u201d: Christian Julia Maraboto Croda, egresada de posgrado en la UV<\/span><\/i><span data-ccp-props=\"{&quot;134233117&quot;:false,&quot;134233118&quot;:false,&quot;201341983&quot;:0,&quot;335559738&quot;:0,&quot;335559739&quot;:0,&quot;335559740&quot;:240}\">\u00a0<\/span><\/li>\n<li data-leveltext=\"\uf0b7\" data-font=\"Symbol\" data-listid=\"1\" data-list-defn-props=\"{&quot;335551671&quot;:0,&quot;335552541&quot;:1,&quot;335559684&quot;:-2,&quot;335559685&quot;:720,&quot;335559991&quot;:360,&quot;469769226&quot;:&quot;Symbol&quot;,&quot;469769242&quot;:[8226],&quot;469777803&quot;:&quot;left&quot;,&quot;469777804&quot;:&quot;\uf0b7&quot;,&quot;469777815&quot;:&quot;hybridMultilevel&quot;}\" data-aria-posinset=\"0\" data-aria-level=\"1\"><i><span data-contrast=\"none\">Hace llamado a evitar consumo de bebidas azucaradas por las complicaciones a la salud que genera<\/span><\/i><span data-ccp-props=\"{&quot;134233117&quot;:false,&quot;134233118&quot;:false,&quot;201341983&quot;:0,&quot;335559738&quot;:0,&quot;335559739&quot;:0,&quot;335559740&quot;:240}\">\u00a0<\/span><\/li>\n<\/ul>\n<p><span data-ccp-props=\"{&quot;134233117&quot;:false,&quot;134233118&quot;:false,&quot;201341983&quot;:0,&quot;335559738&quot;:0,&quot;335559739&quot;:0,&quot;335559740&quot;:240}\">\u00a0<\/span><\/p>\n<div id=\"attachment_138728\" style=\"width: 732px\" class=\"wp-caption aligncenter\"><img aria-describedby=\"caption-attachment-138728\" decoding=\"async\" loading=\"lazy\" class=\"size-full wp-image-138728\" src=\"https:\/\/www.uv.mx\/prensa\/files\/2024\/01\/150124-COUTTOLENC-Crianza-parental-1.jpg\" alt=\"\" width=\"722\" height=\"485\" srcset=\"https:\/\/www.uv.mx\/prensa\/files\/2024\/01\/150124-COUTTOLENC-Crianza-parental-1.jpg 722w, https:\/\/www.uv.mx\/prensa\/files\/2024\/01\/150124-COUTTOLENC-Crianza-parental-1-300x202.jpg 300w\" sizes=\"(max-width: 722px) 100vw, 722px\" \/><p id=\"caption-attachment-138728\" class=\"wp-caption-text\">Christian Julia Maraboto Croda asegur\u00f3 que la crianza parental determina estilos de vida saludable<\/p><\/div>\n<p><span data-ccp-props=\"{&quot;134233117&quot;:false,&quot;134233118&quot;:false,&quot;201341983&quot;:0,&quot;335559738&quot;:0,&quot;335559739&quot;:0,&quot;335559740&quot;:240}\">\u00a0<\/span><\/p>\n<p><b><i><span data-contrast=\"none\">Jos\u00e9 Luis Couttolenc Soto<\/span><\/i><\/b><span data-ccp-props=\"{&quot;134233117&quot;:false,&quot;134233118&quot;:false,&quot;201341983&quot;:0,&quot;335559738&quot;:0,&quot;335559739&quot;:0,&quot;335559740&quot;:240}\">\u00a0<\/span><\/p>\n<p><b><i><span data-contrast=\"none\">Fotos: Luis Fernando Fern\u00e1ndez y cortes\u00eda Christian Maraboto<\/span><\/i><\/b><span data-ccp-props=\"{&quot;134233117&quot;:false,&quot;134233118&quot;:false,&quot;201341983&quot;:0,&quot;335559738&quot;:0,&quot;335559739&quot;:0,&quot;335559740&quot;:240}\">\u00a0<\/span><\/p>\n<p><b><i><span data-contrast=\"none\">15\/01\/2024, Xalapa, Ver.- <\/span><\/i><\/b><span data-contrast=\"none\">La adolescencia es una de las etapas de cambio m\u00e1s importante en la vida del ser humano, y all\u00ed cobra importancia la crianza parental que puede ser factor determinante para adoptar estilos de vida saludable o h\u00e1bitos de alimentaci\u00f3n, y evitar el consumo de bebidas azucaradas.<\/span><span data-ccp-props=\"{&quot;134233117&quot;:false,&quot;134233118&quot;:false,&quot;201341983&quot;:0,&quot;335559738&quot;:0,&quot;335559739&quot;:0,&quot;335559740&quot;:240}\">\u00a0<\/span><\/p>\n<p><span data-contrast=\"none\">A la anterior conclusi\u00f3n lleg\u00f3 Christian Julia Maraboto Croda, resultado de su investigaci\u00f3n \u201cPr\u00e1cticas de crianza parental, estilos de vida y consumo de bebidas azucaradas en adolescentes\u201d, con la que obtuvo la Maestr\u00eda en Biolog\u00eda Integrativa, tras defender su tesis en examen de grado en el auditorio de la Direcci\u00f3n General de Investigaciones.<\/span><span data-ccp-props=\"{&quot;134233117&quot;:false,&quot;134233118&quot;:false,&quot;201341983&quot;:0,&quot;335559738&quot;:0,&quot;335559739&quot;:0,&quot;335559740&quot;:240}\">\u00a0<\/span><\/p>\n<p><span data-contrast=\"none\">Para su investigaci\u00f3n y con la direcci\u00f3n de Mar\u00eda del Socorro Herrera Meza, la estudiante de posgrado realiz\u00f3 un estudio cuantitativo de tipo transversal, descriptivo y anal\u00edtico, en una muestra de 442 adolescentes de entre 11 y 16 a\u00f1os de edad (alumnas y alumnos de tres secundarias t\u00e9cnicas de Xalapa).<\/span><span data-ccp-props=\"{&quot;134233117&quot;:false,&quot;134233118&quot;:false,&quot;201341983&quot;:0,&quot;335559738&quot;:0,&quot;335559739&quot;:0,&quot;335559740&quot;:240}\">\u00a0<\/span><\/p>\n<p><span data-contrast=\"none\">Con consentimiento informado de los padres y el asentimiento informado de los adolescentes, Maraboto Croda aplic\u00f3 como instrumentos la escala de crianza parental, escala de estilos de vida y el cuestionario BEVQ-15.<\/span><\/p>\n<p>&nbsp;<\/p>\n<div id=\"attachment_138729\" style=\"width: 732px\" class=\"wp-caption aligncenter\"><img aria-describedby=\"caption-attachment-138729\" decoding=\"async\" loading=\"lazy\" class=\"size-full wp-image-138729\" src=\"https:\/\/www.uv.mx\/prensa\/files\/2024\/01\/150124-COUTTOLENC-Crianza-parental-2.jpg\" alt=\"\" width=\"722\" height=\"452\" srcset=\"https:\/\/www.uv.mx\/prensa\/files\/2024\/01\/150124-COUTTOLENC-Crianza-parental-2.jpg 722w, https:\/\/www.uv.mx\/prensa\/files\/2024\/01\/150124-COUTTOLENC-Crianza-parental-2-300x188.jpg 300w, https:\/\/www.uv.mx\/prensa\/files\/2024\/01\/150124-COUTTOLENC-Crianza-parental-2-200x125.jpg 200w\" sizes=\"(max-width: 722px) 100vw, 722px\" \/><p id=\"caption-attachment-138729\" class=\"wp-caption-text\">Con la defensa de su tesis \u201cPr\u00e1cticas de crianza parental, estilos de vida y consumo de bebidas azucaradas en adolescentes\u201d, la universitaria obtuvo la Maestr\u00eda en Biolog\u00eda Integrativa<\/p><\/div>\n<p>&nbsp;<\/p>\n<p><span data-contrast=\"none\">Encontr\u00f3 que la preferencia de cierto tipo de bebidas como t\u00e9s comerciales azucarados, t\u00e9 verde, yogurt para beber, frapp\u00e9 de caf\u00e9 y algunas bebidas alcoh\u00f3licas, est\u00e1 diferenciada entre hombres y mujeres; los resultados sugieren que el control y apoyo de los padres correlacionan positivamente con algunos estilos de vida, dado que el consumo de mililitros, kilocalor\u00edas e hidratos de carbono de las bebidas azucaradas detonan padecimientos.<\/span><\/p>\n<p><span data-contrast=\"none\">Tales hallazgos, apunt\u00f3 la universitaria, permiten afirmar que las pr\u00e1cticas positivas de la crianza parental de los adolescentes se relacionan con estilos de vida m\u00e1s saludables y menor consumo de bebidas azucaradas.<\/span><span data-ccp-props=\"{&quot;134233117&quot;:false,&quot;134233118&quot;:false,&quot;201341983&quot;:0,&quot;335559731&quot;:708,&quot;335559738&quot;:0,&quot;335559739&quot;:0,&quot;335559740&quot;:240}\">\u00a0<\/span><\/p>\n<p><span data-contrast=\"none\">Julia Maroboto refiri\u00f3 que de <\/span><span data-contrast=\"auto\">acuerdo con la Encuesta Nacional de Salud y Nutrici\u00f3n (<\/span><i><span data-contrast=\"auto\">Ensanut<\/span><\/i><span data-contrast=\"auto\">) 2018, el consumo de los grupos de alimentos no recomendables fue elevado entre las y los adolescentes; las bebidas no l\u00e1cteas endulzadas fueron las m\u00e1s consumidas con el 87%: el cual fue mayor en hombres (89.8%) en comparaci\u00f3n con mujeres (84.7%).<\/span><span data-ccp-props=\"{&quot;134233117&quot;:false,&quot;134233118&quot;:false,&quot;201341983&quot;:0,&quot;335559731&quot;:708,&quot;335559738&quot;:0,&quot;335559739&quot;:0,&quot;335559740&quot;:240}\">\u00a0<\/span><\/p>\n<p><span data-contrast=\"auto\">Detall\u00f3 que el consumo en exceso de bebidas azucaradas a largo plazo puede desarrollar enfermedades <\/span><span data-contrast=\"auto\">cardiovasculares<\/span> <span data-contrast=\"auto\">como hipertensi\u00f3n, sobrepeso y obesidad, entre muchas otras.<\/span><span data-ccp-props=\"{&quot;134233117&quot;:false,&quot;134233118&quot;:false,&quot;201341983&quot;:0,&quot;335559731&quot;:708,&quot;335559738&quot;:0,&quot;335559739&quot;:0,&quot;335559740&quot;:240}\">\u00a0<\/span><\/p>\n<p>&nbsp;<\/p>\n<div id=\"attachment_138730\" style=\"width: 732px\" class=\"wp-caption aligncenter\"><img aria-describedby=\"caption-attachment-138730\" decoding=\"async\" loading=\"lazy\" class=\"size-full wp-image-138730\" src=\"https:\/\/www.uv.mx\/prensa\/files\/2024\/01\/150124-COUTTOLENC-Crianza-parental-3-ok.jpg\" alt=\"\" width=\"722\" height=\"464\" srcset=\"https:\/\/www.uv.mx\/prensa\/files\/2024\/01\/150124-COUTTOLENC-Crianza-parental-3-ok.jpg 722w, https:\/\/www.uv.mx\/prensa\/files\/2024\/01\/150124-COUTTOLENC-Crianza-parental-3-ok-300x193.jpg 300w\" sizes=\"(max-width: 722px) 100vw, 722px\" \/><p id=\"caption-attachment-138730\" class=\"wp-caption-text\">La alumna de posgrado realiz\u00f3 un estudio cuantitativo de tipo transversal, descriptivo y anal\u00edtico, en alumnas y alumnos de tres secundarias t\u00e9cnicas de Xalapa<\/p><\/div>\n<p>&nbsp;<\/p>\n<p><span data-contrast=\"auto\">Se estima que en M\u00e9xico anualmente el 7%\u00a0 est\u00e1n relacionadas con el consumo de bebidas azucaradas; para 2030 1 de cada 2 ni\u00f1as y ni\u00f1os desarrollar\u00e1n diabetes; Chiapas es el estado con mayor consumo de bebidas con az\u00facar (los ni\u00f1os se desayunan con este tipo de bebidas) y Veracruz est\u00e1 entre las primeras entidades con mayor \u00edndice de sobrepeso y obesidad, principal factor para desarrollar diabetes.<\/span><span data-ccp-props=\"{&quot;134233117&quot;:false,&quot;134233118&quot;:false,&quot;201341983&quot;:0,&quot;335559731&quot;:708,&quot;335559738&quot;:0,&quot;335559739&quot;:0,&quot;335559740&quot;:240}\">\u00a0<\/span><\/p>\n<p><span data-contrast=\"auto\">En la investigaci\u00f3n, fue importante tambi\u00e9n la asesor\u00eda que le brindaron Yolanda Campos Uscanga, adscrita al Instituto de Salud P\u00fablica, y Tania Romo Gonz\u00e1lez de la Parra, del Instituto de Investigaciones Biol\u00f3gicas.<\/span><span data-ccp-props=\"{&quot;134233117&quot;:false,&quot;134233118&quot;:false,&quot;201341983&quot;:0,&quot;335559731&quot;:708,&quot;335559738&quot;:0,&quot;335559739&quot;:0,&quot;335559740&quot;:240}\">\u00a0<\/span><\/p>\n","protected":false},"excerpt":{"rendered":"<p>De acuerdo a informaci\u00f3n de Ensanut 2018, el consumo de alimentos no recomendables fue elevado entre adolescentes\u00a0<\/p>\n","protected":false},"author":2349,"featured_media":138727,"comment_status":"closed","ping_status":"closed","sticky":false,"template":"","format":"standard","meta":[],"categories":[45,15423,61],"tags":[12314,9991,15320,441,15319,4918,241,15322,10155,15321,792,1444,4162,6592,8216,394,7841,15167],"_links":{"self":[{"href":"https:\/\/www.uv.mx\/prensa\/wp-json\/wp\/v2\/posts\/138751"}],"collection":[{"href":"https:\/\/www.uv.mx\/prensa\/wp-json\/wp\/v2\/posts"}],"about":[{"href":"https:\/\/www.uv.mx\/prensa\/wp-json\/wp\/v2\/types\/post"}],"author":[{"embeddable":true,"href":"https:\/\/www.uv.mx\/prensa\/wp-json\/wp\/v2\/users\/2349"}],"replies":[{"embeddable":true,"href":"https:\/\/www.uv.mx\/prensa\/wp-json\/wp\/v2\/comments?post=138751"}],"version-history":[{"count":1,"href":"https:\/\/www.uv.mx\/prensa\/wp-json\/wp\/v2\/posts\/138751\/revisions"}],"predecessor-version":[{"id":138829,"href":"https:\/\/www.uv.mx\/prensa\/wp-json\/wp\/v2\/posts\/138751\/revisions\/138829"}],"wp:featuredmedia":[{"embeddable":true,"href":"https:\/\/www.uv.mx\/prensa\/wp-json\/wp\/v2\/media\/138727"}],"wp:attachment":[{"href":"https:\/\/www.uv.mx\/prensa\/wp-json\/wp\/v2\/media?parent=138751"}],"wp:term":[{"taxonomy":"category","embeddable":true,"href":"https:\/\/www.uv.mx\/prensa\/wp-json\/wp\/v2\/categories?post=138751"},{"taxonomy":"post_tag","embeddable":true,"href":"https:\/\/www.uv.mx\/prensa\/wp-json\/wp\/v2\/tags?post=138751"}],"curies":[{"name":"wp","href":"https:\/\/api.w.org\/{rel}","templated":true}]}}