{"id":137297,"date":"2023-11-15T13:16:18","date_gmt":"2023-11-15T19:16:18","guid":{"rendered":"https:\/\/www.uv.mx\/prensa\/?p=137297"},"modified":"2023-11-15T18:00:46","modified_gmt":"2023-11-16T00:00:46","slug":"presentan-plataforma-de-analisis-geoestadistico-de-la-salud-mental","status":"publish","type":"post","link":"https:\/\/www.uv.mx\/prensa\/general\/presentan-plataforma-de-analisis-geoestadistico-de-la-salud-mental\/","title":{"rendered":"Presentan plataforma de an\u00e1lisis geoestad\u00edstico de la salud mental"},"content":{"rendered":"<ul style=\"font-weight: 400\">\n<li data-leveltext=\"\uf0b7\" data-font=\"Symbol\" data-listid=\"1\" data-list-defn-props=\"{&quot;335551671&quot;:0,&quot;335552541&quot;:1,&quot;335559684&quot;:-2,&quot;335559685&quot;:720,&quot;335559991&quot;:360,&quot;469769226&quot;:&quot;Symbol&quot;,&quot;469769242&quot;:[8226],&quot;469777803&quot;:&quot;left&quot;,&quot;469777804&quot;:&quot;\uf0b7&quot;,&quot;469777815&quot;:&quot;hybridMultilevel&quot;}\" data-aria-posinset=\"0\" data-aria-level=\"1\"><i><span data-contrast=\"auto\">Los alcances de la plataforma <\/span><\/i>Pangeos<i><span data-contrast=\"auto\"> los dio a conocer Martha Cordero Oropeza, del Instituto Nacional de Psiquiatr\u00eda \u201cRam\u00f3n de la Fuente Mu\u00f1iz\u201d<\/span><\/i><span data-ccp-props=\"{&quot;134233117&quot;:false,&quot;134233118&quot;:false,&quot;201341983&quot;:0,&quot;335559738&quot;:0,&quot;335559739&quot;:0,&quot;335559740&quot;:240}\">\u00a0<\/span><\/li>\n<li data-leveltext=\"\uf0b7\" data-font=\"Symbol\" data-listid=\"1\" data-list-defn-props=\"{&quot;335551671&quot;:0,&quot;335552541&quot;:1,&quot;335559684&quot;:-2,&quot;335559685&quot;:720,&quot;335559991&quot;:360,&quot;469769226&quot;:&quot;Symbol&quot;,&quot;469769242&quot;:[8226],&quot;469777803&quot;:&quot;left&quot;,&quot;469777804&quot;:&quot;\uf0b7&quot;,&quot;469777815&quot;:&quot;hybridMultilevel&quot;}\" data-aria-posinset=\"0\" data-aria-level=\"1\"><i><span data-contrast=\"auto\">La investigadora particip\u00f3 en el Primer Encuentro Internacional de Observatorios, efectuado en la USBI<\/span><\/i><span data-ccp-props=\"{&quot;134233117&quot;:false,&quot;134233118&quot;:false,&quot;201341983&quot;:0,&quot;335559738&quot;:0,&quot;335559739&quot;:0,&quot;335559740&quot;:240}\">\u00a0<\/span><\/li>\n<\/ul>\n<p>&nbsp;<\/p>\n<div id=\"attachment_137276\" style=\"width: 732px\" class=\"wp-caption aligncenter\"><a href=\"https:\/\/www.uv.mx\/prensa\/files\/2023\/11\/141123-COUTTOLENC-Conferencia-Martha-Cordero-1.jpg\"><img aria-describedby=\"caption-attachment-137276\" decoding=\"async\" loading=\"lazy\" class=\"size-full wp-image-137276\" src=\"https:\/\/www.uv.mx\/prensa\/files\/2023\/11\/141123-COUTTOLENC-Conferencia-Martha-Cordero-1.jpg\" alt=\"\" width=\"722\" height=\"435\" srcset=\"https:\/\/www.uv.mx\/prensa\/files\/2023\/11\/141123-COUTTOLENC-Conferencia-Martha-Cordero-1.jpg 722w, https:\/\/www.uv.mx\/prensa\/files\/2023\/11\/141123-COUTTOLENC-Conferencia-Martha-Cordero-1-300x181.jpg 300w\" sizes=\"(max-width: 722px) 100vw, 722px\" \/><\/a><p id=\"caption-attachment-137276\" class=\"wp-caption-text\">Martha Cordero, investigadora del Instituto Nacional de Psiquiatr\u00eda \u201cRam\u00f3n de la Fuente Mu\u00f1iz\u201d, dio a conocer la plataforma <em>Pangeos<\/em><\/p><\/div>\n<p>&nbsp;<\/p>\n<p><b><i><span data-contrast=\"auto\">Jos\u00e9 Luis Couttolenc Soto<\/span><\/i><\/b><span data-ccp-props=\"{&quot;134233117&quot;:false,&quot;134233118&quot;:false,&quot;201341983&quot;:0,&quot;335559738&quot;:0,&quot;335559739&quot;:0,&quot;335559740&quot;:240}\">\u00a0<\/span><\/p>\n<p><b><i><span data-contrast=\"auto\">Fotos: Omar Portilla Palacios y Martha Cordero<\/span><\/i><\/b><span data-ccp-props=\"{&quot;134233117&quot;:false,&quot;134233118&quot;:false,&quot;201341983&quot;:0,&quot;335559738&quot;:0,&quot;335559739&quot;:0,&quot;335559740&quot;:240}\">\u00a0<\/span><\/p>\n<p><b><i><span data-contrast=\"auto\">14\/11\/2023, Xalapa, Ver.- <\/span><\/i><\/b><span data-contrast=\"auto\">Con base en la informaci\u00f3n p\u00fablica de la Secretar\u00eda de Salud del gobierno federal se dise\u00f1\u00f3 <\/span><i><span data-contrast=\"auto\">Pangeos<\/span><\/i><span data-contrast=\"auto\">, plataforma de an\u00e1lisis geoestad\u00edstico en salud mental que permite encontrar en un s\u00f3lo sitio toda la informaci\u00f3n disponible del estado actual, y los 22 a\u00f1os recientes, sobre c\u00f3mo se ha visto afectada la poblaci\u00f3n en su salud mental.<\/span><span data-ccp-props=\"{&quot;134233117&quot;:false,&quot;134233118&quot;:false,&quot;201341983&quot;:0,&quot;335559738&quot;:0,&quot;335559739&quot;:0,&quot;335559740&quot;:240}\">\u00a0<\/span><\/p>\n<p><span data-contrast=\"auto\">Esta herramienta de consulta fue presentada por Martha Cordero Oropeza, investigadora del Instituto Nacional de Psiquiatr\u00eda \u201cRam\u00f3n de la Fuente Mu\u00f1iz\u201d, durante su participaci\u00f3n en el segundo d\u00eda de actividades del 1er Encuentro Internacional de Observatorios: Metodolog\u00edas y Trayectorias, que tuvo lugar en la Unidad de Servicios Bibliotecarios y de Informaci\u00f3n (USBI) de la Universidad Veracruzana (UV).<\/span><span data-ccp-props=\"{&quot;134233117&quot;:false,&quot;134233118&quot;:false,&quot;201341983&quot;:0,&quot;335559738&quot;:0,&quot;335559739&quot;:0,&quot;335559740&quot;:240}\">\u00a0<\/span><\/p>\n<p><span data-contrast=\"auto\">Explic\u00f3 que en la plataforma, que se puede consultar en <\/span><a href=\"http:\/\/pangeos.mx\/production\/index.html\"><span data-contrast=\"none\">http:\/\/pangeos.mx\/production\/index.html<\/span><\/a><span data-contrast=\"auto\">, se encuentran datos de mortalidad relacionados con suicidios, homicidios, autolesiones, accidentes de tr\u00e1nsito, trastornos mentales, atenci\u00f3n hospitalaria, y c\u00f3mo se atiende la salud mental en el pa\u00eds; la informaci\u00f3n es sistematizada, analizada y se pone a disposici\u00f3n de los interesados, con indicadores de mortalidad, morbilidad y uso de servicios de infraestructura.<\/span><span data-ccp-props=\"{&quot;134233117&quot;:false,&quot;134233118&quot;:false,&quot;201341983&quot;:0,&quot;335559738&quot;:0,&quot;335559739&quot;:0,&quot;335559740&quot;:240}\">\u00a0<\/span><\/p>\n<p>&nbsp;<\/p>\n<div id=\"attachment_137277\" style=\"width: 732px\" class=\"wp-caption aligncenter\"><a href=\"https:\/\/www.uv.mx\/prensa\/files\/2023\/11\/141123-COUTTOLENC-Conferencia-Martha-Cordero-2.jpg\"><img aria-describedby=\"caption-attachment-137277\" decoding=\"async\" loading=\"lazy\" class=\"size-full wp-image-137277\" src=\"https:\/\/www.uv.mx\/prensa\/files\/2023\/11\/141123-COUTTOLENC-Conferencia-Martha-Cordero-2.jpg\" alt=\"\" width=\"722\" height=\"452\" srcset=\"https:\/\/www.uv.mx\/prensa\/files\/2023\/11\/141123-COUTTOLENC-Conferencia-Martha-Cordero-2.jpg 722w, https:\/\/www.uv.mx\/prensa\/files\/2023\/11\/141123-COUTTOLENC-Conferencia-Martha-Cordero-2-300x188.jpg 300w, https:\/\/www.uv.mx\/prensa\/files\/2023\/11\/141123-COUTTOLENC-Conferencia-Martha-Cordero-2-200x125.jpg 200w\" sizes=\"(max-width: 722px) 100vw, 722px\" \/><\/a><p id=\"caption-attachment-137277\" class=\"wp-caption-text\">La plataforma permite encontrar la informaci\u00f3n disponible del estado actual y los 22 a\u00f1os recientes<\/p><\/div>\n<p>&nbsp;<\/p>\n<p><span data-contrast=\"auto\">Plante\u00f3 que en M\u00e9xico los trastornos mentales, neurol\u00f3gicos, consumo de sustancias y el suicidio, constituyen el segundo grupo de enfermedades que concentra las mayores tasas de a\u00f1os de vida ajustados en funci\u00f3n de la discapacidad, y que para hacer frente a esta situaci\u00f3n es necesario contar con programas y servicios de atenci\u00f3n resolutivos y con capacidad t\u00e9cnica.<\/span><span data-ccp-props=\"{&quot;134233117&quot;:false,&quot;134233118&quot;:false,&quot;201341983&quot;:0,&quot;335559738&quot;:0,&quot;335559739&quot;:0,&quot;335559740&quot;:240}\">\u00a0<\/span><\/p>\n<p><span data-contrast=\"auto\">Sin embargo, reconoci\u00f3, la informaci\u00f3n que permite dar cuenta del avance en esta materia est\u00e1 fragmentada, la investigaci\u00f3n es escasa principalmente por los costos que representa realizar estudios para estimar el impacto de los programas y las pol\u00edticas p\u00fablicas.<\/span><span data-ccp-props=\"{&quot;134233117&quot;:false,&quot;134233118&quot;:false,&quot;201341983&quot;:0,&quot;335559731&quot;:708,&quot;335559738&quot;:0,&quot;335559739&quot;:0,&quot;335559740&quot;:240}\">\u00a0<\/span><\/p>\n<p><span data-contrast=\"auto\">Para ello, a trav\u00e9s del proyecto \u201cSistema de monitoreo de la atenci\u00f3n a los trastornos mentales y del comportamiento debidos al consumo de sustancias\u201d, se desarroll\u00f3 <\/span><i><span data-contrast=\"auto\">Pangeos-MX<\/span><\/i><span data-contrast=\"auto\"> como resultado de un esfuerzo conjunto del Programa Nacional Estrat\u00e9gico <\/span><i><span data-contrast=\"auto\">Pronaces<\/span><\/i><span data-contrast=\"auto\">-SALUD del Instituto Nacional de Psiquiatr\u00eda \u201cRam\u00f3n de la Fuente Mu\u00f1iz\u201d y de la Facultad de Psicolog\u00eda de la Universidad Nacional Aut\u00f3noma de M\u00e9xico (UNAM).<\/span><span data-ccp-props=\"{&quot;134233117&quot;:false,&quot;134233118&quot;:false,&quot;201341983&quot;:0,&quot;335559731&quot;:708,&quot;335559738&quot;:0,&quot;335559739&quot;:0,&quot;335559740&quot;:240}\">\u00a0<\/span><\/p>\n<p><span data-contrast=\"auto\">En la plataforma <\/span><span data-contrast=\"auto\">se integra informaci\u00f3n respecto de la distribuci\u00f3n de los recursos humanos y f\u00edsicos, as\u00ed como la disponibilidad de los servicios destinados a la atenci\u00f3n de trastornos mentales y uso de sustancias.<\/span><span data-ccp-props=\"{&quot;134233117&quot;:false,&quot;134233118&quot;:false,&quot;201341983&quot;:0,&quot;335559731&quot;:708,&quot;335559738&quot;:0,&quot;335559739&quot;:0,&quot;335559740&quot;:240}\">\u00a0<\/span><\/p>\n<p><span data-contrast=\"auto\">En ese sentido, se\u00f1al\u00f3 que la tendencia de hospitalizaciones por trastornos mentales y del comportamiento debido al consumo de sustancias se increment\u00f3 un 100% en la poblaci\u00f3n adulta entre 2000 y 2020.<\/span><span data-ccp-props=\"{&quot;134233117&quot;:false,&quot;134233118&quot;:false,&quot;201341983&quot;:0,&quot;335559731&quot;:708,&quot;335559738&quot;:0,&quot;335559739&quot;:0,&quot;335559740&quot;:240}\">\u00a0<\/span><\/p>\n<p>&nbsp;<\/p>\n<div id=\"attachment_137278\" style=\"width: 732px\" class=\"wp-caption aligncenter\"><a href=\"https:\/\/www.uv.mx\/prensa\/files\/2023\/11\/141123-COUTTOLENC-Conferencia-Martha-Cordero-3.jpg\"><img aria-describedby=\"caption-attachment-137278\" decoding=\"async\" loading=\"lazy\" class=\"size-full wp-image-137278\" src=\"https:\/\/www.uv.mx\/prensa\/files\/2023\/11\/141123-COUTTOLENC-Conferencia-Martha-Cordero-3.jpg\" alt=\"\" width=\"722\" height=\"450\" srcset=\"https:\/\/www.uv.mx\/prensa\/files\/2023\/11\/141123-COUTTOLENC-Conferencia-Martha-Cordero-3.jpg 722w, https:\/\/www.uv.mx\/prensa\/files\/2023\/11\/141123-COUTTOLENC-Conferencia-Martha-Cordero-3-300x187.jpg 300w, https:\/\/www.uv.mx\/prensa\/files\/2023\/11\/141123-COUTTOLENC-Conferencia-Martha-Cordero-3-200x125.jpg 200w\" sizes=\"(max-width: 722px) 100vw, 722px\" \/><\/a><p id=\"caption-attachment-137278\" class=\"wp-caption-text\">Los trastornos mentales, neurol\u00f3gicos, consumo de sustancias y el suicidio concentran las mayores tasas de a\u00f1os de vida ajustados en funci\u00f3n de la discapacidad<\/p><\/div>\n<p>&nbsp;<\/p>\n<p><span data-contrast=\"auto\">Dio a conocer que, de acuerdo a la informaci\u00f3n recabada, se han identificado como factores de riesgo las determinantes sociales relacionadas con g\u00e9nero, \u201cno solamente la diferencia entre ser hombre o mujer, sino c\u00f3mo ejercemos los roles masculino o femenino, d\u00f3nde vivimos (zona urbana, metropolitana o rural) y el grado de escolaridad.<\/span><span data-ccp-props=\"{&quot;134233117&quot;:false,&quot;134233118&quot;:false,&quot;201341983&quot;:0,&quot;335559731&quot;:708,&quot;335559738&quot;:0,&quot;335559739&quot;:0,&quot;335559740&quot;:240}\">\u00a0<\/span><\/p>\n<p><span data-contrast=\"auto\">Se busca tambi\u00e9n explorar otros puntos como la afectaci\u00f3n del grado de marginaci\u00f3n y pobreza para la detonaci\u00f3n de problemas por la pandemia y agreg\u00f3 que \u201cdesafortunadamente observamos una diferencia: no es lo mismo tener COVID y estar trabajando en un \u00e1mbito de subempleo informal, que hacerlo en uno formal en donde s\u00ed se pod\u00eda ejercer el confinamiento\u201d.<\/span><span data-ccp-props=\"{&quot;134233117&quot;:false,&quot;134233118&quot;:false,&quot;201341983&quot;:0,&quot;335559731&quot;:708,&quot;335559738&quot;:0,&quot;335559739&quot;:0,&quot;335559740&quot;:240}\">\u00a0<\/span><\/p>\n<p><span data-contrast=\"auto\">Cordero Oropeza consider\u00f3 que vale la pena dar seguimiento a estos indicadores para llegar a una reducci\u00f3n en la brecha de tratamiento del problema y contribuir a la mejora en la calidad de vida.<\/span><span data-ccp-props=\"{&quot;134233117&quot;:false,&quot;134233118&quot;:false,&quot;201341983&quot;:0,&quot;335559731&quot;:708,&quot;335559738&quot;:0,&quot;335559739&quot;:0,&quot;335559740&quot;:240}\">\u00a0<\/span><\/p>\n","protected":false},"excerpt":{"rendered":"<p>En esta herramienta de consulta se encuentra informaci\u00f3n de c\u00f3mo ha afectado a la poblaci\u00f3n el problema de salud en los 22 a\u00f1os recientes<\/p>\n","protected":false},"author":1809,"featured_media":137275,"comment_status":"closed","ping_status":"closed","sticky":false,"template":"","format":"standard","meta":[],"categories":[45,47,1,61],"tags":[14577,14600,12670,14599,953,14598,10632,14597,4162,14595,14596,14601,14602,13202,13355,11089],"_links":{"self":[{"href":"https:\/\/www.uv.mx\/prensa\/wp-json\/wp\/v2\/posts\/137297"}],"collection":[{"href":"https:\/\/www.uv.mx\/prensa\/wp-json\/wp\/v2\/posts"}],"about":[{"href":"https:\/\/www.uv.mx\/prensa\/wp-json\/wp\/v2\/types\/post"}],"author":[{"embeddable":true,"href":"https:\/\/www.uv.mx\/prensa\/wp-json\/wp\/v2\/users\/1809"}],"replies":[{"embeddable":true,"href":"https:\/\/www.uv.mx\/prensa\/wp-json\/wp\/v2\/comments?post=137297"}],"version-history":[{"count":1,"href":"https:\/\/www.uv.mx\/prensa\/wp-json\/wp\/v2\/posts\/137297\/revisions"}],"predecessor-version":[{"id":137329,"href":"https:\/\/www.uv.mx\/prensa\/wp-json\/wp\/v2\/posts\/137297\/revisions\/137329"}],"wp:featuredmedia":[{"embeddable":true,"href":"https:\/\/www.uv.mx\/prensa\/wp-json\/wp\/v2\/media\/137275"}],"wp:attachment":[{"href":"https:\/\/www.uv.mx\/prensa\/wp-json\/wp\/v2\/media?parent=137297"}],"wp:term":[{"taxonomy":"category","embeddable":true,"href":"https:\/\/www.uv.mx\/prensa\/wp-json\/wp\/v2\/categories?post=137297"},{"taxonomy":"post_tag","embeddable":true,"href":"https:\/\/www.uv.mx\/prensa\/wp-json\/wp\/v2\/tags?post=137297"}],"curies":[{"name":"wp","href":"https:\/\/api.w.org\/{rel}","templated":true}]}}