{"id":137259,"date":"2023-11-14T12:54:07","date_gmt":"2023-11-14T18:54:07","guid":{"rendered":"https:\/\/www.uv.mx\/prensa\/?p=137259"},"modified":"2023-11-14T12:54:07","modified_gmt":"2023-11-14T18:54:07","slug":"uv-recibio-donacion-de-la-coleccion-latremouille-y-echaniz","status":"publish","type":"post","link":"https:\/\/www.uv.mx\/prensa\/cultura\/uv-recibio-donacion-de-la-coleccion-latremouille-y-echaniz\/","title":{"rendered":"UV recibi\u00f3 donaci\u00f3n de la colecci\u00f3n Latremouille y Ech\u00e1niz"},"content":{"rendered":"<ul>\n<li data-leveltext=\"\uf0b7\" data-font=\"Symbol\" data-listid=\"1\" data-list-defn-props=\"{&quot;335552541&quot;:1,&quot;335559684&quot;:-2,&quot;335559685&quot;:720,&quot;335559991&quot;:360,&quot;469769226&quot;:&quot;Symbol&quot;,&quot;469769242&quot;:[8226],&quot;469777803&quot;:&quot;left&quot;,&quot;469777804&quot;:&quot;\uf0b7&quot;,&quot;469777815&quot;:&quot;hybridMultilevel&quot;}\" data-aria-posinset=\"1\" data-aria-level=\"1\"><i><span data-contrast=\"auto\">Se conforma de obras \u00fanicas provenientes de la librer\u00eda anticuaria del mismo nombre, tales como c\u00f3dices de la editorial M\u00e9xico en Libros<\/span><\/i><span data-ccp-props=\"{&quot;201341983&quot;:0,&quot;335559739&quot;:0,&quot;335559740&quot;:240}\">\u00a0<\/span><\/li>\n<li data-leveltext=\"\uf0b7\" data-font=\"Symbol\" data-listid=\"1\" data-list-defn-props=\"{&quot;335552541&quot;:1,&quot;335559684&quot;:-2,&quot;335559685&quot;:720,&quot;335559991&quot;:360,&quot;469769226&quot;:&quot;Symbol&quot;,&quot;469769242&quot;:[8226],&quot;469777803&quot;:&quot;left&quot;,&quot;469777804&quot;:&quot;\uf0b7&quot;,&quot;469777815&quot;:&quot;hybridMultilevel&quot;}\" data-aria-posinset=\"2\" data-aria-level=\"1\"><i><span data-contrast=\"auto\">Ser\u00e1 resguardada y preservada en la Unidad de Servicios Bibliotecarios y de Informaci\u00f3n<\/span><\/i><span data-ccp-props=\"{&quot;201341983&quot;:0,&quot;335559739&quot;:0,&quot;335559740&quot;:240}\">\u00a0<\/span><\/li>\n<\/ul>\n<p><span data-ccp-props=\"{&quot;201341983&quot;:0,&quot;335559739&quot;:0,&quot;335559740&quot;:240}\">\u00a0<\/span><\/p>\n<div id=\"attachment_137228\" style=\"width: 732px\" class=\"wp-caption aligncenter\"><img aria-describedby=\"caption-attachment-137228\" decoding=\"async\" loading=\"lazy\" class=\"size-full wp-image-137228\" src=\"https:\/\/www.uv.mx\/prensa\/files\/2023\/11\/131123-Donacion-Coleccion-USBI-1-100k.jpg\" alt=\"\" width=\"722\" height=\"448\" srcset=\"https:\/\/www.uv.mx\/prensa\/files\/2023\/11\/131123-Donacion-Coleccion-USBI-1-100k.jpg 722w, https:\/\/www.uv.mx\/prensa\/files\/2023\/11\/131123-Donacion-Coleccion-USBI-1-100k-300x186.jpg 300w, https:\/\/www.uv.mx\/prensa\/files\/2023\/11\/131123-Donacion-Coleccion-USBI-1-100k-200x125.jpg 200w\" sizes=\"(max-width: 722px) 100vw, 722px\" \/><p id=\"caption-attachment-137228\" class=\"wp-caption-text\">En el vest\u00edbulo de la USBI se realiz\u00f3 la donaci\u00f3n oficial de la colecci\u00f3n Julieta Latremouille y Guillermo Ech\u00e1niz<\/p><\/div>\n<p><span data-ccp-props=\"{&quot;201341983&quot;:0,&quot;335559739&quot;:0,&quot;335559740&quot;:240}\">\u00a0<\/span><\/p>\n<p><b><i><span data-contrast=\"auto\">Claudia Peralta V\u00e1zquez<\/span><\/i><\/b><span data-ccp-props=\"{&quot;201341983&quot;:0,&quot;335559739&quot;:0,&quot;335559740&quot;:240}\">\u00a0<\/span><\/p>\n<p><b><i><span data-contrast=\"auto\">Fotos: Omar Portilla Palacios<\/span><\/i><\/b><span data-ccp-props=\"{&quot;201341983&quot;:0,&quot;335559739&quot;:0,&quot;335559740&quot;:240}\">\u00a0<\/span><\/p>\n<p><b><i><span data-contrast=\"auto\">14\/11\/2023, Xalapa, Ver.- <\/span><\/i><\/b><span data-contrast=\"auto\">La Unidad de Servicios Bibliotecarios y de Informaci\u00f3n (USBI) de la Universidad Veracruzana (UV) resguardar\u00e1 y preservar\u00e1 la colecci\u00f3n Julieta Latremouille y Guillermo Ech\u00e1niz, integrada por obras \u00fanicas de gran valor hist\u00f3rico, entre libros del siglo XIX y XX, y un buen n\u00famero de reproducciones de c\u00f3dices coloreados a mano.<\/span><span data-ccp-props=\"{&quot;201341983&quot;:0,&quot;335559739&quot;:0,&quot;335559740&quot;:240}\">\u00a0<\/span><\/p>\n<p><span data-contrast=\"auto\">La entrega fue realizada por parte de Alejandra Acle Tomassini y Carlos Guillermo Rubio Ech\u00e1niz, integrantes de la familia donante, a Alfredo Delgado Calder\u00f3n, director del Museo de Antropolog\u00eda de Xalapa (MAX), quien a su vez puso los documentos en manos de Mart\u00edn P\u00e1ez Bristain, director de la USBI.<\/span><span data-ccp-props=\"{&quot;201341983&quot;:0,&quot;335559731&quot;:708,&quot;335559739&quot;:0,&quot;335559740&quot;:240}\">\u00a0<\/span><\/p>\n<p><span data-contrast=\"auto\">En una ceremonia efectuada en el vest\u00edbulo de la USBI, donde se dieron cita autoridades universitarias, estudiantes y acad\u00e9micos de la Facultad de Historia y p\u00fablico en general, Carlos Guillermo Rubio expres\u00f3: \u201cEntregamos esta colecci\u00f3n en nombre de mis abuelos, Julieta Latremouille Tessier y Guillermo Ech\u00e1niz Ruvalcaba, con la confianza de que ser\u00e1 tratada con cuidado y respeto y que se reconocer\u00e1 su legado\u201d.<\/span><span data-ccp-props=\"{&quot;201341983&quot;:0,&quot;335559739&quot;:0,&quot;335559740&quot;:240}\">\u00a0<\/span><\/p>\n<p>&nbsp;<\/p>\n<div id=\"attachment_137229\" style=\"width: 732px\" class=\"wp-caption aligncenter\"><img aria-describedby=\"caption-attachment-137229\" decoding=\"async\" loading=\"lazy\" class=\"size-full wp-image-137229\" src=\"https:\/\/www.uv.mx\/prensa\/files\/2023\/11\/131123-Donacion-Coleccion-USBI-2-100k.jpg\" alt=\"\" width=\"722\" height=\"426\" srcset=\"https:\/\/www.uv.mx\/prensa\/files\/2023\/11\/131123-Donacion-Coleccion-USBI-2-100k.jpg 722w, https:\/\/www.uv.mx\/prensa\/files\/2023\/11\/131123-Donacion-Coleccion-USBI-2-100k-300x177.jpg 300w\" sizes=\"(max-width: 722px) 100vw, 722px\" \/><p id=\"caption-attachment-137229\" class=\"wp-caption-text\">Alfredo Delgado Calder\u00f3n y Mart\u00edn P\u00e1ez Bristain, directores del MAX y de la USBI, respectivamente, luego de la entrega oficial<\/p><\/div>\n<p>&nbsp;<\/p>\n<p><span data-contrast=\"auto\">Manifest\u00f3 que durante a\u00f1os hab\u00edan buscado el lugar adecuado para albergar, proteger y preservar esta valiosa colecci\u00f3n. Finalmente, despu\u00e9s de mucho tiempo, hallaron el sitio perfecto, gracias a personas fundamentales en esta donaci\u00f3n.<\/span><span data-ccp-props=\"{&quot;201341983&quot;:0,&quot;335559731&quot;:708,&quot;335559739&quot;:0,&quot;335559740&quot;:240}\">\u00a0<\/span><\/p>\n<p><span data-contrast=\"auto\">Afirm\u00f3 que la USBI no s\u00f3lo cuenta con los elementos necesarios para preservarlos y cuidarlos, sino que tambi\u00e9n act\u00faa como un medio de difusi\u00f3n, cumpliendo as\u00ed con los requisitos que la familia esperaba.<\/span><span data-ccp-props=\"{&quot;201341983&quot;:0,&quot;335559731&quot;:708,&quot;335559739&quot;:0,&quot;335559740&quot;:240}\">\u00a0<\/span><\/p>\n<p><span data-contrast=\"auto\">\u201cAgradezco la intervenci\u00f3n de todas las personas, se han asegurado de que esta colecci\u00f3n est\u00e9 en el lugar ideal, donde mis abuelos saben que ser\u00e1 cuidada y preservada de manera adecuada.\u201d<\/span><span data-ccp-props=\"{&quot;201341983&quot;:0,&quot;335559731&quot;:708,&quot;335559739&quot;:0,&quot;335559740&quot;:240}\">\u00a0<\/span><\/p>\n<p><span data-contrast=\"auto\">Ana Mar\u00eda Salazar V\u00e1zquez, directora general de Bibliotecas de la UV, coment\u00f3 que Guillermo M. Ech\u00e1niz Ruvalcaba fue un anticuario, librero y editor que contaba con una librer\u00eda en la Ciudad de M\u00e9xico, llamada Librer\u00eda Anticuaria M\u00e9xico en Libros.<\/span><\/p>\n<p>&nbsp;<\/p>\n<div id=\"attachment_137230\" style=\"width: 732px\" class=\"wp-caption aligncenter\"><img aria-describedby=\"caption-attachment-137230\" decoding=\"async\" loading=\"lazy\" class=\"size-full wp-image-137230\" src=\"https:\/\/www.uv.mx\/prensa\/files\/2023\/11\/131123-Donacion-Coleccion-USBI-3-100k.jpg\" alt=\"\" width=\"722\" height=\"455\" srcset=\"https:\/\/www.uv.mx\/prensa\/files\/2023\/11\/131123-Donacion-Coleccion-USBI-3-100k.jpg 722w, https:\/\/www.uv.mx\/prensa\/files\/2023\/11\/131123-Donacion-Coleccion-USBI-3-100k-300x189.jpg 300w, https:\/\/www.uv.mx\/prensa\/files\/2023\/11\/131123-Donacion-Coleccion-USBI-3-100k-200x125.jpg 200w\" sizes=\"(max-width: 722px) 100vw, 722px\" \/><p id=\"caption-attachment-137230\" class=\"wp-caption-text\">Ana Mar\u00eda Salazar V\u00e1zquez, directora general de Bibliotecas de la UV, emiti\u00f3 un mensaje con motivo de la donaci\u00f3n<\/p><\/div>\n<p>&nbsp;<\/p>\n<p><span data-contrast=\"auto\">En 1924 contrajo nupcias con Julieta Latremouille, \u201cella fue la art\u00edfice de lo que llegar\u00eda a ser una de las m\u00e1s importantes casas editoras de manuscritos antiguos de ese entonces, cuya finalidad era acercar a los estudiosos a la cultura mexicana que admiraban.\u201d<\/span><span data-ccp-props=\"{&quot;201341983&quot;:0,&quot;335559731&quot;:708,&quot;335559739&quot;:0,&quot;335559740&quot;:240}\">\u00a0<\/span><\/p>\n<p><span data-contrast=\"auto\">Ambos reprodujeron manuscritos pict\u00f3ricos de los c\u00f3dices m\u00e1s importantes que se exhiben en el mundo, por ejemplo, en el Museo Brit\u00e1nico (Nuttall), y el <\/span><i><span data-contrast=\"auto\">C\u00f3dice Telleriano-Remensis<\/span><\/i><span data-contrast=\"auto\">, que actualmente se encuentra en la Biblioteca Real de Bruselas.<\/span><span data-ccp-props=\"{&quot;201341983&quot;:0,&quot;335559731&quot;:708,&quot;335559739&quot;:0,&quot;335559740&quot;:240}\">\u00a0<\/span><\/p>\n<p><span data-contrast=\"auto\">Uno de los trabajos m\u00e1s reconocidos fue la reproducci\u00f3n facsimilar de la <\/span><i><span data-contrast=\"auto\">Tira de la peregrinaci\u00f3n mexica<\/span><\/i><span data-contrast=\"auto\">, entre muchos otros.<\/span><span data-ccp-props=\"{&quot;201341983&quot;:0,&quot;335559731&quot;:708,&quot;335559739&quot;:0,&quot;335559740&quot;:240}\">\u00a0<\/span><\/p>\n<p><span data-contrast=\"auto\">\u201cTengan por seguro que los bibliotecarios resguardaremos los libros y facs\u00edmiles de los c\u00f3dices que hoy nos han confiado para ponerlos a disposici\u00f3n de la comunidad\u201d, expuso Salazar V\u00e1zquez.<\/span><span data-ccp-props=\"{&quot;201341983&quot;:0,&quot;335559731&quot;:708,&quot;335559739&quot;:0,&quot;335559740&quot;:240}\">\u00a0<\/span><\/p>\n<p><span data-contrast=\"auto\">Anunci\u00f3 que el material ha sido integrado a las colecciones especiales de la USBI, donde el nombre de la Librer\u00eda Anticuaria M\u00e9xico en Libros continuar\u00e1 difundiendo conocimiento como hace m\u00e1s de 80 a\u00f1os.<\/span><span data-ccp-props=\"{&quot;201341983&quot;:0,&quot;335559731&quot;:708,&quot;335559739&quot;:0,&quot;335559740&quot;:240}\">\u00a0<\/span><\/p>\n<p>&nbsp;<\/p>\n<div id=\"attachment_137231\" style=\"width: 732px\" class=\"wp-caption aligncenter\"><img aria-describedby=\"caption-attachment-137231\" decoding=\"async\" loading=\"lazy\" class=\"size-full wp-image-137231\" src=\"https:\/\/www.uv.mx\/prensa\/files\/2023\/11\/131123-Donacion-Coleccion-USBI-4-100k.jpg\" alt=\"\" width=\"722\" height=\"480\" srcset=\"https:\/\/www.uv.mx\/prensa\/files\/2023\/11\/131123-Donacion-Coleccion-USBI-4-100k.jpg 722w, https:\/\/www.uv.mx\/prensa\/files\/2023\/11\/131123-Donacion-Coleccion-USBI-4-100k-300x199.jpg 300w\" sizes=\"(max-width: 722px) 100vw, 722px\" \/><p id=\"caption-attachment-137231\" class=\"wp-caption-text\">Carlos Guillermo Rubio Ech\u00e1niz confi\u00f3 en que la UV tratar\u00e1 con cuidado y respeto la colecci\u00f3n y obra de sus abuelos<\/p><\/div>\n<p>&nbsp;<\/p>\n<p><span data-contrast=\"auto\">Su mensaje tambi\u00e9n fue un llamado a indagar m\u00e1s sobre Julieta Latremouille, de quien se sabe muy poco. Desde la muerte de su esposo, en 1965, continu\u00f3 con la librer\u00eda y, sobre todo, sus v\u00ednculos con los principales estudiosos de la historia y la antropolog\u00eda, hasta 1984 cuando entreg\u00f3 al Instituto Nacional de Antropolog\u00eda e Historia las piezas de barro y esculturas arqueol\u00f3gicas que formaron parte del occidente de M\u00e9xico.<\/span><span data-ccp-props=\"{&quot;201341983&quot;:0,&quot;335559731&quot;:708,&quot;335559739&quot;:0,&quot;335559740&quot;:240}\">\u00a0<\/span><\/p>\n<p><span data-contrast=\"auto\">Mart\u00edn P\u00e1ez tambi\u00e9n agradeci\u00f3 la generosa donaci\u00f3n de las reproducciones de c\u00f3dices editados por la editorial M\u00e9xico en Libros y dijo: \u201cNos comprometemos a conservar, preservar y difundir estos valiosos recursos documentales que enriquecen nuestro acervo, para que la comunidad universitaria y la sociedad en general puedan consultarlos\u201d.<\/span><span data-ccp-props=\"{&quot;201341983&quot;:0,&quot;335559739&quot;:0,&quot;335559740&quot;:240}\">\u00a0<\/span><\/p>\n<p><span data-contrast=\"auto\">Inform\u00f3 a las y los asistentes que la colecci\u00f3n Ech\u00e1niz est\u00e1 compuesta por obras \u00fanicas de gran valor hist\u00f3rico, entre libros del siglo XIX y XX, y un buen n\u00famero de reproducciones de c\u00f3dices coloreados a mano, de los cuales no se editaron m\u00e1s de 25 ejemplares, de ah\u00ed tambi\u00e9n su importancia y valor.<\/span><span data-ccp-props=\"{&quot;201341983&quot;:0,&quot;335559731&quot;:708,&quot;335559739&quot;:0,&quot;335559740&quot;:240}\">\u00a0<\/span><\/p>\n<p><span data-contrast=\"auto\">\u201cLa mayor\u00eda de los c\u00f3dices originales de M\u00e9xico se encuentran en bibliotecas y museos del extranjero; hoy gracias a la labor de Julieta y Guillermo podremos tener acceso a un facs\u00edmil de varios de esos c\u00f3dices, y con ello nuestros estudiantes tendr\u00e1n acceso a una fuente de informaci\u00f3n de gran valor.\u201d<\/span><span data-ccp-props=\"{&quot;201341983&quot;:0,&quot;335559731&quot;:708,&quot;335559739&quot;:0,&quot;335559740&quot;:240}\">\u00a0<\/span><\/p>\n<p>&nbsp;<\/p>\n<div id=\"attachment_137232\" style=\"width: 732px\" class=\"wp-caption aligncenter\"><img aria-describedby=\"caption-attachment-137232\" decoding=\"async\" loading=\"lazy\" class=\"size-full wp-image-137232\" src=\"https:\/\/www.uv.mx\/prensa\/files\/2023\/11\/131123-Donacion-Coleccion-USBI-5-100k.jpg\" alt=\"\" width=\"722\" height=\"465\" srcset=\"https:\/\/www.uv.mx\/prensa\/files\/2023\/11\/131123-Donacion-Coleccion-USBI-5-100k.jpg 722w, https:\/\/www.uv.mx\/prensa\/files\/2023\/11\/131123-Donacion-Coleccion-USBI-5-100k-300x193.jpg 300w\" sizes=\"(max-width: 722px) 100vw, 722px\" \/><p id=\"caption-attachment-137232\" class=\"wp-caption-text\">La colecci\u00f3n Julieta Latremouille y Guillermo Ech\u00e1niz se conforma de c\u00f3dices, libros, revistas y ediciones \u00fanicas<\/p><\/div>\n<p>&nbsp;<\/p>\n<p><span data-contrast=\"auto\">En tanto, Alfredo Delgado expres\u00f3 que la donaci\u00f3n de los c\u00f3dices no es lo \u00fanico importante, hay una doble historia porque la familia Ech\u00e1niz fue protagonista de un momento hist\u00f3rico muy importante: el nacionalismo mexicano.<\/span><span data-ccp-props=\"{&quot;201341983&quot;:0,&quot;335559731&quot;:708,&quot;335559739&quot;:0,&quot;335559740&quot;:240}\">\u00a0<\/span><\/p>\n<p><span data-contrast=\"auto\">Al detallar el proceso a trav\u00e9s del cual la UV lleg\u00f3 a esta colecci\u00f3n conformada por los c\u00f3dices, libros, revistas y ediciones \u00fanicas, asegur\u00f3 que en esta instituci\u00f3n ser\u00e1 valorada por la comunidad universitaria de las Facultades de Antropolog\u00eda, Historia y Sociolog\u00eda.<\/span><span data-ccp-props=\"{&quot;201341983&quot;:0,&quot;335559731&quot;:708,&quot;335559739&quot;:0,&quot;335559740&quot;:240}\">\u00a0<\/span><\/p>\n<p><span data-contrast=\"auto\">Adem\u00e1s, hay varios tipos de revistas interesantes de esa \u00e9poca donde se plasman las primeras discusiones sobre feminismo y el papel de la mujer en los sindicatos.<\/span><span data-ccp-props=\"{&quot;201341983&quot;:0,&quot;335559731&quot;:708,&quot;335559739&quot;:0,&quot;335559740&quot;:240}\">\u00a0<\/span><\/p>\n<p><span data-contrast=\"auto\">En el acto estuvieron: Jos\u00e9 Guadalupe Romero P\u00e9rez, contralor general de la UV, e Isidro Vicencio Delgadillo, representante del \u00c1rea Acad\u00e9mica T\u00e9cnica.<\/span><span data-ccp-props=\"{&quot;201341983&quot;:0,&quot;335559731&quot;:708,&quot;335559739&quot;:0,&quot;335559740&quot;:240}\">\u00a0<\/span><\/p>\n<p><span data-contrast=\"auto\">Al t\u00e9rmino, los asistentes apreciaron la exposici\u00f3n de la colecci\u00f3n, en el vest\u00edbulo de la USBI.<\/span><span data-ccp-props=\"{&quot;201341983&quot;:0,&quot;335559731&quot;:708,&quot;335559739&quot;:0,&quot;335559740&quot;:240}\">\u00a0<\/span><\/p>\n","protected":false},"excerpt":{"rendered":"<p>Estos recursos documentales se integrar\u00e1n a las colecciones especiales de la USBI\u00a0<\/p>\n","protected":false},"author":2349,"featured_media":137233,"comment_status":"closed","ping_status":"closed","sticky":false,"template":"","format":"standard","meta":[],"categories":[11,47,61],"tags":[4163,14570,1525,14572,4875,3150,14571,14573,4550,6558,6462,10779,10537,14569,10109],"_links":{"self":[{"href":"https:\/\/www.uv.mx\/prensa\/wp-json\/wp\/v2\/posts\/137259"}],"collection":[{"href":"https:\/\/www.uv.mx\/prensa\/wp-json\/wp\/v2\/posts"}],"about":[{"href":"https:\/\/www.uv.mx\/prensa\/wp-json\/wp\/v2\/types\/post"}],"author":[{"embeddable":true,"href":"https:\/\/www.uv.mx\/prensa\/wp-json\/wp\/v2\/users\/2349"}],"replies":[{"embeddable":true,"href":"https:\/\/www.uv.mx\/prensa\/wp-json\/wp\/v2\/comments?post=137259"}],"version-history":[{"count":1,"href":"https:\/\/www.uv.mx\/prensa\/wp-json\/wp\/v2\/posts\/137259\/revisions"}],"predecessor-version":[{"id":137260,"href":"https:\/\/www.uv.mx\/prensa\/wp-json\/wp\/v2\/posts\/137259\/revisions\/137260"}],"wp:featuredmedia":[{"embeddable":true,"href":"https:\/\/www.uv.mx\/prensa\/wp-json\/wp\/v2\/media\/137233"}],"wp:attachment":[{"href":"https:\/\/www.uv.mx\/prensa\/wp-json\/wp\/v2\/media?parent=137259"}],"wp:term":[{"taxonomy":"category","embeddable":true,"href":"https:\/\/www.uv.mx\/prensa\/wp-json\/wp\/v2\/categories?post=137259"},{"taxonomy":"post_tag","embeddable":true,"href":"https:\/\/www.uv.mx\/prensa\/wp-json\/wp\/v2\/tags?post=137259"}],"curies":[{"name":"wp","href":"https:\/\/api.w.org\/{rel}","templated":true}]}}