{"id":137086,"date":"2023-11-09T12:04:14","date_gmt":"2023-11-09T18:04:14","guid":{"rendered":"https:\/\/www.uv.mx\/prensa\/?p=137086"},"modified":"2023-11-09T12:04:14","modified_gmt":"2023-11-09T18:04:14","slug":"biblioteca-del-universitario-vincula-al-estudiantado-con-la-literatura","status":"publish","type":"post","link":"https:\/\/www.uv.mx\/prensa\/cultura\/biblioteca-del-universitario-vincula-al-estudiantado-con-la-literatura\/","title":{"rendered":"Biblioteca del Universitario vincula al estudiantado con la literatura"},"content":{"rendered":"<ul style=\"font-weight: 400\">\n<li data-leveltext=\"\uf0b7\" data-font=\"Symbol\" data-listid=\"2\" data-list-defn-props=\"{&quot;335552541&quot;:1,&quot;335559684&quot;:-2,&quot;335559685&quot;:720,&quot;335559991&quot;:360,&quot;469769226&quot;:&quot;Symbol&quot;,&quot;469769242&quot;:[8226],&quot;469777803&quot;:&quot;left&quot;,&quot;469777804&quot;:&quot;\uf0b7&quot;,&quot;469777815&quot;:&quot;hybridMultilevel&quot;}\" data-aria-posinset=\"1\" data-aria-level=\"1\"><i><span data-contrast=\"auto\">En la regi\u00f3n Orizaba-C\u00f3rdoba se llev\u00f3 a cabo el conversatorio \u201cLa Biblioteca del Universitario<\/span><\/i><span data-contrast=\"auto\">, <\/span><i><span data-contrast=\"auto\">un proyecto para estudiantes lectores\u201d<\/span><\/i><span data-ccp-props=\"{&quot;201341983&quot;:0,&quot;335559739&quot;:0,&quot;335559740&quot;:240}\">\u00a0<\/span><\/li>\n<li data-leveltext=\"\uf0b7\" data-font=\"Symbol\" data-listid=\"2\" data-list-defn-props=\"{&quot;335552541&quot;:1,&quot;335559684&quot;:-2,&quot;335559685&quot;:720,&quot;335559991&quot;:360,&quot;469769226&quot;:&quot;Symbol&quot;,&quot;469769242&quot;:[8226],&quot;469777803&quot;:&quot;left&quot;,&quot;469777804&quot;:&quot;\uf0b7&quot;,&quot;469777815&quot;:&quot;hybridMultilevel&quot;}\" data-aria-posinset=\"2\" data-aria-level=\"1\"><i><span data-contrast=\"auto\">En sus inicios la colecci\u00f3n estuvo a cargo de Sergio Pitol, quien eligi\u00f3 las primeras 65 obras que la integran\u00a0<\/span><\/i><span data-ccp-props=\"{&quot;201341983&quot;:0,&quot;335559739&quot;:0,&quot;335559740&quot;:240}\">\u00a0<\/span><\/li>\n<\/ul>\n<p>&nbsp;<\/p>\n<div id=\"attachment_137050\" style=\"width: 732px\" class=\"wp-caption aligncenter\"><a href=\"https:\/\/www.uv.mx\/prensa\/files\/2023\/11\/081123-Eduardo-Orizaba-Conversatorio-BU-1.jpg\"><img aria-describedby=\"caption-attachment-137050\" decoding=\"async\" loading=\"lazy\" class=\"size-full wp-image-137050\" src=\"https:\/\/www.uv.mx\/prensa\/files\/2023\/11\/081123-Eduardo-Orizaba-Conversatorio-BU-1.jpg\" alt=\"\" width=\"722\" height=\"472\" srcset=\"https:\/\/www.uv.mx\/prensa\/files\/2023\/11\/081123-Eduardo-Orizaba-Conversatorio-BU-1.jpg 722w, https:\/\/www.uv.mx\/prensa\/files\/2023\/11\/081123-Eduardo-Orizaba-Conversatorio-BU-1-300x196.jpg 300w\" sizes=\"(max-width: 722px) 100vw, 722px\" \/><\/a><p id=\"caption-attachment-137050\" class=\"wp-caption-text\">Agust\u00edn del Moral Tejeda destac\u00f3 la importancia de contar con la direcci\u00f3n de Sergio Pitol para conformar la BU<\/p><\/div>\n<p>&nbsp;<\/p>\n<p><b><i><span data-contrast=\"auto\">Eduardo Ca\u00f1edo Lom\u00e1n<\/span><\/i><\/b><span data-ccp-props=\"{&quot;134233279&quot;:true,&quot;201341983&quot;:0,&quot;335559739&quot;:0,&quot;335559740&quot;:240}\">\u00a0<\/span><\/p>\n<p><b><i><span data-contrast=\"auto\">09\/11\/2023, Ixtaczoquitl\u00e1n, Ver.-<\/span><\/i><\/b><span data-contrast=\"auto\"> La regi\u00f3n Orizaba-C\u00f3rdoba de la Universidad Veracruzana (UV) llev\u00f3 a cabo el conversatorio \u201cLa Biblioteca del Universitario, un proyecto para estudiantes lectores\u201d, con la<\/span> <span data-contrast=\"auto\">participaci\u00f3n de Agust\u00edn del Moral Tejeda, director de la Editorial UV; Olivia Jarvio Fern\u00e1ndez, coordinadora de la Especializaci\u00f3n en Promoci\u00f3n de la Lectura, y Germ\u00e1n Mart\u00ednez Aceves, integrante de la Editorial de la UV, en el marco del Festival de la Lectura 2023 \u201cUn viaje entre letras e historias\u201d.<\/span><span data-ccp-props=\"{&quot;134233279&quot;:true,&quot;201341983&quot;:0,&quot;335559739&quot;:0,&quot;335559740&quot;:240}\">\u00a0<\/span><\/p>\n<p><span data-contrast=\"auto\">En su participaci\u00f3n, Del Moral Tejeda rememor\u00f3 el inicio de la colecci\u00f3n Biblioteca del Universitario (BU), que en 2006 inclu\u00eda 10 t\u00edtulos, con el objetivo de poner al alcance de la comunidad universitaria un vasto repertorio de obras literarias que fueran de inter\u00e9s general y que coadyuvaran con la promoci\u00f3n de la lectura.<\/span><span data-ccp-props=\"{&quot;134233279&quot;:true,&quot;201341983&quot;:0,&quot;335559731&quot;:708,&quot;335559739&quot;:0,&quot;335559740&quot;:240}\">\u00a0<\/span><\/p>\n<p>&nbsp;<\/p>\n<div id=\"attachment_137051\" style=\"width: 732px\" class=\"wp-caption aligncenter\"><a href=\"https:\/\/www.uv.mx\/prensa\/files\/2023\/11\/081123-Eduardo-Orizaba-Conversatorio-BU-2.jpg\"><img aria-describedby=\"caption-attachment-137051\" decoding=\"async\" loading=\"lazy\" class=\"size-full wp-image-137051\" src=\"https:\/\/www.uv.mx\/prensa\/files\/2023\/11\/081123-Eduardo-Orizaba-Conversatorio-BU-2.jpg\" alt=\"\" width=\"722\" height=\"356\" srcset=\"https:\/\/www.uv.mx\/prensa\/files\/2023\/11\/081123-Eduardo-Orizaba-Conversatorio-BU-2.jpg 722w, https:\/\/www.uv.mx\/prensa\/files\/2023\/11\/081123-Eduardo-Orizaba-Conversatorio-BU-2-300x148.jpg 300w\" sizes=\"(max-width: 722px) 100vw, 722px\" \/><\/a><p id=\"caption-attachment-137051\" class=\"wp-caption-text\">Integrantes de la comunidad universitaria de la regi\u00f3n Orizaba-C\u00f3rdoba asistieron al conversatorio<\/p><\/div>\n<p>&nbsp;<\/p>\n<p><span data-contrast=\"auto\">Destac\u00f3 la importancia de contar con la direcci\u00f3n de un personaje de la literatura de la talla de Sergio Pitol, pues \u201chasta el t\u00edtulo 65 fue \u00e9l quien seleccion\u00f3 los textos, ten\u00eda un olfato para identificar las obras que pudieran ser del inter\u00e9s universitario; \u00edbamos a su biblioteca personal con cerca de 15 mil libros y sab\u00eda d\u00f3nde estaba la literatura rusa, italiana, inglesa y me dec\u00eda cu\u00e1les eran los t\u00edtulos a editar\u201d.<\/span><span data-ccp-props=\"{&quot;134233279&quot;:true,&quot;201341983&quot;:0,&quot;335559731&quot;:708,&quot;335559739&quot;:0,&quot;335559740&quot;:240}\">\u00a0<\/span><\/p>\n<p><span data-contrast=\"auto\">Actualmente, la Editorial cuenta con un Consejo Consultivo, \u00f3rgano encargado de seleccionar los nuevos t\u00edtulos que se incluir\u00e1n a la BU; no obstante, cualquier persona puede proponer obras para nuevas incorporaciones, mismas que son analizadas por este organismo.<\/span><span data-ccp-props=\"{&quot;134233279&quot;:true,&quot;201341983&quot;:0,&quot;335559731&quot;:708,&quot;335559739&quot;:0,&quot;335559740&quot;:240}\">\u00a0<\/span><\/p>\n<p><span data-contrast=\"auto\">Por su parte, Mart\u00ednez Aceves coment\u00f3 que la BU cuenta con 80 t\u00edtulos de temas y g\u00e9neros literarios diversos pues \u201cbuscamos tener v\u00ednculos con literatura universal para que esta colecci\u00f3n llegue a todo p\u00fablico; estamos convencidos de que la lectura hace que los individuos tengamos una concepci\u00f3n diferente de las cosas y de la vida, eso es lo esencial, no s\u00f3lo formarnos en una disciplina, sino conocer muchos \u00e1mbitos que nos enriquezcan el pensamiento\u201d.<\/span><span data-ccp-props=\"{&quot;134233279&quot;:true,&quot;201341983&quot;:0,&quot;335559731&quot;:708,&quot;335559739&quot;:0,&quot;335559740&quot;:240}\">\u00a0<\/span><\/p>\n<p>&nbsp;<\/p>\n<div id=\"attachment_137088\" style=\"width: 732px\" class=\"wp-caption aligncenter\"><a href=\"https:\/\/www.uv.mx\/prensa\/files\/2023\/11\/081123-Eduardo-Orizaba-Conversatorio-BU-3-2.jpg\"><img aria-describedby=\"caption-attachment-137088\" decoding=\"async\" loading=\"lazy\" class=\"size-full wp-image-137088\" src=\"https:\/\/www.uv.mx\/prensa\/files\/2023\/11\/081123-Eduardo-Orizaba-Conversatorio-BU-3-2.jpg\" alt=\"\" width=\"722\" height=\"423\" srcset=\"https:\/\/www.uv.mx\/prensa\/files\/2023\/11\/081123-Eduardo-Orizaba-Conversatorio-BU-3-2.jpg 722w, https:\/\/www.uv.mx\/prensa\/files\/2023\/11\/081123-Eduardo-Orizaba-Conversatorio-BU-3-2-300x176.jpg 300w\" sizes=\"(max-width: 722px) 100vw, 722px\" \/><\/a><p id=\"caption-attachment-137088\" class=\"wp-caption-text\">El conversatorio sobre la Biblioteca del Universitario se realiz\u00f3 en el marco del Festival de la Lectura 2023 \u201cUn viaje entre letras e historias\u201d<\/p><\/div>\n<p>&nbsp;<\/p>\n<p><span data-contrast=\"auto\">Asimismo, reconoci\u00f3 que esta biblioteca es \u00fanica en el pa\u00eds y por ello exhort\u00f3 a darle su justo valor, toda vez que la amplitud de temas es pertinente para cualquier rama disciplinar y de inter\u00e9s com\u00fan no s\u00f3lo para la comunidad universitaria, sino para la sociedad general.<\/span><span data-ccp-props=\"{&quot;134233279&quot;:true,&quot;201341983&quot;:0,&quot;335559731&quot;:708,&quot;335559739&quot;:0,&quot;335559740&quot;:240}\">\u00a0<\/span><\/p>\n<p><span data-contrast=\"auto\">En tanto, Jarvio Fern\u00e1ndez se congratul\u00f3 de los programas que desde la UV se impulsan para coadyuvar en la formaci\u00f3n de lectores, impulsar la lectura y divulgaci\u00f3n de la colecci\u00f3n, encontrando los canales oportunos y pertinentes para generar personas capaces de comprender, expresar y crear textos.<\/span><span data-ccp-props=\"{&quot;134233279&quot;:true,&quot;201341983&quot;:0,&quot;335559731&quot;:708,&quot;335559739&quot;:0,&quot;335559740&quot;:240}\">\u00a0<\/span><\/p>\n<p><span data-contrast=\"auto\">\u201cLa BU ha marcado pauta y ha sido el sost\u00e9n para que la Universidad haga promoci\u00f3n de manera profesional\u201d, concluy\u00f3.<\/span><span data-ccp-props=\"{&quot;134233279&quot;:true,&quot;201341983&quot;:0,&quot;335559731&quot;:708,&quot;335559739&quot;:0,&quot;335559740&quot;:240}\">\u00a0<\/span><\/p>\n<p>&nbsp;<\/p>\n<p>&nbsp;<\/p>\n","protected":false},"excerpt":{"rendered":"<p>El Festival de la Lectura 2023 en la regi\u00f3n Orizaba-C\u00f3rdoba tiene como objetivo divulgar la BU, motivo por el cual se llev\u00f3 a cabo el conversatorio \u201cLa Biblioteca del Universitario, un proyecto para estudiantes lectores\u201d <\/p>\n","protected":false},"author":1809,"featured_media":137049,"comment_status":"closed","ping_status":"closed","sticky":false,"template":"","format":"standard","meta":[],"categories":[11,53,61,32],"tags":[6597,1525,10185,813,156,4172,8747,14492,14495,14494,14493,14491,1199,10437],"_links":{"self":[{"href":"https:\/\/www.uv.mx\/prensa\/wp-json\/wp\/v2\/posts\/137086"}],"collection":[{"href":"https:\/\/www.uv.mx\/prensa\/wp-json\/wp\/v2\/posts"}],"about":[{"href":"https:\/\/www.uv.mx\/prensa\/wp-json\/wp\/v2\/types\/post"}],"author":[{"embeddable":true,"href":"https:\/\/www.uv.mx\/prensa\/wp-json\/wp\/v2\/users\/1809"}],"replies":[{"embeddable":true,"href":"https:\/\/www.uv.mx\/prensa\/wp-json\/wp\/v2\/comments?post=137086"}],"version-history":[{"count":1,"href":"https:\/\/www.uv.mx\/prensa\/wp-json\/wp\/v2\/posts\/137086\/revisions"}],"predecessor-version":[{"id":137089,"href":"https:\/\/www.uv.mx\/prensa\/wp-json\/wp\/v2\/posts\/137086\/revisions\/137089"}],"wp:featuredmedia":[{"embeddable":true,"href":"https:\/\/www.uv.mx\/prensa\/wp-json\/wp\/v2\/media\/137049"}],"wp:attachment":[{"href":"https:\/\/www.uv.mx\/prensa\/wp-json\/wp\/v2\/media?parent=137086"}],"wp:term":[{"taxonomy":"category","embeddable":true,"href":"https:\/\/www.uv.mx\/prensa\/wp-json\/wp\/v2\/categories?post=137086"},{"taxonomy":"post_tag","embeddable":true,"href":"https:\/\/www.uv.mx\/prensa\/wp-json\/wp\/v2\/tags?post=137086"}],"curies":[{"name":"wp","href":"https:\/\/api.w.org\/{rel}","templated":true}]}}