{"id":136998,"date":"2023-11-07T13:52:51","date_gmt":"2023-11-07T19:52:51","guid":{"rendered":"https:\/\/www.uv.mx\/prensa\/?p=136998"},"modified":"2023-11-08T22:14:34","modified_gmt":"2023-11-09T04:14:34","slug":"uv-impulsa-la-lectura-y-acerca-los-libros-a-su-comunidad","status":"publish","type":"post","link":"https:\/\/www.uv.mx\/prensa\/cultura\/uv-impulsa-la-lectura-y-acerca-los-libros-a-su-comunidad\/","title":{"rendered":"UV impulsa la lectura y acerca los libros a su comunidad"},"content":{"rendered":"<ul>\n<li data-leveltext=\"\uf0b7\" data-font=\"Symbol\" data-listid=\"1\" data-list-defn-props=\"{&quot;335551671&quot;:0,&quot;335552541&quot;:1,&quot;335559684&quot;:-2,&quot;335559685&quot;:720,&quot;335559991&quot;:360,&quot;469769226&quot;:&quot;Symbol&quot;,&quot;469769242&quot;:[8226],&quot;469777803&quot;:&quot;left&quot;,&quot;469777804&quot;:&quot;\uf0b7&quot;,&quot;469777815&quot;:&quot;hybridMultilevel&quot;}\" data-aria-posinset=\"0\" data-aria-level=\"1\"><i><span data-contrast=\"auto\">El rector Mart\u00edn Aguilar S\u00e1nchez inaugur\u00f3 la tercera edici\u00f3n del Festival de la Lectura \u201cUn viaje entre las letras e historias\u201d<\/span><\/i><span data-ccp-props=\"{&quot;134233117&quot;:false,&quot;134233118&quot;:false,&quot;201341983&quot;:0,&quot;335559738&quot;:0,&quot;335559739&quot;:0,&quot;335559740&quot;:240}\">\u00a0<\/span><\/li>\n<li data-leveltext=\"\uf0b7\" data-font=\"Symbol\" data-listid=\"1\" data-list-defn-props=\"{&quot;335551671&quot;:0,&quot;335552541&quot;:1,&quot;335559684&quot;:-2,&quot;335559685&quot;:720,&quot;335559991&quot;:360,&quot;469769226&quot;:&quot;Symbol&quot;,&quot;469769242&quot;:[8226],&quot;469777803&quot;:&quot;left&quot;,&quot;469777804&quot;:&quot;\uf0b7&quot;,&quot;469777815&quot;:&quot;hybridMultilevel&quot;}\" data-aria-posinset=\"0\" data-aria-level=\"1\"><i><span data-contrast=\"auto\">Del 7 al 11 de noviembre habr\u00e1 actividades en Ixtaczoquitl\u00e1n, Orizaba, R\u00edo Blanco, C\u00f3rdoba, Tequila, Camerino Z. Mendoza y Amatl\u00e1n de los Reyes<\/span><\/i><span data-ccp-props=\"{&quot;134233117&quot;:false,&quot;134233118&quot;:false,&quot;201341983&quot;:0,&quot;335559738&quot;:0,&quot;335559739&quot;:0,&quot;335559740&quot;:240}\">\u00a0<\/span><\/li>\n<\/ul>\n<p><span data-ccp-props=\"{&quot;134233117&quot;:false,&quot;134233118&quot;:false,&quot;201341983&quot;:0,&quot;335559738&quot;:0,&quot;335559739&quot;:0,&quot;335559740&quot;:240}\">\u00a0<\/span><\/p>\n<div id=\"attachment_136985\" style=\"width: 732px\" class=\"wp-caption aligncenter\"><img loading=\"lazy\" decoding=\"async\" aria-describedby=\"caption-attachment-136985\" class=\"size-full wp-image-136985\" src=\"https:\/\/www.uv.mx\/prensa\/files\/2023\/11\/071123-COUTTOLENC-Festival-de-lectura-1-100k.jpg\" alt=\"\" width=\"722\" height=\"405\" \/><p id=\"caption-attachment-136985\" class=\"wp-caption-text\">El rector Mart\u00edn Aguilar S\u00e1nchez inaugur\u00f3 el Festival de la Lectura \u201cUn viaje entre las letras e historias\u201d<\/p><\/div>\n<p><span data-ccp-props=\"{&quot;134233117&quot;:false,&quot;134233118&quot;:false,&quot;201341983&quot;:0,&quot;335559738&quot;:0,&quot;335559739&quot;:0,&quot;335559740&quot;:240}\">\u00a0<\/span><\/p>\n<p><b><i><span data-contrast=\"none\">Jos\u00e9 Luis Couttolenc Soto<\/span><\/i><\/b><span data-ccp-props=\"{&quot;134233117&quot;:false,&quot;134233118&quot;:false,&quot;201341983&quot;:0,&quot;335559738&quot;:0,&quot;335559739&quot;:0,&quot;335559740&quot;:240}\">\u00a0<\/span><\/p>\n<p><b><i><span data-contrast=\"none\">Fotos: Luis Fernando Fern\u00e1ndez y Eduardo Ca\u00f1edo Lom\u00e1n<\/span><\/i><\/b><span data-ccp-props=\"{&quot;134233117&quot;:false,&quot;134233118&quot;:false,&quot;201341983&quot;:0,&quot;335559738&quot;:0,&quot;335559739&quot;:0,&quot;335559740&quot;:240}\">\u00a0<\/span><\/p>\n<p><b><i><span data-contrast=\"none\">07\/11\/2023, Xalapa, Ver.- <\/span><\/i><\/b><span data-contrast=\"none\">El rector de la Universidad Veracruzana (UV), Mart\u00edn Aguilar S\u00e1nchez, inaugur\u00f3 la tercera edici\u00f3n del Festival de la Lectura \u201cUn viaje entre las letras e historias\u201d, que acercar\u00e1 los libros de la literatura universal a la comunidad universitaria de la regi\u00f3n Orizaba-C\u00f3rdoba, con la Biblioteca del Universitario como columna vertebral.<\/span><span data-ccp-props=\"{&quot;134233117&quot;:false,&quot;134233118&quot;:false,&quot;201341983&quot;:0,&quot;335559738&quot;:0,&quot;335559739&quot;:0,&quot;335559740&quot;:240}\">\u00a0<\/span><\/p>\n<p><span data-contrast=\"none\">De manera virtual, el Rector en su mensaje, dio a conocer que, seg\u00fan datos del Instituto Nacional de Estad\u00edstica y Geograf\u00eda (<\/span><i><span data-contrast=\"none\">Inegi<\/span><\/i><span data-contrast=\"none\">) indican que en 2023 el porcentaje de la poblaci\u00f3n lectora de 18 a\u00f1os y m\u00e1s fue de 68.5%, que representa 12.3% menos que en 2016.<\/span><\/p>\n<p>&nbsp;<\/p>\n<div id=\"attachment_136986\" style=\"width: 732px\" class=\"wp-caption aligncenter\"><img loading=\"lazy\" decoding=\"async\" aria-describedby=\"caption-attachment-136986\" class=\"size-full wp-image-136986\" src=\"https:\/\/www.uv.mx\/prensa\/files\/2023\/11\/071123-COUTTOLENC-Festival-de-lectura-2-100k.jpg\" alt=\"\" width=\"722\" height=\"392\" srcset=\"https:\/\/www.uv.mx\/prensa\/files\/2023\/11\/071123-COUTTOLENC-Festival-de-lectura-2-100k.jpg 722w, https:\/\/www.uv.mx\/prensa\/files\/2023\/11\/071123-COUTTOLENC-Festival-de-lectura-2-100k-300x163.jpg 300w\" sizes=\"auto, (max-width: 722px) 100vw, 722px\" \/><p id=\"caption-attachment-136986\" class=\"wp-caption-text\">Habr\u00e1 actividades en Ixtaczoquitl\u00e1n, Orizaba, R\u00edo Blanco, C\u00f3rdoba, Tequila, Camerino Z. Mendoza y Amatl\u00e1n de los Reyes<\/p><\/div>\n<p>&nbsp;<\/p>\n<p><span data-contrast=\"none\">Tambi\u00e9n se\u00f1ala que la poblaci\u00f3n no lectora presenta una mayor carencia de est\u00edmulos para la lectura; durante la infancia, el 83% declar\u00f3 que sus padres o tutores no les llevaban a las bibliotecas o librer\u00edas; el 79% dijo que sus padres o tutores no le\u00edan, en tanto el 68.3% no ve\u00edan a sus padres o tutores leer.<\/span><span data-ccp-props=\"{&quot;134233117&quot;:false,&quot;134233118&quot;:false,&quot;201341983&quot;:0,&quot;335559738&quot;:0,&quot;335559739&quot;:0,&quot;335559740&quot;:240}\">\u00a0<\/span><\/p>\n<p><span data-contrast=\"none\">Ante este panorama, Mart\u00edn Aguilar mencion\u00f3 que en M\u00e9xico el problema de la lectura sigue siendo delicado, de m\u00faltiples y diversas aristas, y profundas ra\u00edces culturales y educativas, lo que significa un problema estructural que se debe enfrentar y ayudar a superar en la medida de las posibilidades.<\/span><span data-ccp-props=\"{&quot;134233117&quot;:false,&quot;134233118&quot;:false,&quot;201341983&quot;:0,&quot;335559738&quot;:0,&quot;335559739&quot;:0,&quot;335559740&quot;:240}\">\u00a0<\/span><\/p>\n<p><span data-contrast=\"none\">\u00a0Celebr\u00f3 la realizaci\u00f3n del Festival de la Lectura, cuyo programa cubre todos los aspectos de uno de los objetivos que se ha planteado la actual administraci\u00f3n universitaria: darle un nuevo impulso a la lectura, propiciando adem\u00e1s que los libros que publica la UV lleguen a lugares en donde antes no se encontraban; asimismo, reconoci\u00f3 a la Biblioteca del Universitario como la columna vertebral del festival, colocando nuevamente la colecci\u00f3n de libros en el centro de la vida institucional universitaria.<\/span><\/p>\n<p>&nbsp;<\/p>\n<div id=\"attachment_136987\" style=\"width: 732px\" class=\"wp-caption aligncenter\"><img loading=\"lazy\" decoding=\"async\" aria-describedby=\"caption-attachment-136987\" class=\"size-full wp-image-136987\" src=\"https:\/\/www.uv.mx\/prensa\/files\/2023\/11\/071123-COUTTOLENC-Festival-de-lectura-3-100k.jpg\" alt=\"\" width=\"722\" height=\"482\" srcset=\"https:\/\/www.uv.mx\/prensa\/files\/2023\/11\/071123-COUTTOLENC-Festival-de-lectura-3-100k.jpg 722w, https:\/\/www.uv.mx\/prensa\/files\/2023\/11\/071123-COUTTOLENC-Festival-de-lectura-3-100k-300x200.jpg 300w\" sizes=\"auto, (max-width: 722px) 100vw, 722px\" \/><p id=\"caption-attachment-136987\" class=\"wp-caption-text\">Carlos Manuel Gal\u00e1n P\u00e1ez recibi\u00f3 el reconocimiento al M\u00e9rito UV, por su trabajo de promoci\u00f3n de la lectura y formaci\u00f3n de lectores<\/p><\/div>\n<p>&nbsp;<\/p>\n<p><span data-contrast=\"none\">En tanto, Agust\u00edn del Moral Tejeda, director de la Editorial UV, rese\u00f1\u00f3 parte del trabajo que all\u00ed se realiza, con obras y traducciones de escritores de reconocido prestigio nacional e internacional.<\/span><span data-ccp-props=\"{&quot;134233117&quot;:false,&quot;134233118&quot;:false,&quot;201341983&quot;:0,&quot;335559738&quot;:0,&quot;335559739&quot;:0,&quot;335559740&quot;:240}\">\u00a0<\/span><\/p>\n<p><span data-contrast=\"none\">Por su parte, Mario Roberto Bernab\u00e9 Guapillo Vargas, vicerrector de la regi\u00f3n Orizaba-C\u00f3rdoba, dio a conocer que el festival representa un recorrido por las monta\u00f1as con el Citlalt\u00e9petl como testigo de distintos episodios de la vida en dicho territorio.<\/span><span data-ccp-props=\"{&quot;134233117&quot;:false,&quot;134233118&quot;:false,&quot;201341983&quot;:0,&quot;335559738&quot;:0,&quot;335559739&quot;:0,&quot;335559740&quot;:240}\">\u00a0<\/span><\/p>\n<p><span data-contrast=\"none\">Del 7 al 11 de noviembre habr\u00e1 presentaciones de libros, charlas, proyecciones de pel\u00edculas, conferencias y conversatorios, en los municipios de Ixtaczoquitl\u00e1n, Orizaba, R\u00edo Blanco, C\u00f3rdoba, Tequila, Camerino Z. Mendoza y Amatl\u00e1n de los Reyes.<\/span><\/p>\n<p>&nbsp;<\/p>\n<div id=\"attachment_136988\" style=\"width: 732px\" class=\"wp-caption aligncenter\"><img loading=\"lazy\" decoding=\"async\" aria-describedby=\"caption-attachment-136988\" class=\"size-full wp-image-136988\" src=\"https:\/\/www.uv.mx\/prensa\/files\/2023\/11\/071123-COUTTOLENC-Festival-de-lectura-4-100k.jpg\" alt=\"\" width=\"722\" height=\"482\" srcset=\"https:\/\/www.uv.mx\/prensa\/files\/2023\/11\/071123-COUTTOLENC-Festival-de-lectura-4-100k.jpg 722w, https:\/\/www.uv.mx\/prensa\/files\/2023\/11\/071123-COUTTOLENC-Festival-de-lectura-4-100k-300x200.jpg 300w\" sizes=\"auto, (max-width: 722px) 100vw, 722px\" \/><p id=\"caption-attachment-136988\" class=\"wp-caption-text\">Jos\u00e9 Antonio M\u00e1rquez Gonz\u00e1lez tambi\u00e9n fue reconocido<\/p><\/div>\n<p><span data-ccp-props=\"{&quot;134233117&quot;:false,&quot;134233118&quot;:false,&quot;201341983&quot;:0,&quot;335559738&quot;:0,&quot;335559739&quot;:0,&quot;335559740&quot;:240}\">\u00a0<\/span><\/p>\n<p><span data-contrast=\"none\">En la ceremonia de inauguraci\u00f3n y en presencia de Jaqueline Jongitud Zamora, secretaria de Desarrollo Institucional de esta casa de estudios, se entregaron reconocimientos al M\u00e9rito UV a Carlos Manuel Gal\u00e1n P\u00e1ez y Jos\u00e9 Antonio M\u00e1rquez Gonz\u00e1lez, por su trabajo permanente en la promoci\u00f3n de la lectura y formaci\u00f3n de lectores.<\/span><span data-ccp-props=\"{&quot;134233117&quot;:false,&quot;134233118&quot;:false,&quot;201341983&quot;:0,&quot;335559738&quot;:0,&quot;335559739&quot;:0,&quot;335559740&quot;:240}\">\u00a0<\/span><\/p>\n<p><span data-contrast=\"none\">En la modalidad virtual atestiguaron la ceremonia vicerrectores y vicerrectoras, directores generales de \u00e1reas acad\u00e9micas, directores de \u00e1rea y de entidades universitarias.<\/span><span data-ccp-props=\"{&quot;134233117&quot;:false,&quot;134233118&quot;:false,&quot;201341983&quot;:0,&quot;335559738&quot;:0,&quot;335559739&quot;:0,&quot;335559740&quot;:240}\">\u00a0<\/span><\/p>\n<div id=\"attachment_136989\" style=\"width: 732px\" class=\"wp-caption aligncenter\"><img loading=\"lazy\" decoding=\"async\" aria-describedby=\"caption-attachment-136989\" class=\"size-full wp-image-136989\" src=\"https:\/\/www.uv.mx\/prensa\/files\/2023\/11\/071123-COUTTOLENC-Festival-de-lectura-5-100k.jpg\" alt=\"\" width=\"722\" height=\"394\" srcset=\"https:\/\/www.uv.mx\/prensa\/files\/2023\/11\/071123-COUTTOLENC-Festival-de-lectura-5-100k.jpg 722w, https:\/\/www.uv.mx\/prensa\/files\/2023\/11\/071123-COUTTOLENC-Festival-de-lectura-5-100k-300x164.jpg 300w\" sizes=\"auto, (max-width: 722px) 100vw, 722px\" \/><p id=\"caption-attachment-136989\" class=\"wp-caption-text\">El Festival de la Lectura cont\u00f3 con amplia participaci\u00f3n de la comunidad universitaria<\/p><\/div>\n","protected":false},"excerpt":{"rendered":"<p>En su tercera edici\u00f3n, el Festival de la Lectura representa un viaje por las altas monta\u00f1as, con el Citlalt\u00e9petl como testigo de distintos episodios de la vida en dicha regi\u00f3n\u00a0<\/p>\n","protected":false},"author":2349,"featured_media":136997,"comment_status":"closed","ping_status":"closed","sticky":false,"template":"","format":"standard","meta":{"footnotes":""},"categories":[11,53,61,5174,32],"tags":[6597,7788,9092,1372,8999,156,4172,8747,4162,13645,6592,2700,13498,14455],"class_list":["post-136998","post","type-post","status-publish","format-standard","has-post-thumbnail","hentry","category-cultura","category-orizaba","category-banner","category-elaboracion-del-programa-de-trabajo-2021-2025","category-regiones","tag-biblioteca-del-universitario","tag-charlas","tag-citlaltepetl","tag-conferencias","tag-conversatorios","tag-editorial-uv","tag-eduardo-canedo-loman","tag-festival-de-la-lectura","tag-jose-luis-couttolenc-soto","tag-literatura-universal","tag-luis-fernando-fernandez","tag-martin-aguilar-sanchez","tag-presentaciones-de-libros","tag-proyecciones-de-peliculas"],"_links":{"self":[{"href":"https:\/\/www.uv.mx\/prensa\/wp-json\/wp\/v2\/posts\/136998","targetHints":{"allow":["GET"]}}],"collection":[{"href":"https:\/\/www.uv.mx\/prensa\/wp-json\/wp\/v2\/posts"}],"about":[{"href":"https:\/\/www.uv.mx\/prensa\/wp-json\/wp\/v2\/types\/post"}],"author":[{"embeddable":true,"href":"https:\/\/www.uv.mx\/prensa\/wp-json\/wp\/v2\/users\/2349"}],"replies":[{"embeddable":true,"href":"https:\/\/www.uv.mx\/prensa\/wp-json\/wp\/v2\/comments?post=136998"}],"version-history":[{"count":1,"href":"https:\/\/www.uv.mx\/prensa\/wp-json\/wp\/v2\/posts\/136998\/revisions"}],"predecessor-version":[{"id":137000,"href":"https:\/\/www.uv.mx\/prensa\/wp-json\/wp\/v2\/posts\/136998\/revisions\/137000"}],"wp:featuredmedia":[{"embeddable":true,"href":"https:\/\/www.uv.mx\/prensa\/wp-json\/wp\/v2\/media\/136997"}],"wp:attachment":[{"href":"https:\/\/www.uv.mx\/prensa\/wp-json\/wp\/v2\/media?parent=136998"}],"wp:term":[{"taxonomy":"category","embeddable":true,"href":"https:\/\/www.uv.mx\/prensa\/wp-json\/wp\/v2\/categories?post=136998"},{"taxonomy":"post_tag","embeddable":true,"href":"https:\/\/www.uv.mx\/prensa\/wp-json\/wp\/v2\/tags?post=136998"}],"curies":[{"name":"wp","href":"https:\/\/api.w.org\/{rel}","templated":true}]}}