{"id":13675,"date":"2016-08-06T07:05:08","date_gmt":"2016-08-06T12:05:08","guid":{"rendered":"https:\/\/www.uv.mx\/prensa\/?p=13675"},"modified":"2016-08-05T14:02:16","modified_gmt":"2016-08-05T19:02:16","slug":"uv-realizara-curso-biblioteca-virtual","status":"publish","type":"post","link":"https:\/\/www.uv.mx\/prensa\/general\/uv-realizara-curso-biblioteca-virtual\/","title":{"rendered":"UV realizar\u00e1 curso Biblioteca Virtual"},"content":{"rendered":"<ul>\n<li><em>Del 20 de agosto al 10 de septiembre, en la USBI-Xalapa<\/em><\/li>\n<li><em>Se capacitar\u00e1 a los asistentes en la b\u00fasqueda de recursos de la Biblioteca Virtual de la Universidad Veracruzana<\/em><\/li>\n<\/ul>\n<div id=\"attachment_13681\" style=\"width: 732px\" class=\"wp-caption aligncenter\"><a href=\"https:\/\/www.uv.mx\/prensa\/files\/2016\/08\/Curso-Biblioteca-ok.jpg\"><img aria-describedby=\"caption-attachment-13681\" decoding=\"async\" loading=\"lazy\" class=\"size-full wp-image-13681\" src=\"https:\/\/www.uv.mx\/prensa\/files\/2016\/08\/Curso-Biblioteca-ok.jpg\" alt=\"Nora Elizabeth Olivares Hern\u00e1ndez\" width=\"722\" height=\"482\" srcset=\"https:\/\/www.uv.mx\/prensa\/files\/2016\/08\/Curso-Biblioteca-ok.jpg 722w, https:\/\/www.uv.mx\/prensa\/files\/2016\/08\/Curso-Biblioteca-ok-300x200.jpg 300w\" sizes=\"(max-width: 722px) 100vw, 722px\" \/><\/a><p id=\"caption-attachment-13681\" class=\"wp-caption-text\">Nora Elizabeth Olivares Hern\u00e1ndez<\/p><\/div>\n<p>&nbsp;<\/p>\n<p><strong><em>Carlos Hugo Hermida Rosales<\/em><\/strong><\/p>\n<p>&nbsp;<\/p>\n<p><strong><em>Xalapa, Ver. 06\/08\/2016.-<\/em><\/strong><em>\u00a0<\/em>La Universidad Veracruzana (UV), a trav\u00e9s de la Direcci\u00f3n General de Bibliotecas (DGB), realizar\u00e1 el curso Biblioteca Virtual, del 20 de agosto al 10 de septiembre, dirigido a la comunidad universitaria, egresados, profesionistas y p\u00fablico en general.<\/p>\n<p>El objetivo de esta actividad es promover el uso y aprovechamiento de los recursos de informaci\u00f3n en l\u00ednea de la Biblioteca Virtual de esta casa de estudios, inform\u00f3 Nora Elizabeth Olivares Hern\u00e1ndez, encargada de Desarrollo de Habilidades Informativas de la DGB.<\/p>\n<p>Otra de sus finalidades, expres\u00f3, es trabajar en las necesidades espec\u00edficas de b\u00fasqueda de informaci\u00f3n de los asistentes al curso, que ser\u00e1 impartido por Myriam Cruz Soto.<\/p>\n<p>La Biblioteca Virtual de la UV cuenta con m\u00e1s de 70 millones de documentos, entre los que se encuentran libros y revistas electr\u00f3nicas obtenidos por medio del Consorcio Nacional de Recursos de Informaci\u00f3n Cient\u00edfica y Tecnol\u00f3gica, libros pertenecientes a editoriales a las cuales la Universidad paga suscripci\u00f3n \u2013como Editorial Pearson\u2013, y un repositorio institucional que contiene la producci\u00f3n acad\u00e9mica y cient\u00edfica de la m\u00e1xima casa de estudios.<\/p>\n<p>Nora Olivares asegur\u00f3 que los asistentes a este curso trabajar\u00e1n en definir sus necesidades de informaci\u00f3n, para de esta forma saber qu\u00e9 es lo que necesitan y hacia d\u00f3nde se deben dirigir, y con ello desarrollen sus habilidades para la recuperaci\u00f3n de informaci\u00f3n.<\/p>\n<p>Asimismo, destac\u00f3 que es la primera vez que los recursos de la Biblioteca Virtual de la UV salen m\u00e1s all\u00e1 de \u00e9sta, por lo cual los participantes tendr\u00e1n la oportunidad de conocer la amplia riqueza de informaci\u00f3n de la misma; la atenci\u00f3n ser\u00e1 personalizada para de esta forma satisfacer necesidades espec\u00edficas de acuerdo al \u00e1rea de estudio.<\/p>\n<p>El curso Biblioteca Virtual se llevar\u00e1 a cabo los s\u00e1bados del 20 de agosto al 10 de septiembre, de 9:00 a 14:30 horas en la Unidad de Servicios Bibliotecarios y de Informaci\u00f3n (USBI). El \u00fanico requisito para asistir es cubrir el pago de la inscripci\u00f3n de 150 pesos y la cuota de recuperaci\u00f3n de mil pesos.<\/p>\n<p>Para mayores informes dirigirse a los correos: <a href=\"mailto:letperez@uv.mx\">letperez@uv.mx<\/a> y <a href=\"mailto:ablasquez@uv.mx\">ablasquez@uv.mx<\/a>, o llamar al tel\u00e9fono (228) 8421700, extensi\u00f3n 12126.<\/p>\n","protected":false},"excerpt":{"rendered":"<p><strong><em>Carlos Hugo Hermida.-<\/em><\/strong>La Universidad Veracruzana (UV), a trav\u00e9s de la Direcci\u00f3n General de Bibliotecas (DGB), realizar\u00e1 el curso Biblioteca Virtual, del 20 de agosto al 10 de septiembre, dirigido a la comunidad universitaria, egresados, profesionistas y p\u00fablico en general.<\/p>\n","protected":false},"author":1810,"featured_media":13683,"comment_status":"closed","ping_status":"closed","sticky":false,"template":"","format":"standard","meta":[],"categories":[1],"tags":[3],"_links":{"self":[{"href":"https:\/\/www.uv.mx\/prensa\/wp-json\/wp\/v2\/posts\/13675"}],"collection":[{"href":"https:\/\/www.uv.mx\/prensa\/wp-json\/wp\/v2\/posts"}],"about":[{"href":"https:\/\/www.uv.mx\/prensa\/wp-json\/wp\/v2\/types\/post"}],"author":[{"embeddable":true,"href":"https:\/\/www.uv.mx\/prensa\/wp-json\/wp\/v2\/users\/1810"}],"replies":[{"embeddable":true,"href":"https:\/\/www.uv.mx\/prensa\/wp-json\/wp\/v2\/comments?post=13675"}],"version-history":[{"count":0,"href":"https:\/\/www.uv.mx\/prensa\/wp-json\/wp\/v2\/posts\/13675\/revisions"}],"wp:featuredmedia":[{"embeddable":true,"href":"https:\/\/www.uv.mx\/prensa\/wp-json\/wp\/v2\/media\/13683"}],"wp:attachment":[{"href":"https:\/\/www.uv.mx\/prensa\/wp-json\/wp\/v2\/media?parent=13675"}],"wp:term":[{"taxonomy":"category","embeddable":true,"href":"https:\/\/www.uv.mx\/prensa\/wp-json\/wp\/v2\/categories?post=13675"},{"taxonomy":"post_tag","embeddable":true,"href":"https:\/\/www.uv.mx\/prensa\/wp-json\/wp\/v2\/tags?post=13675"}],"curies":[{"name":"wp","href":"https:\/\/api.w.org\/{rel}","templated":true}]}}