{"id":136226,"date":"2023-10-18T20:06:34","date_gmt":"2023-10-19T01:06:34","guid":{"rendered":"https:\/\/www.uv.mx\/prensa\/?p=136226"},"modified":"2023-10-19T14:49:13","modified_gmt":"2023-10-19T19:49:13","slug":"urge-renovar-creatividad-etica-que-aliente-educacion-libre-rector-uv","status":"publish","type":"post","link":"https:\/\/www.uv.mx\/prensa\/banner\/urge-renovar-creatividad-etica-que-aliente-educacion-libre-rector-uv\/","title":{"rendered":"Urge renovar creatividad \u00e9tica que aliente educaci\u00f3n libre: Rector UV"},"content":{"rendered":"<h2 style=\"text-align: right\"><strong><span style=\"color: #3366ff\">#PorEl4porciento<\/span><\/strong><\/h2>\n<ul>\n<li data-leveltext=\"\uf0b7\" data-font=\"Symbol\" data-listid=\"5\" data-list-defn-props=\"{&quot;335551671&quot;:0,&quot;335552541&quot;:1,&quot;335559684&quot;:-2,&quot;335559685&quot;:720,&quot;335559991&quot;:360,&quot;469769226&quot;:&quot;Symbol&quot;,&quot;469769242&quot;:[8226],&quot;469777803&quot;:&quot;left&quot;,&quot;469777804&quot;:&quot;\uf0b7&quot;,&quot;469777815&quot;:&quot;hybridMultilevel&quot;}\" data-aria-posinset=\"0\" data-aria-level=\"1\"><i><span data-contrast=\"auto\">\u201cEn el mundo contempor\u00e1neo existe la necesidad de formular preguntas acerca de la econom\u00eda, sociedad y pol\u00edtica, pero tambi\u00e9n de valores, moralidad y sentido de pertenencia\u201d: Mart\u00edn Aguilar S\u00e1nchez<\/span><\/i><span data-ccp-props=\"{&quot;134233117&quot;:false,&quot;134233118&quot;:false,&quot;201341983&quot;:0,&quot;335559738&quot;:0,&quot;335559739&quot;:0,&quot;335559740&quot;:240}\">\u00a0<\/span><\/li>\n<\/ul>\n<p><span data-ccp-props=\"{&quot;134233117&quot;:false,&quot;134233118&quot;:false,&quot;201341983&quot;:0,&quot;335559738&quot;:0,&quot;335559739&quot;:0,&quot;335559740&quot;:240}\">\u00a0<\/span><\/p>\n<div id=\"attachment_136195\" style=\"width: 732px\" class=\"wp-caption aligncenter\"><img loading=\"lazy\" decoding=\"async\" aria-describedby=\"caption-attachment-136195\" class=\"size-full wp-image-136195\" src=\"https:\/\/www.uv.mx\/prensa\/files\/2023\/10\/181023-COUTTOLENC-Congreso-etica-1.jpg\" alt=\"\" width=\"722\" height=\"482\" \/><p id=\"caption-attachment-136195\" class=\"wp-caption-text\">El rector Mart\u00edn Aguilar S\u00e1nchez inaugur\u00f3 el Congreso Internacional \u00c9tica y Derechos Humanos \u201cFormaci\u00f3n ciudadana para un futuro mejor\u201d<\/p><\/div>\n<p><span data-ccp-props=\"{&quot;134233117&quot;:false,&quot;134233118&quot;:false,&quot;201341983&quot;:0,&quot;335559738&quot;:0,&quot;335559739&quot;:0,&quot;335559740&quot;:240}\">\u00a0<\/span><\/p>\n<p><b><i><span data-contrast=\"auto\">Jos\u00e9 Luis Couttolenc Soto<\/span><\/i><\/b><span data-ccp-props=\"{&quot;134233117&quot;:false,&quot;134233118&quot;:false,&quot;201341983&quot;:0,&quot;335559738&quot;:0,&quot;335559739&quot;:0,&quot;335559740&quot;:240}\">\u00a0<\/span><\/p>\n<p><b><i><span data-contrast=\"auto\">Fotos: C\u00e9sar Pisil Ramos<\/span><\/i><\/b><span data-ccp-props=\"{&quot;134233117&quot;:false,&quot;134233118&quot;:false,&quot;201341983&quot;:0,&quot;335559738&quot;:0,&quot;335559739&quot;:0,&quot;335559740&quot;:240}\">\u00a0<\/span><\/p>\n<p><b><i><span data-contrast=\"auto\">18\/10\/2023, Xalapa, Ver.- <\/span><\/i><\/b><span data-contrast=\"auto\">El rector de la <a href=\"https:\/\/www.uv.mx\/\" target=\"_blank\" rel=\"noopener\">Universidad Veracruzana<\/a> (UV), Mart\u00edn Aguilar S\u00e1nchez, se pronunci\u00f3 por una renovaci\u00f3n creativa \u00e9tica que discurra entre individuos, familias, instituciones y sociedad, poniendo el acento en el valor de la raz\u00f3n y que aliente una educaci\u00f3n libre.<\/span><span data-ccp-props=\"{&quot;134233117&quot;:false,&quot;134233118&quot;:false,&quot;201341983&quot;:0,&quot;335559738&quot;:0,&quot;335559739&quot;:0,&quot;335559740&quot;:240}\">\u00a0<\/span><\/p>\n<p><span data-contrast=\"auto\">Lo anterior ocurri\u00f3 al inaugurar el Congreso Internacional \u00c9tica y Derechos Humanos \u201cFormaci\u00f3n ciudadana para un futuro mejor\u201d, en la sala de videoconferencias de la Unidad de Servicios Bibliotecarios y de Informaci\u00f3n (USBI).<\/span><span data-ccp-props=\"{&quot;134233117&quot;:false,&quot;134233118&quot;:false,&quot;201341983&quot;:0,&quot;335559738&quot;:0,&quot;335559739&quot;:0,&quot;335559740&quot;:240}\">\u00a0<\/span><\/p>\n<p><span data-contrast=\"auto\">Ante participantes de Uruguay, Espa\u00f1a, Chile, Colombia, Per\u00fa, Ecuador y M\u00e9xico, unos de manera presencial y otros a trav\u00e9s de la virtualidad, Aguilar S\u00e1nchez expres\u00f3 que las transformaciones sociales de los \u00faltimos siglos, impulsadas por los avances cient\u00edficos, han generado nuevas posibilidades de vida y desarrollo, pero tambi\u00e9n abusos, enconos, atropellos y violencia.<\/span><\/p>\n<p>&nbsp;<\/p>\n<div id=\"attachment_136210\" style=\"width: 732px\" class=\"wp-caption aligncenter\"><img loading=\"lazy\" decoding=\"async\" aria-describedby=\"caption-attachment-136210\" class=\"size-full wp-image-136210\" src=\"https:\/\/www.uv.mx\/prensa\/files\/2023\/10\/181023-COUTTOLENC-Congreso-etica-22.jpg\" alt=\"\" width=\"722\" height=\"482\" srcset=\"https:\/\/www.uv.mx\/prensa\/files\/2023\/10\/181023-COUTTOLENC-Congreso-etica-22.jpg 722w, https:\/\/www.uv.mx\/prensa\/files\/2023\/10\/181023-COUTTOLENC-Congreso-etica-22-300x200.jpg 300w\" sizes=\"auto, (max-width: 722px) 100vw, 722px\" \/><p id=\"caption-attachment-136210\" class=\"wp-caption-text\">La UV es sede de este evento internacional que convoca a especialistas de universidades latinoamericanas<\/p><\/div>\n<p>&nbsp;<\/p>\n<p><span data-contrast=\"auto\">En el mundo contempor\u00e1neo, asent\u00f3, existe una necesidad imperiosa de formular preguntas acerca de la econom\u00eda, sociedad y pol\u00edtica, pero tambi\u00e9n valores, moralidad y el sentido de pertenencia que dan forma a la concepci\u00f3n de la humanidad.<\/span><span data-ccp-props=\"{&quot;134233117&quot;:false,&quot;134233118&quot;:false,&quot;201341983&quot;:0,&quot;335559738&quot;:0,&quot;335559739&quot;:0,&quot;335559740&quot;:240}\">\u00a0<\/span><\/p>\n<p><span data-contrast=\"auto\">Por ello, consider\u00f3 importante que en el contexto acad\u00e9mico latinoamericano la Red para la Formaci\u00f3n \u00c9tica y Ciudadana, con sede en Colombia, y la Red Latinoamericana de \u00c9ticas Aplicadas, con sede en la Pontificia Universidad Cat\u00f3lica de Chile, hayan venido insistiendo en las significativas oportunidades que ofrece el razonamiento \u00e9tico en la resoluci\u00f3n de problemas colectivos y rectificaci\u00f3n de injusticias que caracterizan a las sociedades contempor\u00e1neas.<\/span><span data-ccp-props=\"{&quot;134233117&quot;:false,&quot;134233118&quot;:false,&quot;201341983&quot;:0,&quot;335559738&quot;:0,&quot;335559739&quot;:0,&quot;335559740&quot;:240}\">\u00a0<\/span><\/p>\n<p><span data-contrast=\"auto\">Se congratul\u00f3 de que ambas redes coincidan en la UV con el concurso de acad\u00e9micos y acad\u00e9micas del continente, para abordar temas de desigualdad econ\u00f3mica, crisis migratorias, afectaciones al medio ambiente, integraci\u00f3n de la esfera cient\u00edfica, activismo ciudadano, derechos humanos, as\u00ed como interacciones de la \u00e9tica con el g\u00e9nero, comercio, urbanizaci\u00f3n y proceso de globalizaci\u00f3n.<\/span><\/p>\n<p>&nbsp;<\/p>\n<div id=\"attachment_136193\" style=\"width: 732px\" class=\"wp-caption aligncenter\"><img loading=\"lazy\" decoding=\"async\" aria-describedby=\"caption-attachment-136193\" class=\"size-full wp-image-136193\" src=\"https:\/\/www.uv.mx\/prensa\/files\/2023\/10\/181023-COUTTOLENC-Congreso-etica-3.jpg\" alt=\"\" width=\"722\" height=\"482\" srcset=\"https:\/\/www.uv.mx\/prensa\/files\/2023\/10\/181023-COUTTOLENC-Congreso-etica-3.jpg 722w, https:\/\/www.uv.mx\/prensa\/files\/2023\/10\/181023-COUTTOLENC-Congreso-etica-3-300x200.jpg 300w\" sizes=\"auto, (max-width: 722px) 100vw, 722px\" \/><p id=\"caption-attachment-136193\" class=\"wp-caption-text\">Juny Montoya Vargas, directora del Centro de \u00c9tica Aplicada de la Universidad de los Andes, Colombia<\/p><\/div>\n<p>&nbsp;<\/p>\n<p><span data-contrast=\"auto\">En la inauguraci\u00f3n intervinieron tambi\u00e9n Mauricio Correa Casanova, coordinador de la Red Latinoamericana de \u00c9ticas Aplicadas de la Pontificia Universidad Cat\u00f3lica de Chile, y Juny Montoya Vargas, directora del Centro de \u00c9tica Aplicada, de la Universidad de los Andes, Colombia.<\/span><span data-ccp-props=\"{&quot;134233117&quot;:false,&quot;134233118&quot;:false,&quot;201341983&quot;:0,&quot;335559738&quot;:0,&quot;335559739&quot;:0,&quot;335559740&quot;:240}\">\u00a0<\/span><\/p>\n<p><span data-contrast=\"auto\">Estuvieron presentes: Juan Ortiz Escamilla y Jaqueline Jongitud Zamora, titulares de las Secretar\u00edas Acad\u00e9mica y de Desarrollo Institucional, respectivamente; directores generales de \u00e1rea; titulares de las vicerrector\u00edas (virtualmente), as\u00ed como directores de entidades acad\u00e9micas.<\/span><span data-ccp-props=\"{&quot;134233117&quot;:false,&quot;134233118&quot;:false,&quot;201341983&quot;:0,&quot;335559738&quot;:0,&quot;335559739&quot;:0,&quot;335559740&quot;:240}\">\u00a0<\/span><\/p>\n<p><span data-contrast=\"auto\">La primera conferencia del congreso estuvo a cargo de Mauricio Correa Casanova, quien habl\u00f3 de \u201c\u00c9tica de la ciudad, derechos, justicia y sustentabilidad\u201d.<\/span><span data-ccp-props=\"{&quot;134233117&quot;:false,&quot;134233118&quot;:false,&quot;201341983&quot;:0,&quot;335559738&quot;:0,&quot;335559739&quot;:0,&quot;335559740&quot;:240}\">\u00a0<\/span><\/p>\n<p>&nbsp;<\/p>\n<div id=\"attachment_136196\" style=\"width: 732px\" class=\"wp-caption aligncenter\"><img loading=\"lazy\" decoding=\"async\" aria-describedby=\"caption-attachment-136196\" class=\"size-full wp-image-136196\" src=\"https:\/\/www.uv.mx\/prensa\/files\/2023\/10\/181023-COUTTOLENC-Congreso-etica-4.jpg\" alt=\"\" width=\"722\" height=\"482\" srcset=\"https:\/\/www.uv.mx\/prensa\/files\/2023\/10\/181023-COUTTOLENC-Congreso-etica-4.jpg 722w, https:\/\/www.uv.mx\/prensa\/files\/2023\/10\/181023-COUTTOLENC-Congreso-etica-4-300x200.jpg 300w\" sizes=\"auto, (max-width: 722px) 100vw, 722px\" \/><p id=\"caption-attachment-136196\" class=\"wp-caption-text\">Mauricio Correa Casanova habl\u00f3 de \u201c\u00c9tica de la ciudad, derechos, justicia y sustentabilidad\u201d<\/p><\/div>\n<p>&nbsp;<\/p>\n<p><span data-contrast=\"auto\">El profesor de la universidad chilena trabaja actualmente en la construcci\u00f3n de una \u201c\u00e9tica de la ciudad\u201d, cuya investigaci\u00f3n explora una nueva interfaz disciplinaria que relaciona la \u00e9tica con la arquitectura y el urbanismo, a los que incorpora aportes de la sociolog\u00eda, geograf\u00eda y antropolog\u00eda, por lo que expuso l\u00edneas de la \u00e9tica de la tierra, la arquitectura y la agricultura.<\/span><span data-ccp-props=\"{&quot;134233117&quot;:false,&quot;134233118&quot;:false,&quot;201341983&quot;:0,&quot;335559738&quot;:0,&quot;335559739&quot;:0,&quot;335559740&quot;:240}\">\u00a0<\/span><\/p>\n","protected":false},"excerpt":{"rendered":"<p>En modalidad h\u00edbrida el evento congrega a participantes de Uruguay, Espa\u00f1a, Chile, Colombia, Ecuador, Per\u00fa y M\u00e9xico<\/p>\n","protected":false},"author":2349,"featured_media":136192,"comment_status":"closed","ping_status":"closed","sticky":false,"template":"","format":"standard","meta":{"footnotes":""},"categories":[6301,61,5174],"tags":[14019,6263,649,384,14016,5122,543,4162,1407,14021,14018,14017,10109,14020,2342],"class_list":["post-136226","post","type-post","status-publish","format-standard","has-post-thumbnail","hentry","category-derechos-humanos","category-banner","category-elaboracion-del-programa-de-trabajo-2021-2025","tag-centro-de-etica-aplicada","tag-cesar-pisil-ramos","tag-chile","tag-colombia","tag-congreso-internacional-etica-y-derechos-humanos","tag-ecuador","tag-espana","tag-jose-luis-couttolenc-soto","tag-peru","tag-pontificia-universidad-catolica-de-chile","tag-red-latinoamericana-de-eticas-aplicadas","tag-red-para-la-formacion-etica-y-ciudadana","tag-unidad-de-servicios-bibliotecarios-y-de-informacion-usbi","tag-universidad-de-los-andes","tag-uruguay"],"_links":{"self":[{"href":"https:\/\/www.uv.mx\/prensa\/wp-json\/wp\/v2\/posts\/136226","targetHints":{"allow":["GET"]}}],"collection":[{"href":"https:\/\/www.uv.mx\/prensa\/wp-json\/wp\/v2\/posts"}],"about":[{"href":"https:\/\/www.uv.mx\/prensa\/wp-json\/wp\/v2\/types\/post"}],"author":[{"embeddable":true,"href":"https:\/\/www.uv.mx\/prensa\/wp-json\/wp\/v2\/users\/2349"}],"replies":[{"embeddable":true,"href":"https:\/\/www.uv.mx\/prensa\/wp-json\/wp\/v2\/comments?post=136226"}],"version-history":[{"count":1,"href":"https:\/\/www.uv.mx\/prensa\/wp-json\/wp\/v2\/posts\/136226\/revisions"}],"predecessor-version":[{"id":136265,"href":"https:\/\/www.uv.mx\/prensa\/wp-json\/wp\/v2\/posts\/136226\/revisions\/136265"}],"wp:featuredmedia":[{"embeddable":true,"href":"https:\/\/www.uv.mx\/prensa\/wp-json\/wp\/v2\/media\/136192"}],"wp:attachment":[{"href":"https:\/\/www.uv.mx\/prensa\/wp-json\/wp\/v2\/media?parent=136226"}],"wp:term":[{"taxonomy":"category","embeddable":true,"href":"https:\/\/www.uv.mx\/prensa\/wp-json\/wp\/v2\/categories?post=136226"},{"taxonomy":"post_tag","embeddable":true,"href":"https:\/\/www.uv.mx\/prensa\/wp-json\/wp\/v2\/tags?post=136226"}],"curies":[{"name":"wp","href":"https:\/\/api.w.org\/{rel}","templated":true}]}}