{"id":136163,"date":"2023-10-17T21:05:58","date_gmt":"2023-10-18T02:05:58","guid":{"rendered":"https:\/\/www.uv.mx\/prensa\/?p=136163"},"modified":"2023-10-19T14:53:09","modified_gmt":"2023-10-19T19:53:09","slug":"insercion-laboral-requiere-de-colaboracion-entre-escuela-y-empleadores","status":"publish","type":"post","link":"https:\/\/www.uv.mx\/prensa\/eventos\/insercion-laboral-requiere-de-colaboracion-entre-escuela-y-empleadores\/","title":{"rendered":"Inserci\u00f3n laboral requiere de colaboraci\u00f3n entre escuela y empleadores"},"content":{"rendered":"<h2 style=\"text-align: right\"><strong><span style=\"color: #3366ff\">#PorEl4porciento<\/span><\/strong><\/h2>\n<ul class=\"ul1\">\n<li class=\"li1\"><i>Para tener empleo es fundamental dominar otro idioma, ya sea ingl\u00e9s o una lengua ind\u00edgena<\/i><\/li>\n<li class=\"li1\"><i>Ser autodidacta en habilidades tecnol\u00f3gicas puede hacer la diferencia para obtener trabajo<\/i><\/li>\n<\/ul>\n<p>&nbsp;<\/p>\n<div id=\"attachment_136152\" style=\"width: 732px\" class=\"wp-caption aligncenter\"><img aria-describedby=\"caption-attachment-136152\" decoding=\"async\" loading=\"lazy\" class=\"size-full wp-image-136152\" src=\"https:\/\/www.uv.mx\/prensa\/files\/2023\/10\/171023-DAVID-Conversatorio-Foro-de-Empleabilidad-1.jpg\" alt=\"Directores de \u00e1reas acad\u00e9micas de la UV y consultores especializados hablaron sobre los retos para egresados al buscar empleo\" width=\"722\" height=\"386\" srcset=\"https:\/\/www.uv.mx\/prensa\/files\/2023\/10\/171023-DAVID-Conversatorio-Foro-de-Empleabilidad-1.jpg 722w, https:\/\/www.uv.mx\/prensa\/files\/2023\/10\/171023-DAVID-Conversatorio-Foro-de-Empleabilidad-1-300x160.jpg 300w\" sizes=\"(max-width: 722px) 100vw, 722px\" \/><p id=\"caption-attachment-136152\" class=\"wp-caption-text\">Directores de \u00e1reas acad\u00e9micas de la UV y consultores especializados hablaron sobre los retos para egresados al buscar empleo<\/p><\/div>\n<p>&nbsp;<\/p>\n<p class=\"p1\"><b><i>David Sandoval Rodr\u00edguez<\/i><\/b><\/p>\n<p class=\"p1\"><b><i>Fotos: Omar Portilla Palacios<\/i><\/b><\/p>\n<p class=\"p1\"><b><i>17\/10\/2023, Xalapa, Ver.-<\/i><\/b> Las posibilidades de encontrar un empleo depender\u00e1n de qu\u00e9 tan bien preparados est\u00e1n los profesionistas y si en su formaci\u00f3n dominan otra lengua, extranjera o ind\u00edgena, sus habilidades tecnol\u00f3gicas tambi\u00e9n pueden hacer la diferencia entre obtener un trabajo o no.<\/p>\n<p class=\"p3\">As\u00ed lo plantearon directivos universitarios y consultores especializados en el 7o. Foro de Empleabilidad y Feria del Empleo \u201cCrecimiento profesional y competitividad laboral\u201d, organizado por la <a href=\"https:\/\/www.uv.mx\/\" target=\"_blank\" rel=\"noopener\">Universidad Veracruzana<\/a> (UV) a trav\u00e9s de la Secretar\u00eda de Desarrollo Institucional, la Direcci\u00f3n General de Vinculaci\u00f3n y el Departamento de Vinculaci\u00f3n con el Sector Productivo e Inserci\u00f3n Laboral.<\/p>\n<div id=\"attachment_136151\" style=\"width: 732px\" class=\"wp-caption aligncenter\"><img aria-describedby=\"caption-attachment-136151\" decoding=\"async\" loading=\"lazy\" class=\"size-full wp-image-136151\" src=\"https:\/\/www.uv.mx\/prensa\/files\/2023\/10\/171023-DAVID-Conversatorio-Foro-de-Empleabilidad-2.jpg\" alt=\"Yolanda Gonz\u00e1lez, directora del \u00c1rea Acad\u00e9mica de Humanidades, dijo que hablar una lengua ind\u00edgena puede ser \u00fatil para encontrar empleo\" width=\"722\" height=\"486\" srcset=\"https:\/\/www.uv.mx\/prensa\/files\/2023\/10\/171023-DAVID-Conversatorio-Foro-de-Empleabilidad-2.jpg 722w, https:\/\/www.uv.mx\/prensa\/files\/2023\/10\/171023-DAVID-Conversatorio-Foro-de-Empleabilidad-2-300x202.jpg 300w\" sizes=\"(max-width: 722px) 100vw, 722px\" \/><p id=\"caption-attachment-136151\" class=\"wp-caption-text\">Yolanda Gonz\u00e1lez, directora del \u00c1rea Acad\u00e9mica de Humanidades, dijo que hablar una lengua ind\u00edgena puede ser \u00fatil para encontrar empleo<\/p><\/div>\n<p>&nbsp;<\/p>\n<p class=\"p3\">En el conversatorio \u201cRetos y propuestas de la academia y los empleadores para la inserci\u00f3n oportuna de profesionistas en el mercado laboral\u201d participaron las Direcciones Generales de las \u00c1reas Acad\u00e9micas de Artes, Humanidades y Econ\u00f3mico-Administrativa, al igual que consultores del sector privado que se especializan en la gesti\u00f3n del talento humano.<\/p>\n<p class=\"p3\">Yolanda Francisca Gonz\u00e1lez Molohua, directora general del \u00c1rea Acad\u00e9mica de Humanidades; Jos\u00e9 Luis S\u00e1nchez Leyva, director general del \u00c1rea Acad\u00e9mica Econ\u00f3mico-Administrativa, y Beatriz S\u00e1nchez Zurita, directora general del \u00c1rea Acad\u00e9mica de Artes, compartieron el di\u00e1logo con H\u00e9ctor Sergio Arreola L\u00f3pez, consultor de recursos humanos de la empresa Jay Consultores, y Denev Esmeralda Labourdette Guti\u00e9rrez, especialista de adquisici\u00f3n de talento para Claremont Consulting; la moderaci\u00f3n fue de Nelsy Marien Cort\u00e9s Jim\u00e9nez, docente de la Facultad de Ciencias Administrativas y Sociales de la UV.<\/p>\n<div id=\"attachment_136150\" style=\"width: 732px\" class=\"wp-caption aligncenter\"><img aria-describedby=\"caption-attachment-136150\" decoding=\"async\" loading=\"lazy\" class=\"size-full wp-image-136150\" src=\"https:\/\/www.uv.mx\/prensa\/files\/2023\/10\/171023-DAVID-Conversatorio-Foro-de-Empleabilidad-3.jpg\" alt=\"Beatriz S\u00e1nchez, directora del \u00c1rea Acad\u00e9mica de Artes, recalc\u00f3 la importancia de aprender a trabajar en equipo y ser autogestivos\" width=\"722\" height=\"492\" srcset=\"https:\/\/www.uv.mx\/prensa\/files\/2023\/10\/171023-DAVID-Conversatorio-Foro-de-Empleabilidad-3.jpg 722w, https:\/\/www.uv.mx\/prensa\/files\/2023\/10\/171023-DAVID-Conversatorio-Foro-de-Empleabilidad-3-300x204.jpg 300w\" sizes=\"(max-width: 722px) 100vw, 722px\" \/><p id=\"caption-attachment-136150\" class=\"wp-caption-text\">Beatriz S\u00e1nchez, directora del \u00c1rea Acad\u00e9mica de Artes, recalc\u00f3 la importancia de aprender a trabajar en equipo y ser autogestivos<\/p><\/div>\n<p>&nbsp;<\/p>\n<p class=\"p3\">Ambos especialistas enfatizaron que la oferta laboral est\u00e1 muy por debajo de la demanda, lo que hace dif\u00edcil encontrar un empleo y recalcaron que el dominio de un idioma como el ingl\u00e9s puede ser el factor decisivo para obtener un trabajo.<\/p>\n<p class=\"p3\">Recomendaron tambi\u00e9n a los estudiantes investigar y conocer por cuenta propia el entorno en el cual se quieren desarrollar, as\u00ed como formarse de manera autodidacta tomando cursos relacionados con las plataformas tecnol\u00f3gicas, dado que estas habilidades son consideradas en la elecci\u00f3n de personal, m\u00e1s all\u00e1 de la licenciatura con la que egresen.<\/p>\n<div id=\"attachment_136149\" style=\"width: 732px\" class=\"wp-caption aligncenter\"><img aria-describedby=\"caption-attachment-136149\" decoding=\"async\" loading=\"lazy\" class=\"size-full wp-image-136149\" src=\"https:\/\/www.uv.mx\/prensa\/files\/2023\/10\/171023-DAVID-Conversatorio-Foro-de-Empleabilidad-4.jpg\" alt=\"Jos\u00e9 Luis S\u00e1nchez, director del \u00c1rea Econ\u00f3mico-Administrativa, enfatiz\u00f3 la gesti\u00f3n de la inclusi\u00f3n como una ventaja competitiva en el mercado laboral\" width=\"722\" height=\"495\" srcset=\"https:\/\/www.uv.mx\/prensa\/files\/2023\/10\/171023-DAVID-Conversatorio-Foro-de-Empleabilidad-4.jpg 722w, https:\/\/www.uv.mx\/prensa\/files\/2023\/10\/171023-DAVID-Conversatorio-Foro-de-Empleabilidad-4-300x206.jpg 300w\" sizes=\"(max-width: 722px) 100vw, 722px\" \/><p id=\"caption-attachment-136149\" class=\"wp-caption-text\">Jos\u00e9 Luis S\u00e1nchez, director del \u00c1rea Econ\u00f3mico-Administrativa, enfatiz\u00f3 la gesti\u00f3n de la inclusi\u00f3n como una ventaja competitiva en el mercado laboral<\/p><\/div>\n<p>&nbsp;<\/p>\n<p class=\"p3\">Por parte de la UV, las directoras de \u00e1reas acad\u00e9micas comentaron que los universitarios deben estar en constante formaci\u00f3n y conocimiento de campo disciplinar; en el caso de las humanidades y ciencias sociales, puede ser de mucha utilidad dominar una lengua ind\u00edgena debido a que numerosos proyectos comunitarios y de inclusi\u00f3n son con pueblos originarios.<\/p>\n<p class=\"p3\">Asimismo, tener la capacidad de autogesti\u00f3n y del trabajo en equipo son cruciales para los egresados de Artes, dado que en muchas ocasiones comienzan su carrera profesional en compa\u00f1\u00edas o colectivos creados por ellos mismos.<\/p>\n<div id=\"attachment_136153\" style=\"width: 732px\" class=\"wp-caption aligncenter\"><img aria-describedby=\"caption-attachment-136153\" decoding=\"async\" loading=\"lazy\" class=\"size-full wp-image-136153\" src=\"https:\/\/www.uv.mx\/prensa\/files\/2023\/10\/171023-DAVID-Conversatorio-Foro-de-Empleabilidad-5.jpg\" alt=\"H\u00e9ctor Arreola, consultor de recursos humanos, resalt\u00f3 la importancia de dominar otro idioma y ser autodidactas\" width=\"722\" height=\"465\" srcset=\"https:\/\/www.uv.mx\/prensa\/files\/2023\/10\/171023-DAVID-Conversatorio-Foro-de-Empleabilidad-5.jpg 722w, https:\/\/www.uv.mx\/prensa\/files\/2023\/10\/171023-DAVID-Conversatorio-Foro-de-Empleabilidad-5-300x193.jpg 300w\" sizes=\"(max-width: 722px) 100vw, 722px\" \/><p id=\"caption-attachment-136153\" class=\"wp-caption-text\">H\u00e9ctor Arreola, consultor de recursos humanos, resalt\u00f3 la importancia de dominar otro idioma y ser autodidactas<\/p><\/div>\n<p>&nbsp;<\/p>\n<p class=\"p3\">En cuanto a los egresados del \u00c1rea Econ\u00f3mico-Administrativa, S\u00e1nchez Leyva enfatiz\u00f3 que tanto los programas educativos como los profesionistas que egresen deben orientar sus esfuerzos a la gesti\u00f3n de la inclusi\u00f3n, adem\u00e1s de romper el \u201ctecho de cristal\u201d que impide a las mujeres y minor\u00edas obtener cargos de autoridad.<\/p>\n<p class=\"p3\">Subray\u00f3 la importancia de incorporarse al mercado laboral durante su formaci\u00f3n universitaria pues puede brindarles un panorama de la situaci\u00f3n real en su campo disciplinario; la sugerencia fue respaldada por los consultores, quienes dijeron que en numerosas ocasiones las pr\u00e1cticas realizadas como estudiantes pueden contar como experiencia profesional.<\/p>\n","protected":false},"excerpt":{"rendered":"<p>Directivos universitarios y especialistas en la gesti\u00f3n del talento humano dijeron que la preparaci\u00f3n constante es la clave para encontrar un buen empleo<\/p>\n","protected":false},"author":1775,"featured_media":136148,"comment_status":"closed","ping_status":"closed","sticky":false,"template":"","format":"standard","meta":[],"categories":[47,8445,61],"tags":[3617,6947,14015,813,4159,14014,4881,994,4778,14013,7397,14010,5918,14009,14012,152,9200,6865,11264,2521,6462,14011],"_links":{"self":[{"href":"https:\/\/www.uv.mx\/prensa\/wp-json\/wp\/v2\/posts\/136163"}],"collection":[{"href":"https:\/\/www.uv.mx\/prensa\/wp-json\/wp\/v2\/posts"}],"about":[{"href":"https:\/\/www.uv.mx\/prensa\/wp-json\/wp\/v2\/types\/post"}],"author":[{"embeddable":true,"href":"https:\/\/www.uv.mx\/prensa\/wp-json\/wp\/v2\/users\/1775"}],"replies":[{"embeddable":true,"href":"https:\/\/www.uv.mx\/prensa\/wp-json\/wp\/v2\/comments?post=136163"}],"version-history":[{"count":1,"href":"https:\/\/www.uv.mx\/prensa\/wp-json\/wp\/v2\/posts\/136163\/revisions"}],"predecessor-version":[{"id":136267,"href":"https:\/\/www.uv.mx\/prensa\/wp-json\/wp\/v2\/posts\/136163\/revisions\/136267"}],"wp:featuredmedia":[{"embeddable":true,"href":"https:\/\/www.uv.mx\/prensa\/wp-json\/wp\/v2\/media\/136148"}],"wp:attachment":[{"href":"https:\/\/www.uv.mx\/prensa\/wp-json\/wp\/v2\/media?parent=136163"}],"wp:term":[{"taxonomy":"category","embeddable":true,"href":"https:\/\/www.uv.mx\/prensa\/wp-json\/wp\/v2\/categories?post=136163"},{"taxonomy":"post_tag","embeddable":true,"href":"https:\/\/www.uv.mx\/prensa\/wp-json\/wp\/v2\/tags?post=136163"}],"curies":[{"name":"wp","href":"https:\/\/api.w.org\/{rel}","templated":true}]}}