{"id":136049,"date":"2023-10-16T12:03:41","date_gmt":"2023-10-16T17:03:41","guid":{"rendered":"https:\/\/www.uv.mx\/prensa\/?p=136049"},"modified":"2023-10-16T18:15:35","modified_gmt":"2023-10-16T23:15:35","slug":"egresada-uv-analizo-pico-de-actividad-del-ocelote-en-yucatan","status":"publish","type":"post","link":"https:\/\/www.uv.mx\/prensa\/ciencia\/egresada-uv-analizo-pico-de-actividad-del-ocelote-en-yucatan\/","title":{"rendered":"Egresada UV analiz\u00f3 pico de actividad del ocelote en Yucat\u00e1n"},"content":{"rendered":"<h2 style=\"text-align: right\"><strong><span style=\"color: #3366ff\">#PorEl4porciento<\/span><\/strong><\/h2>\n<ul class=\"ul1\">\n<li class=\"li1\"><i>M\u00f3nica Rosario Gonz\u00e1lez Acosta, estudi\u00f3 la Licenciatura en Biolog\u00eda en la Universidad Veracruzana <\/i><\/li>\n<li class=\"li1\"><i>Identific\u00f3 los periodos de acci\u00f3n de machos y hembras del felino en temporada de secas y lluvias<\/i><\/li>\n<\/ul>\n<p>&nbsp;<\/p>\n<div id=\"attachment_135959\" style=\"width: 732px\" class=\"wp-caption aligncenter\"><img aria-describedby=\"caption-attachment-135959\" decoding=\"async\" loading=\"lazy\" class=\"size-full wp-image-135959\" src=\"https:\/\/www.uv.mx\/prensa\/files\/2023\/10\/121023-CARLOS-Biologa-Ocelote-1.jpg\" alt=\"M\u00f3nica Rosario Gonz\u00e1lez Acosta, egresada de la Licenciatura en Biolog\u00eda\" width=\"722\" height=\"464\" srcset=\"https:\/\/www.uv.mx\/prensa\/files\/2023\/10\/121023-CARLOS-Biologa-Ocelote-1.jpg 722w, https:\/\/www.uv.mx\/prensa\/files\/2023\/10\/121023-CARLOS-Biologa-Ocelote-1-300x193.jpg 300w\" sizes=\"(max-width: 722px) 100vw, 722px\" \/><p id=\"caption-attachment-135959\" class=\"wp-caption-text\">M\u00f3nica Rosario Gonz\u00e1lez Acosta, egresada de la Licenciatura en Biolog\u00eda<\/p><\/div>\n<p>&nbsp;<\/p>\n<p class=\"p1\"><b><i>Carlos Hugo Hermida Rosales<\/i><\/b><\/p>\n<p class=\"p1\"><b><i>Fotos: Omar Portilla Palacios (1) y cortes\u00eda <\/i>M\u00f3nica Gonz\u00e1lez (<i>2-4)<\/i><\/b><\/p>\n<p class=\"p1\"><b><i>16\/10\/2023, Xalapa, Ver.-<\/i><\/b> M\u00f3nica Rosario Gonz\u00e1lez Acosta, egresada de la Licenciatura en Biolog\u00eda de la Universidad Veracruzana (UV), analiz\u00f3 los periodos y horas del d\u00eda donde ocurren los picos de actividad del felino <i>Leopardus pardalis<\/i> \u2013ocelote\u2013 en el \u00e1rea de conservaci\u00f3n El Zapotal, localizada en el municipio de Tizim\u00edn del estado de Yucat\u00e1n.<\/p>\n<p class=\"p3\">La joven, quien desarroll\u00f3 un proyecto de titulaci\u00f3n asesorada por \u00c1lvaro Jos\u00e9 Villafa\u00f1e Trujillo y Christian Alejandro Delf\u00edn Alfonso, del <a href=\"https:\/\/www.uv.mx\/iib\/\" target=\"_blank\" rel=\"noopener\">Instituto de Investigaciones Biol\u00f3gicas<\/a> (IIB), coment\u00f3 que el \u00e1rea de estudio cuenta con una superficie de m\u00e1s de cuatro mil hect\u00e1reas gestionadas por Pronatura, A.C., que de 2004 a la fecha lleva a cabo registros de fototrampeo de los cinco felinos con presencia all\u00ed.<\/p>\n<div id=\"attachment_135958\" style=\"width: 732px\" class=\"wp-caption aligncenter\"><img aria-describedby=\"caption-attachment-135958\" decoding=\"async\" loading=\"lazy\" class=\"size-full wp-image-135958\" src=\"https:\/\/www.uv.mx\/prensa\/files\/2023\/10\/121023-CARLOS-Biologa-Ocelote-2.jpg\" alt=\"La bi\u00f3loga identific\u00f3 que la especie presenta un marcado periodo de actividad nocturna\" width=\"722\" height=\"542\" srcset=\"https:\/\/www.uv.mx\/prensa\/files\/2023\/10\/121023-CARLOS-Biologa-Ocelote-2.jpg 722w, https:\/\/www.uv.mx\/prensa\/files\/2023\/10\/121023-CARLOS-Biologa-Ocelote-2-300x225.jpg 300w\" sizes=\"(max-width: 722px) 100vw, 722px\" \/><p id=\"caption-attachment-135958\" class=\"wp-caption-text\">La bi\u00f3loga identific\u00f3 que la especie presenta un marcado periodo de actividad nocturna<\/p><\/div>\n<p>&nbsp;<\/p>\n<p class=\"p3\">\u201cEs una zona prioritaria para la conservaci\u00f3n en el estado de Yucat\u00e1n pues integra un corredor biol\u00f3gico por el que atraviesan numerosas especies\u201d, puntualiz\u00f3.<\/p>\n<p class=\"p3\">Mencion\u00f3 que la permanencia del ocelote est\u00e1 comprometida por factores antropog\u00e9nicos y ambientales; la cacer\u00eda y comercio ilegales son los principales problemas que enfrenta.<\/p>\n<p class=\"p3\">A trav\u00e9s de su proyecto de investigaci\u00f3n, M\u00f3nica Gonz\u00e1lez identific\u00f3 los periodos de actividad de machos y hembras de ocelotes, en temporadas de secas y lluvias.<\/p>\n<div id=\"attachment_135957\" style=\"width: 732px\" class=\"wp-caption aligncenter\"><img aria-describedby=\"caption-attachment-135957\" decoding=\"async\" loading=\"lazy\" class=\"size-full wp-image-135957\" src=\"https:\/\/www.uv.mx\/prensa\/files\/2023\/10\/121023-CARLOS-Biologa-Ocelote-3.jpg\" alt=\"La joven utiliz\u00f3 informaci\u00f3n recaudada por medio del fototrampeo\" width=\"722\" height=\"963\" srcset=\"https:\/\/www.uv.mx\/prensa\/files\/2023\/10\/121023-CARLOS-Biologa-Ocelote-3.jpg 722w, https:\/\/www.uv.mx\/prensa\/files\/2023\/10\/121023-CARLOS-Biologa-Ocelote-3-225x300.jpg 225w\" sizes=\"(max-width: 722px) 100vw, 722px\" \/><p id=\"caption-attachment-135957\" class=\"wp-caption-text\">La joven utiliz\u00f3 informaci\u00f3n recaudada por medio del fototrampeo<\/p><\/div>\n<p>&nbsp;<\/p>\n<p class=\"p3\">Para este fin, utiliz\u00f3 informaci\u00f3n recaudada por medio del fototrampeo implementado por Pronatura, proporcionada por Anuar Hern\u00e1ndez SaintMart\u00edn, integrante de la asociaci\u00f3n civil.<\/p>\n<p class=\"p3\">La bi\u00f3loga comparti\u00f3 que en ese lapso se reconocieron 30 hembras y 31 machos, tanto espec\u00edmenes residentes como de paso en el \u00e1rea de conservaci\u00f3n.<\/p>\n<p class=\"p3\">\u201cLa diferenciaci\u00f3n de ejemplares se logr\u00f3 a partir de su patr\u00f3n de manchas y rosetas, pues es \u00fanico para cada individuo; el sexo se determin\u00f3 mediante la presencia de test\u00edculos\u201d, explic\u00f3.<\/p>\n<p class=\"p3\">La joven identific\u00f3 que la especie presenta un marcado periodo de actividad nocturna, distinto entre hembras y machos; en el caso de las primeras, ocurre a las 21:00 y 02:00 horas, y en los otros despu\u00e9s de las 00:00.<\/p>\n<div id=\"attachment_135960\" style=\"width: 732px\" class=\"wp-caption aligncenter\"><img aria-describedby=\"caption-attachment-135960\" decoding=\"async\" loading=\"lazy\" class=\"size-full wp-image-135960\" src=\"https:\/\/www.uv.mx\/prensa\/files\/2023\/10\/121023-CARLOS-Biologa-Ocelote-4.jpg\" alt=\"La diferenciaci\u00f3n entre ejemplares se logr\u00f3 a partir de su patr\u00f3n de manchas y rosetas\" width=\"722\" height=\"280\" srcset=\"https:\/\/www.uv.mx\/prensa\/files\/2023\/10\/121023-CARLOS-Biologa-Ocelote-4.jpg 722w, https:\/\/www.uv.mx\/prensa\/files\/2023\/10\/121023-CARLOS-Biologa-Ocelote-4-300x116.jpg 300w\" sizes=\"(max-width: 722px) 100vw, 722px\" \/><p id=\"caption-attachment-135960\" class=\"wp-caption-text\">La diferenciaci\u00f3n entre ejemplares se logr\u00f3 a partir de su patr\u00f3n de manchas y rosetas<\/p><\/div>\n<p>&nbsp;<\/p>\n<p class=\"p3\">La informaci\u00f3n obtenida posee aplicaci\u00f3n en diversos \u00e1mbitos; puede utilizarse para implementar planes de manejo sustentables que beneficien a la especie, o estrategias de rescate gen\u00e9tico exitosas, pues al conocer sus periodos de actividad se asegura un mayor \u00e9xito de captura.<\/p>\n<p class=\"p3\">La bi\u00f3loga, quien actualmente colabora en el laboratorio de zoolog\u00eda del IIB, enfatiz\u00f3 que continuar\u00e1 con su desarrollo profesional, a fin de incursionar de tiempo completo en la investigaci\u00f3n.<\/p>\n","protected":false},"excerpt":{"rendered":"<p>En el \u00e1rea de conservaci\u00f3n El Zapotal, localizada en el municipio de Tizim\u00edn<\/p>\n","protected":false},"author":1775,"featured_media":135960,"comment_status":"closed","ping_status":"closed","sticky":false,"template":"","format":"standard","meta":[],"categories":[45,61,6299],"tags":[13965,13962,4161,13963,5649,13961,10780,13960,793,792,13966,3802,13959,6462,13964,6094],"_links":{"self":[{"href":"https:\/\/www.uv.mx\/prensa\/wp-json\/wp\/v2\/posts\/136049"}],"collection":[{"href":"https:\/\/www.uv.mx\/prensa\/wp-json\/wp\/v2\/posts"}],"about":[{"href":"https:\/\/www.uv.mx\/prensa\/wp-json\/wp\/v2\/types\/post"}],"author":[{"embeddable":true,"href":"https:\/\/www.uv.mx\/prensa\/wp-json\/wp\/v2\/users\/1775"}],"replies":[{"embeddable":true,"href":"https:\/\/www.uv.mx\/prensa\/wp-json\/wp\/v2\/comments?post=136049"}],"version-history":[{"count":1,"href":"https:\/\/www.uv.mx\/prensa\/wp-json\/wp\/v2\/posts\/136049\/revisions"}],"predecessor-version":[{"id":136058,"href":"https:\/\/www.uv.mx\/prensa\/wp-json\/wp\/v2\/posts\/136049\/revisions\/136058"}],"wp:featuredmedia":[{"embeddable":true,"href":"https:\/\/www.uv.mx\/prensa\/wp-json\/wp\/v2\/media\/135960"}],"wp:attachment":[{"href":"https:\/\/www.uv.mx\/prensa\/wp-json\/wp\/v2\/media?parent=136049"}],"wp:term":[{"taxonomy":"category","embeddable":true,"href":"https:\/\/www.uv.mx\/prensa\/wp-json\/wp\/v2\/categories?post=136049"},{"taxonomy":"post_tag","embeddable":true,"href":"https:\/\/www.uv.mx\/prensa\/wp-json\/wp\/v2\/tags?post=136049"}],"curies":[{"name":"wp","href":"https:\/\/api.w.org\/{rel}","templated":true}]}}