{"id":136010,"date":"2023-10-13T17:22:18","date_gmt":"2023-10-13T22:22:18","guid":{"rendered":"https:\/\/www.uv.mx\/prensa\/?p=136010"},"modified":"2023-10-16T15:04:27","modified_gmt":"2023-10-16T20:04:27","slug":"alumnos-uv-participan-en-la-transicion-agroecologica","status":"publish","type":"post","link":"https:\/\/www.uv.mx\/prensa\/ciencia\/alumnos-uv-participan-en-la-transicion-agroecologica\/","title":{"rendered":"Alumnos UV participan en la transici\u00f3n agroecol\u00f3gica\u00a0"},"content":{"rendered":"<h2 style=\"text-align: right\"><strong><span style=\"color: #3366ff\">#PorEl4porciento<\/span><\/strong><\/h2>\n<ul>\n<li data-leveltext=\"\uf0b7\" data-font=\"Symbol\" data-listid=\"1\" data-list-defn-props=\"{&quot;335551671&quot;:0,&quot;335552541&quot;:1,&quot;335559684&quot;:-2,&quot;335559685&quot;:720,&quot;335559991&quot;:360,&quot;469769226&quot;:&quot;Symbol&quot;,&quot;469769242&quot;:[8226],&quot;469777803&quot;:&quot;left&quot;,&quot;469777804&quot;:&quot;\uf0b7&quot;,&quot;469777815&quot;:&quot;hybridMultilevel&quot;}\" data-aria-posinset=\"0\" data-aria-level=\"1\"><i><span data-contrast=\"auto\">Con la aportaci\u00f3n de ideas innovadoras coadyuvan a una agronom\u00eda sustentable, como lo demandan empresas para cultivo y producci\u00f3n de alimentos<\/span><\/i><span data-ccp-props=\"{&quot;201341983&quot;:0,&quot;335559739&quot;:0,&quot;335559740&quot;:240}\">\u00a0<\/span><\/li>\n<li data-leveltext=\"\uf0b7\" data-font=\"Symbol\" data-listid=\"1\" data-list-defn-props=\"{&quot;335551671&quot;:0,&quot;335552541&quot;:1,&quot;335559684&quot;:-2,&quot;335559685&quot;:720,&quot;335559991&quot;:360,&quot;469769226&quot;:&quot;Symbol&quot;,&quot;469769242&quot;:[8226],&quot;469777803&quot;:&quot;left&quot;,&quot;469777804&quot;:&quot;\uf0b7&quot;,&quot;469777815&quot;:&quot;hybridMultilevel&quot;}\" data-aria-posinset=\"0\" data-aria-level=\"1\"><i><span data-contrast=\"auto\">Estudiantes de la Facultad de Ciencias Agr\u00edcolas participaron en concurso convocado por SUMMIT Agro M\u00e9xico<\/span><\/i><span data-ccp-props=\"{&quot;201341983&quot;:0,&quot;335559739&quot;:0,&quot;335559740&quot;:240}\">\u00a0<\/span><\/li>\n<\/ul>\n<p><span data-ccp-props=\"{&quot;201341983&quot;:0,&quot;335559739&quot;:0,&quot;335559740&quot;:240}\">\u00a0<\/span><\/p>\n<div id=\"attachment_135999\" style=\"width: 732px\" class=\"wp-caption aligncenter\"><img aria-describedby=\"caption-attachment-135999\" decoding=\"async\" loading=\"lazy\" class=\"size-full wp-image-135999\" src=\"https:\/\/www.uv.mx\/prensa\/files\/2023\/10\/131023-COUTTOLENC.Concurso-SUMMIT-1-100k.jpg\" alt=\"\" width=\"722\" height=\"481\" srcset=\"https:\/\/www.uv.mx\/prensa\/files\/2023\/10\/131023-COUTTOLENC.Concurso-SUMMIT-1-100k.jpg 722w, https:\/\/www.uv.mx\/prensa\/files\/2023\/10\/131023-COUTTOLENC.Concurso-SUMMIT-1-100k-300x200.jpg 300w\" sizes=\"(max-width: 722px) 100vw, 722px\" \/><p id=\"caption-attachment-135999\" class=\"wp-caption-text\">Alumnos de la Facultad de Ciencias Agr\u00edcolas presentaron ideas innovadoras para la producci\u00f3n de alimentos<\/p><\/div>\n<p><span data-ccp-props=\"{&quot;201341983&quot;:0,&quot;335559739&quot;:0,&quot;335559740&quot;:240}\">\u00a0<\/span><\/p>\n<p><b><i><span data-contrast=\"auto\">Jos\u00e9 Luis Couttolenc Soto<\/span><\/i><\/b><span data-ccp-props=\"{&quot;201341983&quot;:0,&quot;335559739&quot;:0,&quot;335559740&quot;:240}\">\u00a0<\/span><\/p>\n<p><b><i><span data-contrast=\"auto\">Fotos: Luis Fernando Fern\u00e1ndez<\/span><\/i><\/b><span data-ccp-props=\"{&quot;201341983&quot;:0,&quot;335559739&quot;:0,&quot;335559740&quot;:240}\">\u00a0<\/span><\/p>\n<p><b><i><span data-contrast=\"auto\">13\/10\/2023, Xalapa, Ver.- <\/span><\/i><\/b><span data-contrast=\"auto\">Estudiantes de la <a href=\"https:\/\/www.uv.mx\/agronomia\/\" target=\"_blank\" rel=\"noopener\">Facultad de Ciencias Agr\u00edcolas<\/a> de la Universidad Veracruzana (UV) presentaron propuestas innovadoras sobre el cultivo y la producci\u00f3n de alimentos con t\u00e9cnicas agroecol\u00f3gicas, como parte del concurso \u201cQuiero salvar al planeta\u201d.<\/span><span data-ccp-props=\"{&quot;201341983&quot;:0,&quot;335559739&quot;:0,&quot;335559740&quot;:240}\">\u00a0<\/span><\/p>\n<p><span data-contrast=\"auto\">Lo anterior en el marco del programa \u201cDesarrollo de talentos\u201d, resultado de una alianza y trabajo de vinculaci\u00f3n de esta entidad acad\u00e9mica con la empresa SUMMIT Agro M\u00e9xico.<\/span><span data-ccp-props=\"{&quot;134233117&quot;:false,&quot;134233118&quot;:false,&quot;201341983&quot;:0,&quot;335551550&quot;:1,&quot;335551620&quot;:1,&quot;335559685&quot;:0,&quot;335559737&quot;:0,&quot;335559738&quot;:0,&quot;335559739&quot;:0,&quot;335559740&quot;:240}\">\u00a0<\/span><\/p>\n<p><span data-contrast=\"auto\">Los j\u00f3venes universitarios presentaron 15 trabajos que fueron evaluados por personal calificado egresado de esa entidad acad\u00e9mica, que en la actualidad fungen como directivos en la filial de Sumitomo Corporation, una de las empresas comerciales japonesas m\u00e1s grande del mundo.<\/span><\/p>\n<p>&nbsp;<\/p>\n<div id=\"attachment_136000\" style=\"width: 732px\" class=\"wp-caption aligncenter\"><img aria-describedby=\"caption-attachment-136000\" decoding=\"async\" loading=\"lazy\" class=\"size-full wp-image-136000\" src=\"https:\/\/www.uv.mx\/prensa\/files\/2023\/10\/131023-COUTTOLENC.Concurso-SUMMIT-2-100k.jpg\" alt=\"\" width=\"722\" height=\"481\" srcset=\"https:\/\/www.uv.mx\/prensa\/files\/2023\/10\/131023-COUTTOLENC.Concurso-SUMMIT-2-100k.jpg 722w, https:\/\/www.uv.mx\/prensa\/files\/2023\/10\/131023-COUTTOLENC.Concurso-SUMMIT-2-100k-300x200.jpg 300w\" sizes=\"(max-width: 722px) 100vw, 722px\" \/><p id=\"caption-attachment-136000\" class=\"wp-caption-text\">Arturo Serrano Sol\u00eds inaugur\u00f3 la primera etapa del programa \u201cDesarrollo de talentos\u201d, que comprendi\u00f3 el concurso \u201cQuiero salvar al planeta\u201d<\/p><\/div>\n<p><span data-ccp-props=\"{&quot;201341983&quot;:0,&quot;335559739&quot;:0,&quot;335559740&quot;:240}\">\u00a0<\/span><\/p>\n<p><span data-contrast=\"auto\">Juan Carlos Garc\u00eda Torres, presidente y director general de SUMMIT Agro M\u00e9xico, se\u00f1al\u00f3 que la industria en general requiere de talento, por lo que est\u00e1 en la b\u00fasqueda de j\u00f3venes profesionales que puedan generar soluciones a los problemas actuales.<\/span><span data-ccp-props=\"{&quot;201341983&quot;:0,&quot;335559739&quot;:0,&quot;335559740&quot;:240}\">\u00a0<\/span><\/p>\n<p><span data-contrast=\"auto\">En el caso particular de la industria agr\u00edcola, dijo que se estima que para 2050 la poblaci\u00f3n mundial supere los nueve mil millones de personas, lo que hace necesario el incremento en la producci\u00f3n de alimentos que pueda cubrir la demanda que habr\u00e1.<\/span><span data-ccp-props=\"{&quot;201341983&quot;:0,&quot;335559739&quot;:0,&quot;335559740&quot;:240}\">\u00a0<\/span><\/p>\n<p><span data-contrast=\"none\">Por ello, la Facultad de Ciencias Agr\u00edcolas y SUMMIT Agro M\u00e9xico, en la b\u00fasqueda de estimular el desarrollo humano y profesional de los estudiantes, as\u00ed como la generaci\u00f3n de ideas de valor, convocaron a los alumnos de la Licenciatura en Ingeniero Agr\u00f3nomo para participar en el programa \u201cDesarrollo de talento\u201d, que tiene como fin estimular la competitividad universitaria mediante el apoyo a la capacitaci\u00f3n humana y t\u00e9cnica de los participantes seleccionados.<\/span><\/p>\n<p>&nbsp;<\/p>\n<div id=\"attachment_136001\" style=\"width: 732px\" class=\"wp-caption aligncenter\"><img aria-describedby=\"caption-attachment-136001\" decoding=\"async\" loading=\"lazy\" class=\"size-full wp-image-136001\" src=\"https:\/\/www.uv.mx\/prensa\/files\/2023\/10\/131023-COUTTOLENC.Concurso-SUMMIT-3-100k.jpg\" alt=\"\" width=\"722\" height=\"481\" srcset=\"https:\/\/www.uv.mx\/prensa\/files\/2023\/10\/131023-COUTTOLENC.Concurso-SUMMIT-3-100k.jpg 722w, https:\/\/www.uv.mx\/prensa\/files\/2023\/10\/131023-COUTTOLENC.Concurso-SUMMIT-3-100k-300x200.jpg 300w\" sizes=\"(max-width: 722px) 100vw, 722px\" \/><p id=\"caption-attachment-136001\" class=\"wp-caption-text\">Las buenas escuelas forman buenos profesionales, mencion\u00f3 Juan Carlos Garc\u00eda Torres, presidente y director general de SUMMIT Agro M\u00e9xico<\/p><\/div>\n<p><span data-ccp-props=\"{&quot;201341983&quot;:0,&quot;335559739&quot;:0,&quot;335559740&quot;:240}\">\u00a0<\/span><\/p>\n<p><span data-contrast=\"none\">En la primera etapa del concurso, que fue inaugurada por Arturo Serrano Sol\u00eds, director general del \u00c1rea Acad\u00e9mica de Ciencias Biol\u00f3gicas y Agropecuarias, los autores de los 15 proyectos participantes expusieron las caracter\u00edsticas de los mismos y, previa evaluaci\u00f3n, se seleccionaron a los tres primeros lugares; en conjunto fueron analizados a fin de conocer su probable aplicaci\u00f3n en la pr\u00e1ctica, en tanto los autores con potencial podr\u00e1n colaborar en actividades coordinadas por la empresa, que fue la que aport\u00f3 los est\u00edmulos econ\u00f3micos a los triunfadores.<\/span><span data-ccp-props=\"{&quot;201341983&quot;:0,&quot;335559739&quot;:0,&quot;335559740&quot;:240}\">\u00a0<\/span><\/p>\n<p><span data-contrast=\"none\">Carlos Roberto Cerd\u00e1n Cabrera, director de la Facultad, dio a conocer que la alianza y vinculaci\u00f3n con el \u00e1mbito p\u00fablico y privado est\u00e1 contemplado en el plan de estudios, orientando su quehacer a la transici\u00f3n agroecol\u00f3gica que, a su vez, permita transitar hacia una agronom\u00eda m\u00e1s sustentable.<\/span><\/p>\n<p>&nbsp;<\/p>\n<div id=\"attachment_136002\" style=\"width: 732px\" class=\"wp-caption aligncenter\"><img aria-describedby=\"caption-attachment-136002\" decoding=\"async\" loading=\"lazy\" class=\"size-full wp-image-136002\" src=\"https:\/\/www.uv.mx\/prensa\/files\/2023\/10\/131023-COUTTOLENC.Concurso-SUMMIT-4-100k.jpg\" alt=\"\" width=\"722\" height=\"481\" srcset=\"https:\/\/www.uv.mx\/prensa\/files\/2023\/10\/131023-COUTTOLENC.Concurso-SUMMIT-4-100k.jpg 722w, https:\/\/www.uv.mx\/prensa\/files\/2023\/10\/131023-COUTTOLENC.Concurso-SUMMIT-4-100k-300x200.jpg 300w\" sizes=\"(max-width: 722px) 100vw, 722px\" \/><p id=\"caption-attachment-136002\" class=\"wp-caption-text\">Carlos Roberto Cerd\u00e1n Cabrera, director de la Facultad de Ciencias Agr\u00edcolas<\/p><\/div>\n<p><span data-ccp-props=\"{&quot;201341983&quot;:0,&quot;335559739&quot;:0,&quot;335559740&quot;:240}\">\u00a0<\/span><\/p>\n<p><span data-contrast=\"none\">A nombre de los concursantes, Zo\u00e9 Gamaliel Vel\u00e1zquez Garc\u00eda, consejero alumno de la Facultad, manifest\u00f3 que la vinculaci\u00f3n entre el mundo de la industria y la comunidad universitaria representa una oportunidad \u00fanica para el crecimiento, el aprendizaje e innovaci\u00f3n, y que empresas cono la convocante aporta experiencias, recursos y perspectivas del mundo real.<\/span><span data-ccp-props=\"{&quot;201341983&quot;:0,&quot;335559739&quot;:0,&quot;335559740&quot;:240}\">\u00a0<\/span><\/p>\n<p><span data-contrast=\"none\">En el evento estuvo presente Seraf\u00edn Flores de la Cruz, director general de Vinculaci\u00f3n.<\/span><\/p>\n","protected":false},"excerpt":{"rendered":"<p>Se estima que para 2050 la poblaci\u00f3n mundial ser\u00e1 superior a los nueve mil millones de personas que demandar\u00e1n alimentos\u00a0<\/p>\n","protected":false},"author":1869,"featured_media":136003,"comment_status":"closed","ping_status":"closed","sticky":false,"template":"","format":"standard","meta":[],"categories":[45,61,6299],"tags":[13916,9217,13918,645,13919,4162,13920,6249,13031,13917,12822],"_links":{"self":[{"href":"https:\/\/www.uv.mx\/prensa\/wp-json\/wp\/v2\/posts\/136010"}],"collection":[{"href":"https:\/\/www.uv.mx\/prensa\/wp-json\/wp\/v2\/posts"}],"about":[{"href":"https:\/\/www.uv.mx\/prensa\/wp-json\/wp\/v2\/types\/post"}],"author":[{"embeddable":true,"href":"https:\/\/www.uv.mx\/prensa\/wp-json\/wp\/v2\/users\/1869"}],"replies":[{"embeddable":true,"href":"https:\/\/www.uv.mx\/prensa\/wp-json\/wp\/v2\/comments?post=136010"}],"version-history":[{"count":1,"href":"https:\/\/www.uv.mx\/prensa\/wp-json\/wp\/v2\/posts\/136010\/revisions"}],"predecessor-version":[{"id":136065,"href":"https:\/\/www.uv.mx\/prensa\/wp-json\/wp\/v2\/posts\/136010\/revisions\/136065"}],"wp:featuredmedia":[{"embeddable":true,"href":"https:\/\/www.uv.mx\/prensa\/wp-json\/wp\/v2\/media\/136003"}],"wp:attachment":[{"href":"https:\/\/www.uv.mx\/prensa\/wp-json\/wp\/v2\/media?parent=136010"}],"wp:term":[{"taxonomy":"category","embeddable":true,"href":"https:\/\/www.uv.mx\/prensa\/wp-json\/wp\/v2\/categories?post=136010"},{"taxonomy":"post_tag","embeddable":true,"href":"https:\/\/www.uv.mx\/prensa\/wp-json\/wp\/v2\/tags?post=136010"}],"curies":[{"name":"wp","href":"https:\/\/api.w.org\/{rel}","templated":true}]}}