{"id":13562,"date":"2016-08-02T12:17:55","date_gmt":"2016-08-02T17:17:55","guid":{"rendered":"https:\/\/www.uv.mx\/prensa\/?p=13562"},"modified":"2016-08-02T12:22:24","modified_gmt":"2016-08-02T17:22:24","slug":"preocupante-la-desercion-escolar-en-nivel-medio-superior","status":"publish","type":"post","link":"https:\/\/www.uv.mx\/prensa\/general\/preocupante-la-desercion-escolar-en-nivel-medio-superior\/","title":{"rendered":"Preocupante la deserci\u00f3n escolar en nivel medio superior"},"content":{"rendered":"<ul>\n<li><em>Declar\u00f3 Rosa Iv\u00f3n Tapia Garc\u00eda<\/em><\/li>\n<li><em>La egresada de la Facultad de Pedagog\u00eda expres\u00f3 que profesionales del \u00e1rea deben ayudar a reducirlos<\/em><\/li>\n<\/ul>\n<p>&nbsp;<\/p>\n<div id=\"attachment_13564\" style=\"width: 732px\" class=\"wp-caption aligncenter\"><a href=\"https:\/\/www.uv.mx\/prensa\/files\/2016\/08\/Co-Pea-1-okok.jpg\"><img loading=\"lazy\" decoding=\"async\" aria-describedby=\"caption-attachment-13564\" class=\"size-full wp-image-13564\" src=\"https:\/\/www.uv.mx\/prensa\/files\/2016\/08\/Co-Pea-1-okok.jpg\" alt=\"Rosa Iv\u00f3n Tapia Garc\u00eda\" width=\"722\" height=\"481\" srcset=\"https:\/\/www.uv.mx\/prensa\/files\/2016\/08\/Co-Pea-1-okok.jpg 722w, https:\/\/www.uv.mx\/prensa\/files\/2016\/08\/Co-Pea-1-okok-300x200.jpg 300w\" sizes=\"auto, (max-width: 722px) 100vw, 722px\" \/><\/a><p id=\"caption-attachment-13564\" class=\"wp-caption-text\">Rosa Iv\u00f3n Tapia Garc\u00eda<\/p><\/div>\n<p>&nbsp;<\/p>\n<p><strong><em>Carlos Hugo Hermida Rosales<\/em><\/strong><\/p>\n<p>&nbsp;<\/p>\n<p><strong><em>Xalapa, Ver. 02\/08\/2016.-<\/em><\/strong><em>\u00a0<\/em>Rosa Iv\u00f3n Tapia Garc\u00eda, egresada de la Facultad de Pedagog\u00eda de la Universidad Veracruzana (UV), declar\u00f3 que los altos niveles de deserci\u00f3n escolar en el nivel medio superior son preocupantes y que \u00e9stos se deben a motivos muy diversos como apat\u00eda de los j\u00f3venes por estudiar, embarazos no deseados o imposibilidad de continuar su formaci\u00f3n por escasez de recursos econ\u00f3micos.<\/p>\n<p>En el \u201cForo de presentaci\u00f3n de documentos recepcionales periodo escolar Febrero-Julio 2016\u201d que se llev\u00f3 a cabo del 4 al 6 de julio en la Facultad de Pedagog\u00eda, la joven present\u00f3 el trabajo de titulaci\u00f3n en la modalidad de reporte \u201cIntervenci\u00f3n en el Programa Construye T del <em>Conalep<\/em> y actividades complementarias\u201d, el cual fue asesorado por Elena del Carmen Arano Leal, catedr\u00e1tica de esta instituci\u00f3n.<\/p>\n<p>En este reporte Rosa Tapia realiz\u00f3 una intervenci\u00f3n en el Colegio Nacional de Educaci\u00f3n Profesional T\u00e9cnica (<em>Conalep<\/em>), por medio del programa federal Construye T, el cual es dise\u00f1ado e implementado a trav\u00e9s de la Subsecretar\u00eda de Educaci\u00f3n Media Superior, en colaboraci\u00f3n con el Programa de las Naciones Unidas para el Desarrollo (PNUD), y cuyo objetivo es incidir directamente en la educaci\u00f3n integral de los estudiantes del nivel medio superior.<\/p>\n<p>Durante su estancia, la universitaria llev\u00f3 a cabo labores de concienciaci\u00f3n dirigidas a los estudiantes, con el objeto de reducir la deserci\u00f3n escolar por medio de la prevenci\u00f3n de conductas de riesgo que los lleven a esto.<\/p>\n<p>\u201cDe cada grupo de 45 alumnos que ingresan al <em>Conalep<\/em>, en promedio 10 abandonan la instituci\u00f3n tan s\u00f3lo en el primer semestre, lo cual nos habla de una deserci\u00f3n temprana de casi 25 por ciento.\u201d<\/p>\n<p>&nbsp;<\/p>\n<div id=\"attachment_13565\" style=\"width: 732px\" class=\"wp-caption aligncenter\"><a href=\"https:\/\/www.uv.mx\/prensa\/files\/2016\/08\/Con2-ok.jpg\"><img loading=\"lazy\" decoding=\"async\" aria-describedby=\"caption-attachment-13565\" class=\"size-full wp-image-13565\" src=\"https:\/\/www.uv.mx\/prensa\/files\/2016\/08\/Con2-ok.jpg\" alt=\"Elena del Carmen Arano Leal\" width=\"722\" height=\"481\" srcset=\"https:\/\/www.uv.mx\/prensa\/files\/2016\/08\/Con2-ok.jpg 722w, https:\/\/www.uv.mx\/prensa\/files\/2016\/08\/Con2-ok-300x200.jpg 300w\" sizes=\"auto, (max-width: 722px) 100vw, 722px\" \/><\/a><p id=\"caption-attachment-13565\" class=\"wp-caption-text\">Elena del Carmen Arano Leal<\/p><\/div>\n<p>Mencion\u00f3 que el principal reto a superar durante esta labor fue sobrellevar el comportamiento de los estudiantes, ya que en ocasiones no les agradaba que alguien que no fuera su profesor estuviera frente al sal\u00f3n de clases.<\/p>\n<p>Tapia Garc\u00eda agreg\u00f3 que su satisfacci\u00f3n m\u00e1s grande fue poder orientar a los alumnos con los que trabaj\u00f3 para evitar que abandonen sus estudios, as\u00ed como ayudarlos a modificar comportamientos que propician esta situaci\u00f3n.<\/p>\n<p>\u201cEl pedagogo debe acercarse a instituciones educativas y apoyarlas a resolver las problem\u00e1ticas que presentan los j\u00f3venes que se forman en ellas; necesitan de pedagogos que les ayuden a superarse y tener un mejor futuro\u201d, asever\u00f3 Rosa Tapia.<\/p>\n<p>La catedr\u00e1tica Elena Arano aplaudi\u00f3 el trabajo de su asesorada, ya que afirm\u00f3 que dentro de \u00e9l recupera la experiencia adquirida a lo largo de su formaci\u00f3n acad\u00e9mica, la articula y la aplica en un contexto con retos reales donde puede echar mano de sus conocimientos te\u00f3ricos.<\/p>\n<p>La profesora manifest\u00f3 que la educaci\u00f3n es un reto en M\u00e9xico y la problem\u00e1tica en torno a ella es diversa y amplia, por lo cual es fundamental reconocer el potencial de los universitarios para afrontarla y darle respuesta de una manera eficaz.<\/p>\n","protected":false},"excerpt":{"rendered":"<p><strong><em>Carlos Hugo Hermida.-<\/strong><\/em>Rosa Iv\u00f3n Tapia Garc\u00eda, egresada de la Facultad de Pedagog\u00eda de la Universidad Veracruzana (UV), declar\u00f3 que los altos niveles de deserci\u00f3n escolar en el nivel medio superior son preocupantes y que \u00e9stos se deben a motivos muy diversos como apat\u00eda de los j\u00f3venes por estudiar, embarazos no deseados o imposibilidad de continuar su formaci\u00f3n por escasez de recursos econ\u00f3micos.<\/p>\n","protected":false},"author":1810,"featured_media":13563,"comment_status":"closed","ping_status":"closed","sticky":false,"template":"","format":"standard","meta":{"footnotes":""},"categories":[1],"tags":[3],"class_list":["post-13562","post","type-post","status-publish","format-standard","has-post-thumbnail","hentry","category-general","tag-secundarias"],"_links":{"self":[{"href":"https:\/\/www.uv.mx\/prensa\/wp-json\/wp\/v2\/posts\/13562","targetHints":{"allow":["GET"]}}],"collection":[{"href":"https:\/\/www.uv.mx\/prensa\/wp-json\/wp\/v2\/posts"}],"about":[{"href":"https:\/\/www.uv.mx\/prensa\/wp-json\/wp\/v2\/types\/post"}],"author":[{"embeddable":true,"href":"https:\/\/www.uv.mx\/prensa\/wp-json\/wp\/v2\/users\/1810"}],"replies":[{"embeddable":true,"href":"https:\/\/www.uv.mx\/prensa\/wp-json\/wp\/v2\/comments?post=13562"}],"version-history":[{"count":0,"href":"https:\/\/www.uv.mx\/prensa\/wp-json\/wp\/v2\/posts\/13562\/revisions"}],"wp:featuredmedia":[{"embeddable":true,"href":"https:\/\/www.uv.mx\/prensa\/wp-json\/wp\/v2\/media\/13563"}],"wp:attachment":[{"href":"https:\/\/www.uv.mx\/prensa\/wp-json\/wp\/v2\/media?parent=13562"}],"wp:term":[{"taxonomy":"category","embeddable":true,"href":"https:\/\/www.uv.mx\/prensa\/wp-json\/wp\/v2\/categories?post=13562"},{"taxonomy":"post_tag","embeddable":true,"href":"https:\/\/www.uv.mx\/prensa\/wp-json\/wp\/v2\/tags?post=13562"}],"curies":[{"name":"wp","href":"https:\/\/api.w.org\/{rel}","templated":true}]}}