{"id":134802,"date":"2023-09-14T17:27:43","date_gmt":"2023-09-14T22:27:43","guid":{"rendered":"https:\/\/www.uv.mx\/prensa\/?p=134802"},"modified":"2023-09-22T15:15:15","modified_gmt":"2023-09-22T20:15:15","slug":"alumnos-de-odontologia-fortalecen-habilidades-con-maniquies-simuladores","status":"publish","type":"post","link":"https:\/\/www.uv.mx\/prensa\/general\/alumnos-de-odontologia-fortalecen-habilidades-con-maniquies-simuladores\/","title":{"rendered":"Alumnos de odontolog\u00eda fortalecen habilidades con maniqu\u00edes simuladores"},"content":{"rendered":"<ul>\n<li data-leveltext=\"\uf0b7\" data-font=\"Symbol\" data-listid=\"6\" data-list-defn-props=\"{&quot;335552541&quot;:1,&quot;335559684&quot;:-2,&quot;335559685&quot;:720,&quot;335559991&quot;:360,&quot;469769226&quot;:&quot;Symbol&quot;,&quot;469769242&quot;:[8226],&quot;469777803&quot;:&quot;left&quot;,&quot;469777804&quot;:&quot;\uf0b7&quot;,&quot;469777815&quot;:&quot;hybridMultilevel&quot;}\" data-aria-posinset=\"1\" data-aria-level=\"1\"><i><span data-contrast=\"auto\">Catedr\u00e1ticos de las Universidades Veracruzana y Aut\u00f3noma del Estado de M\u00e9xico coincidieron en la necesidad de reforzar la educaci\u00f3n de odont\u00f3logos con ayuda de la simulaci\u00f3n<\/span><\/i><span data-ccp-props=\"{}\">\u00a0<\/span><\/li>\n<\/ul>\n<p><span data-ccp-props=\"{}\">\u00a0<\/span><\/p>\n<div id=\"attachment_134763\" style=\"width: 732px\" class=\"wp-caption aligncenter\"><img loading=\"lazy\" decoding=\"async\" aria-describedby=\"caption-attachment-134763\" class=\"size-full wp-image-134763\" src=\"https:\/\/www.uv.mx\/prensa\/files\/2023\/09\/140923-CARLOS-El-maniqui-paciente-1.jpg\" alt=\"\" width=\"722\" height=\"441\" srcset=\"https:\/\/www.uv.mx\/prensa\/files\/2023\/09\/140923-CARLOS-El-maniqui-paciente-1.jpg 722w, https:\/\/www.uv.mx\/prensa\/files\/2023\/09\/140923-CARLOS-El-maniqui-paciente-1-300x183.jpg 300w\" sizes=\"auto, (max-width: 722px) 100vw, 722px\" \/><p id=\"caption-attachment-134763\" class=\"wp-caption-text\">Bernardino Cerda manifest\u00f3 que es esencial promover el uso de simuladores en alumnos de Odontolog\u00eda<\/p><\/div>\n<p><span data-ccp-props=\"{}\">\u00a0<\/span><\/p>\n<p><b><i><span data-contrast=\"auto\">Carlos Hugo Hermida Rosales<\/span><\/i><\/b><span data-ccp-props=\"{}\">\u00a0<\/span><\/p>\n<p><b><i><span data-contrast=\"auto\">Fotos: Omar Portilla Palacios<\/span><\/i><\/b><span data-ccp-props=\"{}\">\u00a0<\/span><\/p>\n<p><b><i><span data-contrast=\"auto\">14\/09\/2023, Xalapa, Ver.-<\/span><\/i><\/b><span data-contrast=\"auto\"> Bernardino Isaac Cerda Cristerna y Josu\u00e9 Roberto Bermeo Escalona, acad\u00e9micos de las <a href=\"https:\/\/www.uv.mx\/veracruz\/odontologia\/\" target=\"_blank\" rel=\"noopener\">Facultades de Odontolog\u00eda<\/a> de las Universidades Veracruzana (UV) y Aut\u00f3noma del Estado de M\u00e9xico, coincidieron en la necesidad de reforzar la formaci\u00f3n de estudiantes de esta disciplina con el uso de simuladores, al impartir la charla h\u00edbrida \u201cEl maniqu\u00ed paciente\u201d en el auditorio de la Direcci\u00f3n General de Investigaciones.<\/span><span data-ccp-props=\"{}\">\u00a0<\/span><\/p>\n<p><span data-contrast=\"auto\">Josu\u00e9 Bermeo mencion\u00f3 que antes del uso de maniqu\u00edes en las pr\u00e1cticas de administraci\u00f3n de anestesia, los alumnos aprend\u00edan con sus compa\u00f1eros y eso ocasionaba dilemas \u00e9ticos. <\/span><span data-ccp-props=\"{&quot;335559731&quot;:708}\">\u00a0<\/span><\/p>\n<p><span data-contrast=\"auto\">En muchos casos los estudiantes visitaban las cl\u00ednicas muy pronto, lo cual provocaba un desfase en su preparaci\u00f3n pues no dimensionaban el trasfondo te\u00f3rico de las actividades que llevaban a cabo.\u00a0<\/span><\/p>\n<p>&nbsp;<\/p>\n<div id=\"attachment_134764\" style=\"width: 732px\" class=\"wp-caption aligncenter\"><img loading=\"lazy\" decoding=\"async\" aria-describedby=\"caption-attachment-134764\" class=\"size-full wp-image-134764\" src=\"https:\/\/www.uv.mx\/prensa\/files\/2023\/09\/140923-CARLOS-El-maniqui-paciente-2.jpg\" alt=\"\" width=\"722\" height=\"453\" srcset=\"https:\/\/www.uv.mx\/prensa\/files\/2023\/09\/140923-CARLOS-El-maniqui-paciente-2.jpg 722w, https:\/\/www.uv.mx\/prensa\/files\/2023\/09\/140923-CARLOS-El-maniqui-paciente-2-300x188.jpg 300w, https:\/\/www.uv.mx\/prensa\/files\/2023\/09\/140923-CARLOS-El-maniqui-paciente-2-200x125.jpg 200w\" sizes=\"auto, (max-width: 722px) 100vw, 722px\" \/><p id=\"caption-attachment-134764\" class=\"wp-caption-text\">Los j\u00f3venes que utilizan la simulaci\u00f3n en su formaci\u00f3n adquieren seguridad y obtienen mejores resultados en el control de su mano<\/p><\/div>\n<p>&nbsp;<\/p>\n<p><span data-contrast=\"auto\">\u201cLos j\u00f3venes que utilizan la simulaci\u00f3n en su formaci\u00f3n adquieren seguridad y obtienen mejores resultados en el control de su mano, la administraci\u00f3n de anestesia y otros procedimientos\u201d, asegur\u00f3 el catedr\u00e1tico.\u00a0<\/span><span data-ccp-props=\"{&quot;335559731&quot;:708}\">\u00a0<\/span><\/p>\n<p><span data-contrast=\"auto\">Enfatiz\u00f3 en la necesidad de realizar investigaci\u00f3n en torno a ella, ya que es una herramienta fundamental en el proceso educativo de la odontolog\u00eda y otras disciplinas.\u00a0<\/span><span data-ccp-props=\"{&quot;335559731&quot;:708}\">\u00a0<\/span><\/p>\n<p><span data-contrast=\"auto\">Bernardino Cerda explic\u00f3 que los maniqu\u00edes usados en la simulaci\u00f3n permiten a los estudiantes desarrollar habilidades manuales, mentales y emocionales, y perder el miedo a trabajar con pacientes, lo que disminuye el riesgo de provocarles lesiones.<\/span><span data-ccp-props=\"{&quot;335559731&quot;:708}\">\u00a0<\/span><\/p>\n<p><span data-contrast=\"auto\">\u201cUna persona con m\u00e1s destreza tendr\u00e1 una mejor t\u00e9cnica de anestesia y podr\u00e1 realizar una inyecci\u00f3n confortable\u201d, afirm\u00f3.\u00a0<\/span><\/p>\n<p>&nbsp;<\/p>\n<div id=\"attachment_134765\" style=\"width: 732px\" class=\"wp-caption aligncenter\"><img loading=\"lazy\" decoding=\"async\" aria-describedby=\"caption-attachment-134765\" class=\"size-full wp-image-134765\" src=\"https:\/\/www.uv.mx\/prensa\/files\/2023\/09\/140923-CARLOS-El-maniqui-paciente-3.jpg\" alt=\"\" width=\"722\" height=\"441\" srcset=\"https:\/\/www.uv.mx\/prensa\/files\/2023\/09\/140923-CARLOS-El-maniqui-paciente-3.jpg 722w, https:\/\/www.uv.mx\/prensa\/files\/2023\/09\/140923-CARLOS-El-maniqui-paciente-3-300x183.jpg 300w\" sizes=\"auto, (max-width: 722px) 100vw, 722px\" \/><p id=\"caption-attachment-134765\" class=\"wp-caption-text\">Los maniqu\u00edes preparan para la pr\u00e1ctica cl\u00ednica pero no la sustituyen, recordaron los ponentes<\/p><\/div>\n<p>&nbsp;<\/p>\n<p><span data-contrast=\"auto\">El docente hizo hincapi\u00e9 en la importancia de promover el uso de simuladores en alumnos de Odontolog\u00eda, pues existen instituciones educativas que cuentan con ellos pero no los utilizan; puntualiz\u00f3 que, no obstante, los maniqu\u00edes preparan para la pr\u00e1ctica cl\u00ednica pero no la sustituyen.<\/span><span data-ccp-props=\"{&quot;335559731&quot;:708}\">\u00a0<\/span><\/p>\n<p><span data-contrast=\"auto\">\u201cLa simulaci\u00f3n en el proceso formativo beneficia tanto a estudiantes como a los pacientes porque ser\u00e1n atendidos por alguien con buenas habilidades\u201d, concluy\u00f3.<\/span><span data-ccp-props=\"{&quot;335559731&quot;:708}\">\u00a0<\/span><\/p>\n","protected":false},"excerpt":{"rendered":"<p>Con este tipo de pr\u00e1cticas adquieren seguridad y se reducen riesgos de provocar lesiones\u00a0\u00a0<\/p>\n","protected":false},"author":2349,"featured_media":134766,"comment_status":"closed","ping_status":"closed","sticky":false,"template":"","format":"standard","meta":{"footnotes":""},"categories":[45,47,1,51],"tags":[750,13406,4161,13405,13359,591,241,196,11098,749,12899,6462,13404,1573],"class_list":["post-134802","post","type-post","status-publish","format-standard","has-post-thumbnail","hentry","category-ciencia","category-eventos","category-general","category-tecnologia","tag-academico","tag-anestesia","tag-carlos-hugo-hermida-rosales","tag-charla-hibrida","tag-clinicas","tag-conferencia","tag-direccion-general-de-investigaciones-dgi","tag-facultad-de-odontologia","tag-habilidades","tag-investigador","tag-lesiones","tag-omar-portilla-palacios","tag-simuladores","tag-universidad-autonoma-del-estado-de-mexico"],"_links":{"self":[{"href":"https:\/\/www.uv.mx\/prensa\/wp-json\/wp\/v2\/posts\/134802","targetHints":{"allow":["GET"]}}],"collection":[{"href":"https:\/\/www.uv.mx\/prensa\/wp-json\/wp\/v2\/posts"}],"about":[{"href":"https:\/\/www.uv.mx\/prensa\/wp-json\/wp\/v2\/types\/post"}],"author":[{"embeddable":true,"href":"https:\/\/www.uv.mx\/prensa\/wp-json\/wp\/v2\/users\/2349"}],"replies":[{"embeddable":true,"href":"https:\/\/www.uv.mx\/prensa\/wp-json\/wp\/v2\/comments?post=134802"}],"version-history":[{"count":1,"href":"https:\/\/www.uv.mx\/prensa\/wp-json\/wp\/v2\/posts\/134802\/revisions"}],"predecessor-version":[{"id":135038,"href":"https:\/\/www.uv.mx\/prensa\/wp-json\/wp\/v2\/posts\/134802\/revisions\/135038"}],"wp:featuredmedia":[{"embeddable":true,"href":"https:\/\/www.uv.mx\/prensa\/wp-json\/wp\/v2\/media\/134766"}],"wp:attachment":[{"href":"https:\/\/www.uv.mx\/prensa\/wp-json\/wp\/v2\/media?parent=134802"}],"wp:term":[{"taxonomy":"category","embeddable":true,"href":"https:\/\/www.uv.mx\/prensa\/wp-json\/wp\/v2\/categories?post=134802"},{"taxonomy":"post_tag","embeddable":true,"href":"https:\/\/www.uv.mx\/prensa\/wp-json\/wp\/v2\/tags?post=134802"}],"curies":[{"name":"wp","href":"https:\/\/api.w.org\/{rel}","templated":true}]}}