{"id":134774,"date":"2023-09-14T14:19:19","date_gmt":"2023-09-14T19:19:19","guid":{"rendered":"https:\/\/www.uv.mx\/prensa\/?p=134774"},"modified":"2023-09-14T14:47:06","modified_gmt":"2023-09-14T19:47:06","slug":"lucha-libre-una-expresion-de-violencia-aceptada","status":"publish","type":"post","link":"https:\/\/www.uv.mx\/prensa\/general\/lucha-libre-una-expresion-de-violencia-aceptada\/","title":{"rendered":"Lucha libre: una expresi\u00f3n de violencia aceptada"},"content":{"rendered":"<ul>\n<li data-leveltext=\"\uf0b7\" data-font=\"Symbol\" data-listid=\"1\" data-list-defn-props=\"{&quot;335551671&quot;:0,&quot;335552541&quot;:1,&quot;335559684&quot;:-2,&quot;335559685&quot;:720,&quot;335559991&quot;:360,&quot;469769226&quot;:&quot;Symbol&quot;,&quot;469769242&quot;:[8226],&quot;469777803&quot;:&quot;left&quot;,&quot;469777804&quot;:&quot;\uf0b7&quot;,&quot;469777815&quot;:&quot;hybridMultilevel&quot;}\" data-aria-posinset=\"0\" data-aria-level=\"1\"><i><span data-contrast=\"auto\">\u201cRepresenta un fen\u00f3meno social interesante y pertinente para poder historiar\u201d: Eker Jael Gonz\u00e1lez Casta\u00f1eda, alumno de la Facultad de Historia<\/span><\/i><span data-ccp-props=\"{&quot;201341983&quot;:0,&quot;335559739&quot;:0,&quot;335559740&quot;:240}\">\u00a0<\/span><\/li>\n<li data-leveltext=\"\uf0b7\" data-font=\"Symbol\" data-listid=\"1\" data-list-defn-props=\"{&quot;335551671&quot;:0,&quot;335552541&quot;:1,&quot;335559684&quot;:-2,&quot;335559685&quot;:720,&quot;335559991&quot;:360,&quot;469769226&quot;:&quot;Symbol&quot;,&quot;469769242&quot;:[8226],&quot;469777803&quot;:&quot;left&quot;,&quot;469777804&quot;:&quot;\uf0b7&quot;,&quot;469777815&quot;:&quot;hybridMultilevel&quot;}\" data-aria-posinset=\"0\" data-aria-level=\"1\"><i><span data-contrast=\"auto\">Estudiantes presentaron investigaciones dentro de la Semana de la Historiadora y el Historiador<\/span><\/i><span data-ccp-props=\"{&quot;201341983&quot;:0,&quot;335559739&quot;:0,&quot;335559740&quot;:240}\"> 2023<\/span><\/li>\n<\/ul>\n<p><span data-ccp-props=\"{&quot;201341983&quot;:0,&quot;335559739&quot;:0,&quot;335559740&quot;:240}\">\u00a0<\/span><\/p>\n<div id=\"attachment_134773\" style=\"width: 732px\" class=\"wp-caption aligncenter\"><img aria-describedby=\"caption-attachment-134773\" decoding=\"async\" loading=\"lazy\" class=\"size-full wp-image-134773\" src=\"https:\/\/www.uv.mx\/prensa\/files\/2023\/09\/12092023-Couttolenc-Hisoria-en-movimiento-5-100k.jpg\" alt=\"\" width=\"722\" height=\"406\" srcset=\"https:\/\/www.uv.mx\/prensa\/files\/2023\/09\/12092023-Couttolenc-Hisoria-en-movimiento-5-100k.jpg 722w, https:\/\/www.uv.mx\/prensa\/files\/2023\/09\/12092023-Couttolenc-Hisoria-en-movimiento-5-100k-300x169.jpg 300w\" sizes=\"(max-width: 722px) 100vw, 722px\" \/><p id=\"caption-attachment-134773\" class=\"wp-caption-text\">Alumno de Historia en la UV abord\u00f3 la lucha libre en M\u00e9xico como un fen\u00f3meno social<\/p><\/div>\n<p><span data-ccp-props=\"{&quot;201341983&quot;:0,&quot;335559739&quot;:0,&quot;335559740&quot;:240}\">\u00a0<\/span><\/p>\n<p><b><i><span data-contrast=\"auto\">Jos\u00e9 Luis Couttolenc Soto<\/span><\/i><\/b><span data-ccp-props=\"{&quot;201341983&quot;:0,&quot;335559739&quot;:0,&quot;335559740&quot;:240}\">\u00a0<\/span><\/p>\n<p><b><i><span data-contrast=\"auto\">Fotos: C\u00e9sar Pisil Ramos y cortes\u00eda Eker Gonz\u00e1lez Casta\u00f1eda<\/span><\/i><\/b><\/p>\n<p><b><i><span data-contrast=\"auto\">14\/09\/2023, Xalapa, Ver.- <\/span><\/i><\/b><span data-contrast=\"auto\">Eker Jael Gonz\u00e1lez Casta\u00f1eda, alumno de s\u00e9ptimo semestre de la <a href=\"https:\/\/www.uv.mx\/historia\/\" target=\"_blank\" rel=\"noopener\">Facultad de Historia<\/a> de la Universidad Veracruzana (UV), calific\u00f3 a la lucha libre como una expresi\u00f3n de violencia aceptada, al tiempo que representa tambi\u00e9n un fen\u00f3meno social interesante y pertinente para historiar.<\/span><span data-ccp-props=\"{&quot;201341983&quot;:0,&quot;335559739&quot;:0,&quot;335559740&quot;:240}\">\u00a0<\/span><\/p>\n<p><span data-contrast=\"auto\">El joven universitario particip\u00f3 en el segundo d\u00eda de actividades de la Semana de la Historiadora y el Historiador 2023, que del 11 al 14 de septiembre se desarroll\u00f3 en el Auditorio \u201cJes\u00fas Morales Fern\u00e1ndez\u201d de la Unidad de Humanidades.<\/span><span data-ccp-props=\"{&quot;201341983&quot;:0,&quot;335559739&quot;:0,&quot;335559740&quot;:240}\">\u00a0<\/span><\/p>\n<p><span data-contrast=\"auto\">En la Mesa 3 \u201cUna historia en movimiento: danza y deporte\u201d, present\u00f3 su trabajo de investigaci\u00f3n titulado \u201c90 a\u00f1os de lucha libre en M\u00e9xico. Cultura y violencia desde la primera cuerda 1933-2023\u201d.<\/span><span data-ccp-props=\"{&quot;201341983&quot;:0,&quot;335559739&quot;:0,&quot;335559740&quot;:240}\">\u00a0<\/span><\/p>\n<p>&nbsp;<\/p>\n<div id=\"attachment_134730\" style=\"width: 732px\" class=\"wp-caption aligncenter\"><img aria-describedby=\"caption-attachment-134730\" decoding=\"async\" loading=\"lazy\" class=\"size-full wp-image-134730\" src=\"https:\/\/www.uv.mx\/prensa\/files\/2023\/09\/12092023-Couttolenc-Hisoria-en-movimiento-1-100k.jpg\" alt=\"\" width=\"722\" height=\"482\" srcset=\"https:\/\/www.uv.mx\/prensa\/files\/2023\/09\/12092023-Couttolenc-Hisoria-en-movimiento-1-100k.jpg 722w, https:\/\/www.uv.mx\/prensa\/files\/2023\/09\/12092023-Couttolenc-Hisoria-en-movimiento-1-100k-300x200.jpg 300w\" sizes=\"(max-width: 722px) 100vw, 722px\" \/><p id=\"caption-attachment-134730\" class=\"wp-caption-text\">Eker Jael Gonz\u00e1lez se\u00f1al\u00f3 que la lucha libre es un fen\u00f3meno social interesante y pertinente para historiar<\/p><\/div>\n<p>&nbsp;<\/p>\n<p><span data-contrast=\"auto\">Gonz\u00e1lez Casta\u00f1eda mencion\u00f3 que con su trabajo pretende poner entre las cuerdas la parte cultural de la lucha libre y, al mismo tiempo, crear un espacio sobre las diversas formas de violencia que viven los actores (luchadores y luchadoras) arriba del cuadril\u00e1tero, precisando la violencia f\u00edsica y social que viven no s\u00f3lo en los vestidores, sino tambi\u00e9n la de tipo laboral y de g\u00e9nero.<\/span><span data-ccp-props=\"{&quot;201341983&quot;:0,&quot;335559739&quot;:0,&quot;335559740&quot;:240}\">\u00a0<\/span><\/p>\n<p><span data-contrast=\"auto\">Se\u00f1al\u00f3 que las reacciones que se registran entre el p\u00fablico son igualmente objeto de estudio, \u201cporque la lucha libre es un ritual en el que ocurre una catarsis por parte de la afici\u00f3n cuando su luchador o luchadora favorita est\u00e1 arriba del ring; emite gritos y palabras altisonantes que forman una catarsis colectiva que ayuda a olvidar sus problemas\u201d.<\/span><span data-ccp-props=\"{&quot;201341983&quot;:0,&quot;335559739&quot;:0,&quot;335559740&quot;:240}\">\u00a0<\/span><\/p>\n<p>&nbsp;<\/p>\n<div id=\"attachment_134772\" style=\"width: 732px\" class=\"wp-caption aligncenter\"><img aria-describedby=\"caption-attachment-134772\" decoding=\"async\" loading=\"lazy\" class=\"size-full wp-image-134772\" src=\"https:\/\/www.uv.mx\/prensa\/files\/2023\/09\/12092023-Couttolenc-Hisoria-en-movimiento-4-100k.jpg\" alt=\"\" width=\"722\" height=\"406\" srcset=\"https:\/\/www.uv.mx\/prensa\/files\/2023\/09\/12092023-Couttolenc-Hisoria-en-movimiento-4-100k.jpg 722w, https:\/\/www.uv.mx\/prensa\/files\/2023\/09\/12092023-Couttolenc-Hisoria-en-movimiento-4-100k-300x169.jpg 300w\" sizes=\"(max-width: 722px) 100vw, 722px\" \/><p id=\"caption-attachment-134772\" class=\"wp-caption-text\">El trabajo analiza 90 a\u00f1os del deporte en M\u00e9xico<\/p><\/div>\n<p>&nbsp;<\/p>\n<p><span data-contrast=\"auto\">Por su parte, F\u00e1tima Avenda\u00f1o Jim\u00e9nez, estudiante del tercer semestre de la misma entidad universitaria, expuso su trabajo \u201cHablemos de fandango y su rostro mestizo\u201d e indic\u00f3 que en la historia de este baile \u2013a trav\u00e9s del siglo XVI hasta la mitad del XX\u2013 surgieron hechos que marcaron su historia y la de Veracruz.<\/span><span data-ccp-props=\"{&quot;201341983&quot;:0,&quot;335559739&quot;:0,&quot;335559740&quot;:240}\">\u00a0<\/span><\/p>\n<p><span data-contrast=\"auto\">Dijo que sin tener una definici\u00f3n espec\u00edfica se le asocia a una fiesta comunitaria que se practicaba principalmente entre la gente del campo, populariz\u00e1ndose en el nuevo mundo en los siglos XV y XVI.<\/span><span data-ccp-props=\"{&quot;201341983&quot;:0,&quot;335559731&quot;:708,&quot;335559739&quot;:0,&quot;335559740&quot;:240}\">\u00a0<\/span><\/p>\n<p><span data-contrast=\"auto\">El origen del fandango se remonta a la \u00e9poca colonial del continente americano y fue tra\u00eddo por los andaluces, lo que hace tener influencia europea y de las culturas prehisp\u00e1nica y africana, a las que se involucr\u00f3 la caribe\u00f1a, con lo que naci\u00f3 la imagen de Veracruz, en donde se encuentra el ritmo y verso, as\u00ed como el nombre de las canciones, dando as\u00ed identidad al estado.<\/span><span data-ccp-props=\"{&quot;201341983&quot;:0,&quot;335559739&quot;:0,&quot;335559740&quot;:240}\">\u00a0<\/span><\/p>\n<p>&nbsp;<\/p>\n<div id=\"attachment_134731\" style=\"width: 732px\" class=\"wp-caption aligncenter\"><img aria-describedby=\"caption-attachment-134731\" decoding=\"async\" loading=\"lazy\" class=\"size-full wp-image-134731\" src=\"https:\/\/www.uv.mx\/prensa\/files\/2023\/09\/12092023-Couttolenc-Hisoria-en-movimiento-2-100k.jpg\" alt=\"\" width=\"722\" height=\"482\" srcset=\"https:\/\/www.uv.mx\/prensa\/files\/2023\/09\/12092023-Couttolenc-Hisoria-en-movimiento-2-100k.jpg 722w, https:\/\/www.uv.mx\/prensa\/files\/2023\/09\/12092023-Couttolenc-Hisoria-en-movimiento-2-100k-300x200.jpg 300w\" sizes=\"(max-width: 722px) 100vw, 722px\" \/><p id=\"caption-attachment-134731\" class=\"wp-caption-text\">F\u00e1tima Avenda\u00f1o Jim\u00e9nez habl\u00f3 del origen del fandango<\/p><\/div>\n<p>&nbsp;<\/p>\n<p><span data-contrast=\"auto\">Mario Cort\u00e9s L\u00f3pez, de la Universidad Aut\u00f3noma de la Ciudad de M\u00e9xico (UACM), present\u00f3 un trabajo de investigaci\u00f3n sobre accidentes viales en donde se han visto involucrados ciclistas.<\/span><span data-ccp-props=\"{&quot;201341983&quot;:0,&quot;335559739&quot;:0,&quot;335559740&quot;:240}\">\u00a0<\/span><\/p>\n<p><span data-contrast=\"auto\">Explic\u00f3 que entre la comunidad ciclista existe el t\u00e9rmino \u201cbicicleta blanca\u201d, el cual significa que cuando hay una pendiendo de un sitio es que all\u00ed un ciclista fue herido o perdi\u00f3 la vida; esto es un recordatorio para que exista respeto y precauci\u00f3n y que no se sigan registrando estos hechos que enlutan familias.<\/span><span data-ccp-props=\"{&quot;201341983&quot;:0,&quot;335559739&quot;:0,&quot;335559740&quot;:240}\">\u00a0<\/span><\/p>\n<p><span data-contrast=\"auto\">Destac\u00f3 que el problema no es privativo de la Ciudad de M\u00e9xico, se puede observar desde Baja California hasta Quintana Roo, por lo que con su trabajo busca enviar un mensaje a las autoridades locales, estatales y federales para que se trabaje m\u00e1s sobre el tema.<\/span><\/p>\n<p>&nbsp;<\/p>\n<div id=\"attachment_134732\" style=\"width: 732px\" class=\"wp-caption aligncenter\"><img aria-describedby=\"caption-attachment-134732\" decoding=\"async\" loading=\"lazy\" class=\"size-full wp-image-134732\" src=\"https:\/\/www.uv.mx\/prensa\/files\/2023\/09\/12092023-Couttolenc-Hisoria-en-movimiento-3-100k.jpg\" alt=\"\" width=\"722\" height=\"482\" srcset=\"https:\/\/www.uv.mx\/prensa\/files\/2023\/09\/12092023-Couttolenc-Hisoria-en-movimiento-3-100k.jpg 722w, https:\/\/www.uv.mx\/prensa\/files\/2023\/09\/12092023-Couttolenc-Hisoria-en-movimiento-3-100k-300x200.jpg 300w\" sizes=\"(max-width: 722px) 100vw, 722px\" \/><p id=\"caption-attachment-134732\" class=\"wp-caption-text\">Mario Cort\u00e9s L\u00f3pez se refiri\u00f3 al programa \u201cBicicleta blanca\u201d, que pide mayor seguridad para los ciclistas<\/p><\/div>\n<p>&nbsp;<\/p>\n<p><span data-contrast=\"auto\">\u201cTransitar por las calles debe ser una cuesti\u00f3n segura; en los reglamentos de tr\u00e1nsito hay una pir\u00e1mide vial que encabeza el peat\u00f3n, y le sigue el ciclista; adem\u00e1s, la Constituci\u00f3n contempla respetar la jerarqu\u00eda vial.<\/span><span data-ccp-props=\"{&quot;201341983&quot;:0,&quot;335559731&quot;:708,&quot;335559739&quot;:0,&quot;335559740&quot;:240}\">\u00a0<\/span><\/p>\n<p><span data-contrast=\"auto\">\u201dSeamos activos en el sentido de modificar no solamente las leyes o los art\u00edculos, sino las cuestiones viales\u201d, concluy\u00f3.<\/span><\/p>\n","protected":false},"excerpt":{"rendered":"<p>Estudiantes de la UV y de la UACM expusieron sus trabajos de investigaci\u00f3n sobre cultura, fen\u00f3menos sociales y deporte<\/p>\n","protected":false},"author":2349,"featured_media":134733,"comment_status":"closed","ping_status":"closed","sticky":false,"template":"","format":"standard","meta":[],"categories":[11,47,1],"tags":[13391,10425,6263,10424,13390,11295,247,12111,4162,11567,340,13389,11788,5134],"_links":{"self":[{"href":"https:\/\/www.uv.mx\/prensa\/wp-json\/wp\/v2\/posts\/134774"}],"collection":[{"href":"https:\/\/www.uv.mx\/prensa\/wp-json\/wp\/v2\/posts"}],"about":[{"href":"https:\/\/www.uv.mx\/prensa\/wp-json\/wp\/v2\/types\/post"}],"author":[{"embeddable":true,"href":"https:\/\/www.uv.mx\/prensa\/wp-json\/wp\/v2\/users\/2349"}],"replies":[{"embeddable":true,"href":"https:\/\/www.uv.mx\/prensa\/wp-json\/wp\/v2\/comments?post=134774"}],"version-history":[{"count":1,"href":"https:\/\/www.uv.mx\/prensa\/wp-json\/wp\/v2\/posts\/134774\/revisions"}],"predecessor-version":[{"id":134790,"href":"https:\/\/www.uv.mx\/prensa\/wp-json\/wp\/v2\/posts\/134774\/revisions\/134790"}],"wp:featuredmedia":[{"embeddable":true,"href":"https:\/\/www.uv.mx\/prensa\/wp-json\/wp\/v2\/media\/134733"}],"wp:attachment":[{"href":"https:\/\/www.uv.mx\/prensa\/wp-json\/wp\/v2\/media?parent=134774"}],"wp:term":[{"taxonomy":"category","embeddable":true,"href":"https:\/\/www.uv.mx\/prensa\/wp-json\/wp\/v2\/categories?post=134774"},{"taxonomy":"post_tag","embeddable":true,"href":"https:\/\/www.uv.mx\/prensa\/wp-json\/wp\/v2\/tags?post=134774"}],"curies":[{"name":"wp","href":"https:\/\/api.w.org\/{rel}","templated":true}]}}