{"id":134524,"date":"2023-09-07T20:40:55","date_gmt":"2023-09-08T01:40:55","guid":{"rendered":"https:\/\/www.uv.mx\/prensa\/?p=134524"},"modified":"2023-09-08T09:41:43","modified_gmt":"2023-09-08T14:41:43","slug":"estudiantes-compartieron-experiencias-en-brigadas-universitarias","status":"publish","type":"post","link":"https:\/\/www.uv.mx\/prensa\/general\/estudiantes-compartieron-experiencias-en-brigadas-universitarias\/","title":{"rendered":"Estudiantes compartieron experiencias en Brigadas Universitarias"},"content":{"rendered":"<ul class=\"ul1\">\n<li class=\"li1\"><i>Coincidieron en que su acercamiento al campo laboral les cambi\u00f3 su visi\u00f3n respecto a la atenci\u00f3n a la sociedad<\/i><\/li>\n<li class=\"li1\"><span class=\"s3\"><i>La vinculaci\u00f3n con las comunidades genera un gran impacto que beneficia a las familias<\/i><\/span><\/li>\n<\/ul>\n<p>&nbsp;<\/p>\n<div id=\"attachment_134526\" style=\"width: 732px\" class=\"wp-caption aligncenter\"><img aria-describedby=\"caption-attachment-134526\" decoding=\"async\" loading=\"lazy\" class=\"wp-image-134526 size-full\" src=\"https:\/\/www.uv.mx\/prensa\/files\/2023\/09\/07092023-Couttolenc-Foro-de-vinculacion-1-B-100k.jpg\" alt=\"Patricia Donaj\u00ed Zamora Bocarando, Karla Michelle Roa Serrano y Christian de Jes\u00fas Rodr\u00edguez Ronz\u00f3n\" width=\"722\" height=\"482\" srcset=\"https:\/\/www.uv.mx\/prensa\/files\/2023\/09\/07092023-Couttolenc-Foro-de-vinculacion-1-B-100k.jpg 722w, https:\/\/www.uv.mx\/prensa\/files\/2023\/09\/07092023-Couttolenc-Foro-de-vinculacion-1-B-100k-300x200.jpg 300w\" sizes=\"(max-width: 722px) 100vw, 722px\" \/><p id=\"caption-attachment-134526\" class=\"wp-caption-text\">Patricia Donaj\u00ed Zamora Bocarando, Karla Michelle Roa Serrano y Christian de Jes\u00fas Rodr\u00edguez Ronz\u00f3n<\/p><\/div>\n<p>&nbsp;<\/p>\n<p class=\"p1\"><b><i>Jos\u00e9 Luis Couttolenc Soto<\/i><\/b><\/p>\n<p class=\"p1\"><b><i>Fotos: C\u00e9sar Pisil Ramos<\/i><\/b><\/p>\n<p class=\"p1\"><b><i>07\/09\/2023, Xalapa, Ver.- <\/i><\/b>En el Foro \u201cMi experiencia en Casas y Brigadas Universitarias: Aportes para el fortalecimiento de la formaci\u00f3n integral del estudiante\u201d, organizado por la Direcci\u00f3n General de Vinculaci\u00f3n de la Universidad Veracruzana (UV), alumnos de servicio social o pr\u00e1ctica profesional en Casas UV compartieron experiencias y enriquecimiento de saberes a trav\u00e9s de su participaci\u00f3n en las Brigadas Universitarias.<\/p>\n<p class=\"p1\">El evento se realiz\u00f3 en la Casa del Lago UV, con la presencia de acad\u00e9micos y representantes de las comunidades beneficiadas con los trabajos que realiza la m\u00e1xima casa de estudios en sus localidades.<\/p>\n<p class=\"p3\"><span class=\"s1\">Christian de Jes\u00fas Rodr\u00edguez Ronz\u00f3n, de la Licenciatura en Cirujano Dentista y servicio social en la Casa UV de Tatatila, expres\u00f3 que atender a personas que usualmente no tienen mucho acceso a la educaci\u00f3n en salud y su interacci\u00f3n con la comunidad infantil \u201cfue un acercamiento muy valioso al campo laboral\u201d; agreg\u00f3 que los ni\u00f1os tienen ya la iniciativa de atender su salud bucal.<\/span><\/p>\n<div id=\"attachment_134516\" style=\"width: 732px\" class=\"wp-caption aligncenter\"><img aria-describedby=\"caption-attachment-134516\" decoding=\"async\" loading=\"lazy\" class=\"size-full wp-image-134516\" src=\"https:\/\/www.uv.mx\/prensa\/files\/2023\/09\/07092023-Couttolenc-Foro-de-vinculacion-2-100k.jpg\" alt=\"Nayeli Baizabal Gonz\u00e1lez, jefe de responsabilidad empresarial del ingenio La Gloria\" width=\"722\" height=\"482\" srcset=\"https:\/\/www.uv.mx\/prensa\/files\/2023\/09\/07092023-Couttolenc-Foro-de-vinculacion-2-100k.jpg 722w, https:\/\/www.uv.mx\/prensa\/files\/2023\/09\/07092023-Couttolenc-Foro-de-vinculacion-2-100k-300x200.jpg 300w\" sizes=\"(max-width: 722px) 100vw, 722px\" \/><p id=\"caption-attachment-134516\" class=\"wp-caption-text\">Nayeli Baizabal Gonz\u00e1lez, jefe de responsabilidad empresarial del ingenio La Gloria<\/p><\/div>\n<p>&nbsp;<\/p>\n<p class=\"p4\">Karla Michelle Roa Serrano, de la Licenciatura en Enfermer\u00eda y servicio social en la Casa UV de El Conejo, en el municipio de Perote, manifest\u00f3 sentirse contenta por tener la oportunidad de promover acciones de prevenci\u00f3n de enfermedades; como parte de un equipo multidisciplinario, ampli\u00f3 sus actividades a lugares aleda\u00f1os como Rancho Nuevo, Los Pescados y Progreso. \u201cEl acercamiento al campo laboral fue grato y realista, eso me gust\u00f3 mucho\u201d, refiri\u00f3.<\/p>\n<p class=\"p1\">Otra participante fue Patricia Donaj\u00ed Zamora Bocarando, de la Licenciatura en Medicina, quien realiz\u00f3 su servicio en la Casa UV Las Estrellitas, de Boca del R\u00edo. Reconoci\u00f3 que \u201ciba a algo diferente y que no conoc\u00eda, pero fue una experiencia bonita porque me acerc\u00f3 mucho a una comunidad vulnerable, sin acceso a los servicios de salud; adem\u00e1s nacieron lazos de amistad porque les llevamos servicios de salud, y eso lo agradecen\u201d.<\/p>\n<div id=\"attachment_134517\" style=\"width: 732px\" class=\"wp-caption aligncenter\"><img aria-describedby=\"caption-attachment-134517\" decoding=\"async\" loading=\"lazy\" class=\"size-full wp-image-134517\" src=\"https:\/\/www.uv.mx\/prensa\/files\/2023\/09\/07092023-Couttolenc-Foro-de-vinculacion-3-100k.jpg\" alt=\"Fernando Morales Otero, director de Fomento Agropecuario del municipio de Ixhuac\u00e1n de los Reyes\" width=\"722\" height=\"482\" srcset=\"https:\/\/www.uv.mx\/prensa\/files\/2023\/09\/07092023-Couttolenc-Foro-de-vinculacion-3-100k.jpg 722w, https:\/\/www.uv.mx\/prensa\/files\/2023\/09\/07092023-Couttolenc-Foro-de-vinculacion-3-100k-300x200.jpg 300w\" sizes=\"(max-width: 722px) 100vw, 722px\" \/><p id=\"caption-attachment-134517\" class=\"wp-caption-text\">Fernando Morales Otero, director de Fomento Agropecuario del municipio de Ixhuac\u00e1n de los Reyes<\/p><\/div>\n<p>&nbsp;<\/p>\n<p class=\"p1\">Nayeli Baizabal Gonz\u00e1lez, jefe de responsabilidad empresarial del ingenio La Gloria, mencion\u00f3 que desde 2011 tienen relaciones de vinculaci\u00f3n con la UV; mancomunadamente han realizado programas y actividades de educaci\u00f3n y salud en beneficio de trabajadores, sus familias y la comunidad en general.<\/p>\n<p class=\"p1\">Rebeca P\u00e9rez Garc\u00eda, regidora primera del Ayuntamiento de Sochiapa, extern\u00f3 que la UV les brinda apoyo a trav\u00e9s de pl\u00e1ticas y talleres sobre diferentes t\u00f3picos, dirigidos a alumnos, padres de familia y autoridades municipales.<\/p>\n<div id=\"attachment_134518\" style=\"width: 732px\" class=\"wp-caption aligncenter\"><img aria-describedby=\"caption-attachment-134518\" decoding=\"async\" loading=\"lazy\" class=\"size-full wp-image-134518\" src=\"https:\/\/www.uv.mx\/prensa\/files\/2023\/09\/07092023-Couttolenc-Foro-de-vinculacion-4-100k.jpg\" alt=\"Remigio de Jes\u00fas Dom\u00ednguez Mart\u00ednez, habitante de la comunidad El Conejo, municipio de Perote\" width=\"722\" height=\"482\" srcset=\"https:\/\/www.uv.mx\/prensa\/files\/2023\/09\/07092023-Couttolenc-Foro-de-vinculacion-4-100k.jpg 722w, https:\/\/www.uv.mx\/prensa\/files\/2023\/09\/07092023-Couttolenc-Foro-de-vinculacion-4-100k-300x200.jpg 300w\" sizes=\"(max-width: 722px) 100vw, 722px\" \/><p id=\"caption-attachment-134518\" class=\"wp-caption-text\">Remigio de Jes\u00fas Dom\u00ednguez Mart\u00ednez, habitante de la comunidad El Conejo, municipio de Perote<\/p><\/div>\n<p>&nbsp;<\/p>\n<p class=\"p1\">Gloria Gallardo Zapata, directora de Educaci\u00f3n, Arte y Cultura del Ayuntamiento de Perote, consider\u00f3 que el trabajo de colaboraci\u00f3n con la UV es importante, dado que en muchas ocasiones se convierte en factor determinante para la soluci\u00f3n de problemas, como es el caso concreto de El Conejo, donde han recibido a alumnos de las Licenciaturas de Medicina, Psicolog\u00eda y Pedagog\u00eda, entre otras; anunci\u00f3 que tienen en proyecto un programa de alfabetizaci\u00f3n digital.<\/p>\n<p class=\"p1\">Remigio de Jes\u00fas Dom\u00ednguez Mart\u00ednez, habitante de El Conejo, refiri\u00f3 que desde hace 26 a\u00f1os la UV les otorga apoyos en diferentes disciplinas; \u201cestamos a 12 kil\u00f3metros de Perote, y si nos duele una muela o tenemos un dolor fuerte, se nos complica llegar r\u00e1pido, por eso la presencia de estudiantes de la Universidad Veracruzana es muy importante para nosotros\u201d.<\/p>\n<div id=\"attachment_134519\" style=\"width: 732px\" class=\"wp-caption aligncenter\"><img aria-describedby=\"caption-attachment-134519\" decoding=\"async\" loading=\"lazy\" class=\"size-full wp-image-134519\" src=\"https:\/\/www.uv.mx\/prensa\/files\/2023\/09\/07092023-Couttolenc-Foro-de-vinculacion-5-100k.jpg\" alt=\"Gloria Gallardo Zapata, directora de Educaci\u00f3n, Arte y Cultura del Ayuntamiento de Perote\" width=\"722\" height=\"482\" srcset=\"https:\/\/www.uv.mx\/prensa\/files\/2023\/09\/07092023-Couttolenc-Foro-de-vinculacion-5-100k.jpg 722w, https:\/\/www.uv.mx\/prensa\/files\/2023\/09\/07092023-Couttolenc-Foro-de-vinculacion-5-100k-300x200.jpg 300w\" sizes=\"(max-width: 722px) 100vw, 722px\" \/><p id=\"caption-attachment-134519\" class=\"wp-caption-text\">Gloria Gallardo Zapata, directora de Educaci\u00f3n, Arte y Cultura del Ayuntamiento de Perote<\/p><\/div>\n<p>&nbsp;<\/p>\n<p class=\"p1\">Por \u00faltimo, Fernando Morales Otero, director de Fomento Agropecuario del municipio de Ixhuac\u00e1n de los Reyes, se\u00f1al\u00f3 que la vinculaci\u00f3n con la UV les aporta el capital humano que ha favorecido a varias comunidades que requieren del apoyo de un asesor, extensionista, orientaci\u00f3n m\u00e9dica o ense\u00f1anza para los j\u00f3venes.<\/p>\n","protected":false},"excerpt":{"rendered":"<p>El Foro \u201cMi experiencia en Casas y Brigadas Universitarias: Aportes para el fortalecimiento de la formaci\u00f3n integral del estudiante\u201d, fue un espacio para el di\u00e1logo, reflexi\u00f3n y an\u00e1lisis para consolidar el quehacer Universidad-sociedad<\/p>\n","protected":false},"author":1775,"featured_media":134521,"comment_status":"closed","ping_status":"closed","sticky":false,"template":"","format":"standard","meta":[],"categories":[6301,47,1,61,5174],"tags":[92,3230,6263,994,5646,320,2803,4162,13317,13315,13316,10968,5647,13318,66],"_links":{"self":[{"href":"https:\/\/www.uv.mx\/prensa\/wp-json\/wp\/v2\/posts\/134524"}],"collection":[{"href":"https:\/\/www.uv.mx\/prensa\/wp-json\/wp\/v2\/posts"}],"about":[{"href":"https:\/\/www.uv.mx\/prensa\/wp-json\/wp\/v2\/types\/post"}],"author":[{"embeddable":true,"href":"https:\/\/www.uv.mx\/prensa\/wp-json\/wp\/v2\/users\/1775"}],"replies":[{"embeddable":true,"href":"https:\/\/www.uv.mx\/prensa\/wp-json\/wp\/v2\/comments?post=134524"}],"version-history":[{"count":1,"href":"https:\/\/www.uv.mx\/prensa\/wp-json\/wp\/v2\/posts\/134524\/revisions"}],"predecessor-version":[{"id":134528,"href":"https:\/\/www.uv.mx\/prensa\/wp-json\/wp\/v2\/posts\/134524\/revisions\/134528"}],"wp:featuredmedia":[{"embeddable":true,"href":"https:\/\/www.uv.mx\/prensa\/wp-json\/wp\/v2\/media\/134521"}],"wp:attachment":[{"href":"https:\/\/www.uv.mx\/prensa\/wp-json\/wp\/v2\/media?parent=134524"}],"wp:term":[{"taxonomy":"category","embeddable":true,"href":"https:\/\/www.uv.mx\/prensa\/wp-json\/wp\/v2\/categories?post=134524"},{"taxonomy":"post_tag","embeddable":true,"href":"https:\/\/www.uv.mx\/prensa\/wp-json\/wp\/v2\/tags?post=134524"}],"curies":[{"name":"wp","href":"https:\/\/api.w.org\/{rel}","templated":true}]}}