{"id":134263,"date":"2023-09-06T21:54:33","date_gmt":"2023-09-07T02:54:33","guid":{"rendered":"https:\/\/www.uv.mx\/prensa\/?p=134263"},"modified":"2023-09-06T21:54:33","modified_gmt":"2023-09-07T02:54:33","slug":"los-libros-que-escribia-eran-una-ofrenda-para-mi-padre-juan-villoro","status":"publish","type":"post","link":"https:\/\/www.uv.mx\/prensa\/cultura\/los-libros-que-escribia-eran-una-ofrenda-para-mi-padre-juan-villoro\/","title":{"rendered":"Los libros que escrib\u00eda eran una ofrenda para mi padre: Juan Villoro"},"content":{"rendered":"<p><span data-ccp-props=\"{}\">\u00a0<\/span><\/p>\n<ul>\n<li data-leveltext=\"\uf0b7\" data-font=\"Symbol\" data-listid=\"1\" data-list-defn-props=\"{&quot;335552541&quot;:1,&quot;335559684&quot;:-2,&quot;335559685&quot;:720,&quot;335559991&quot;:360,&quot;469769226&quot;:&quot;Symbol&quot;,&quot;469769242&quot;:[8226],&quot;469777803&quot;:&quot;left&quot;,&quot;469777804&quot;:&quot;\uf0b7&quot;,&quot;469777815&quot;:&quot;hybridMultilevel&quot;}\" data-aria-posinset=\"1\" data-aria-level=\"1\"><i><span data-contrast=\"auto\">En la USBI-Xalapa present\u00f3 el libro <\/span><\/i><span data-contrast=\"auto\">La figura del mundo<\/span><i><span data-contrast=\"auto\">, a invitaci\u00f3n del CECC y transmitido por el sistema de videoconferencias a las diferentes regiones universitarias<\/span><\/i><span data-ccp-props=\"{}\">\u00a0<\/span><\/li>\n<li data-leveltext=\"\uf0b7\" data-font=\"Symbol\" data-listid=\"1\" data-list-defn-props=\"{&quot;335552541&quot;:1,&quot;335559684&quot;:-2,&quot;335559685&quot;:720,&quot;335559991&quot;:360,&quot;469769226&quot;:&quot;Symbol&quot;,&quot;469769242&quot;:[8226],&quot;469777803&quot;:&quot;left&quot;,&quot;469777804&quot;:&quot;\uf0b7&quot;,&quot;469777815&quot;:&quot;hybridMultilevel&quot;}\" data-aria-posinset=\"2\" data-aria-level=\"1\"><i><span data-contrast=\"auto\">Los comentarios fueron realizados por Hugo Chaparro, escritor colombiano, y Raciel Mart\u00ednez, acad\u00e9mico del CECC<\/span><\/i><span data-ccp-props=\"{}\">\u00a0<\/span><\/li>\n<\/ul>\n<div id=\"attachment_134268\" style=\"width: 732px\" class=\"wp-caption aligncenter\"><img loading=\"lazy\" decoding=\"async\" aria-describedby=\"caption-attachment-134268\" class=\"size-full wp-image-134268\" src=\"https:\/\/www.uv.mx\/prensa\/files\/2023\/09\/040923-PAOLA-presentacion-Juan-Villoro-1.jpg\" alt=\"\" width=\"722\" height=\"450\" srcset=\"https:\/\/www.uv.mx\/prensa\/files\/2023\/09\/040923-PAOLA-presentacion-Juan-Villoro-1.jpg 722w, https:\/\/www.uv.mx\/prensa\/files\/2023\/09\/040923-PAOLA-presentacion-Juan-Villoro-1-300x187.jpg 300w, https:\/\/www.uv.mx\/prensa\/files\/2023\/09\/040923-PAOLA-presentacion-Juan-Villoro-1-200x125.jpg 200w\" sizes=\"auto, (max-width: 722px) 100vw, 722px\" \/><p id=\"caption-attachment-134268\" class=\"wp-caption-text\">Juan Villoro present\u00f3 su libro <em>La figura del mundo<\/em>, donde habla su padre<\/p><\/div>\n<p>&nbsp;<\/p>\n<p><b><i><span data-contrast=\"auto\">Paola Cort\u00e9s P\u00e9rez<\/span><\/i><\/b><span data-ccp-props=\"{}\">\u00a0<\/span><\/p>\n<p><b><i><span data-contrast=\"auto\">Fotos: Omar Portilla Palacios<\/span><\/i><\/b><span data-ccp-props=\"{}\">\u00a0<\/span><span data-ccp-props=\"{}\">\u00a0<\/span><\/p>\n<p><b><i><span data-contrast=\"auto\">06\/09\/2023, Xalapa, Ver.-<\/span><\/i><\/b><span data-contrast=\"auto\"> Hubo dos formas en que el escritor Juan Villoro se acerc\u00f3 a su padre, el fil\u00f3sofo y diplom\u00e1tico espa\u00f1ol Luis Villoro Toranzo: los libros y el futbol, as\u00ed lo describe en su libro <\/span><i><span data-contrast=\"auto\">La figura del mundo<\/span><\/i><span data-contrast=\"auto\">, presentado en la sala de videoconferencias de la Unidad de Servicios Bibliotecarios y de Informaci\u00f3n (USBI) de la Universidad Veracruzana (UV).<\/span><span data-ccp-props=\"{}\">\u00a0<\/span><\/p>\n<p><span data-contrast=\"auto\">Los comentarios corrieron a cargo de Hugo Chaparro Valderrama, escritor y periodista cultural colombiano, y Raciel Mart\u00ednez G\u00f3mez, acad\u00e9mico del Centro de Estudios de la Cultura\u00a0y la Comunicaci\u00f3n (CECC) de la UV.<\/span><span data-ccp-props=\"{}\">\u00a0<\/span><\/p>\n<p><span data-contrast=\"auto\">Cabe mencionar que la presentaci\u00f3n del libro <\/span><i><span data-contrast=\"auto\">La figura del mundo<\/span><\/i><span data-contrast=\"auto\"> form\u00f3 parte de las actividades para dar la bienvenida a los estudiantes de nuevo ingreso de la Maestr\u00eda en Estudios de la Cultura y la Comunicaci\u00f3n y la Especializaci\u00f3n en Promoci\u00f3n de la Lectura, impartidos por el CECC.\u00a0 <\/span><span data-ccp-props=\"{&quot;335559731&quot;:708}\">\u00a0<\/span><\/p>\n<p><span data-contrast=\"auto\">Lo que val\u00eda la pena en casa eran los libros, record\u00f3 el escritor mexicano, por ello \u201clos que escrib\u00eda eran una ofrenda para mi padre, eran esta manera de acercarme a \u00e9l; ya vencidas las resistencias adolescentes y crisis entre nosotros, evidentemente el di\u00e1logo a trav\u00e9s de los libros fue muy fecundo y rico\u201d.<\/span><span data-ccp-props=\"{&quot;335559731&quot;:708}\">\u00a0<\/span><\/p>\n<div id=\"attachment_134267\" style=\"width: 732px\" class=\"wp-caption aligncenter\"><img loading=\"lazy\" decoding=\"async\" aria-describedby=\"caption-attachment-134267\" class=\"size-full wp-image-134267\" src=\"https:\/\/www.uv.mx\/prensa\/files\/2023\/09\/040923-PAOLA-presentacion-Juan-Villoro-2.jpg\" alt=\"\" width=\"722\" height=\"458\" srcset=\"https:\/\/www.uv.mx\/prensa\/files\/2023\/09\/040923-PAOLA-presentacion-Juan-Villoro-2.jpg 722w, https:\/\/www.uv.mx\/prensa\/files\/2023\/09\/040923-PAOLA-presentacion-Juan-Villoro-2-300x190.jpg 300w\" sizes=\"auto, (max-width: 722px) 100vw, 722px\" \/><p id=\"caption-attachment-134267\" class=\"wp-caption-text\">La presentaci\u00f3n del libro fue transmitida a todas las regiones universitarias<\/p><\/div>\n<p><span data-contrast=\"auto\">Por eso le sorprendi\u00f3 tanto que su pap\u00e1 quisiera deshacerse de su biblioteca, porque es el retrato de una mente: \u201cEst\u00e1n los libros con sus subrayados \u2013que fueron sus compa\u00f1eros de vida\u2013 y todo lo que en ellos impregn\u00f3. La verdad es que \u00e9l ya hab\u00eda experimentado un desprendimiento casi budista de cualquier bien material y los libros empezaban a ser un lastre para \u00e9l.<\/span><\/p>\n<p><span data-contrast=\"auto\">\u201dEste desprendimiento fue el m\u00e1s dif\u00edcil porque nosotros sent\u00edamos que eran su coraza, pero nos costaba trabajo entender que \u00e9l ya estaba m\u00e1s all\u00e1 de eso, quiz\u00e1 \u00e9sta fue su \u00faltima gran lecci\u00f3n.\u201d<\/span><span data-ccp-props=\"{&quot;335559731&quot;:708}\">\u00a0<\/span><\/p>\n<p><span data-contrast=\"auto\">Otro motivo de uni\u00f3n fue el futbol. Record\u00f3 que en las gradas Luis Villoro se comportaba como un fil\u00f3sofo y le molestaba que abuchearan a los equipos visitantes al estadio de Ciudad Universitaria de la Universidad Nacional Aut\u00f3noma de M\u00e9xico.<\/span><span data-ccp-props=\"{&quot;335559731&quot;:708}\">\u00a0<\/span><\/p>\n<p><span data-contrast=\"auto\">\u201cMi padre se levantaba enardecido y dec\u00eda: \u2018Apl\u00e1udanles, son nuestros invitados, qu\u00e9 ser\u00eda de nosotros sin la presencia de nuestros rivales, en el juego, los oponentes necesitan del otro\u2019.<\/span><span data-ccp-props=\"{&quot;335559731&quot;:708}\">\u00a0<\/span><\/p>\n<p><span data-contrast=\"auto\">\u201dEchaba todo un rollo sobre la dial\u00e9ctica de los contrarios y la gente empezaba a aplaudir porque lo consideraban un perturbador total y para que se callara de una vez por todas.\u201d<\/span><span data-ccp-props=\"{&quot;335559731&quot;:708}\">\u00a0<\/span><\/p>\n<p><span data-contrast=\"auto\">Cont\u00f3 que la relaci\u00f3n con su padre en los estadios de futbol tuvo que ver con una situaci\u00f3n compleja: el divorcio de sus padres. \u201cCuando descubri\u00f3 que me gustaba el futbol comenz\u00f3 a llevarme al estadio\u201d, as\u00ed que este lugar fue donde m\u00e1s lo vio durante su infancia y parte de su adolescencia, por lo que lleg\u00f3 a pensar que era un gran aficionado a este deporte y sus gestas, dijo.<\/span><span data-ccp-props=\"{&quot;335559731&quot;:708}\">\u00a0<\/span><\/p>\n<div id=\"attachment_134266\" style=\"width: 732px\" class=\"wp-caption aligncenter\"><img loading=\"lazy\" decoding=\"async\" aria-describedby=\"caption-attachment-134266\" class=\"size-full wp-image-134266\" src=\"https:\/\/www.uv.mx\/prensa\/files\/2023\/09\/040923-PAOLA-presentacion-Juan-Villoro-3.jpg\" alt=\"\" width=\"722\" height=\"458\" srcset=\"https:\/\/www.uv.mx\/prensa\/files\/2023\/09\/040923-PAOLA-presentacion-Juan-Villoro-3.jpg 722w, https:\/\/www.uv.mx\/prensa\/files\/2023\/09\/040923-PAOLA-presentacion-Juan-Villoro-3-300x190.jpg 300w\" sizes=\"auto, (max-width: 722px) 100vw, 722px\" \/><p id=\"caption-attachment-134266\" class=\"wp-caption-text\">La actividad fue organizada por el CECC como bienvenida a sus estudiantes de nuevo ingreso<\/p><\/div>\n<p><span data-contrast=\"auto\">Pero, record\u00f3 adem\u00e1s que \u201ccuando pude ir solo por mi cuenta, con mis amigos, mi padre dej\u00f3 de ir. Esto s\u00f3lo lo entend\u00ed cabalmente al escribir este libro, al poner en limpio lo que piensas, es decir, la escritura se convierte en un proceso de autoconocimiento. Fue cuando conceb\u00ed que \u00e9l me hab\u00eda acompa\u00f1ado por ser padre y no por ser fan\u00e1tico, para estar conmigo, lo que me pareci\u00f3 muy conmovedor\u201d.<\/span><span data-ccp-props=\"{&quot;335559731&quot;:708}\">\u00a0<\/span><\/p>\n<p><span data-contrast=\"auto\">Aunque el libro habla en lo fundamental de Luis Villoro, est\u00e1 escrito con la mirada de su madre, la psicoanalista Estela Ruiz Mil\u00e1n. \u201cCrec\u00ed con ella, me ense\u00f1\u00f3 a ver el mundo; a diferencia de mi padre, es una mujer extraordinariamente emocional\u201d.<\/span><span data-ccp-props=\"{&quot;335559731&quot;:708}\">\u00a0<\/span><\/p>\n<p><span data-contrast=\"auto\">Lo m\u00e1s importante, comparti\u00f3, fue entender que escrib\u00eda desde la mirada de su madre y ten\u00eda que acabar con un di\u00e1logo con ella. Por lo tanto, el ep\u00edlogo es una revalorizaci\u00f3n de la figura paterna que intent\u00f3 hacer \u2013individualmente\u2013 en los cap\u00edtulos anteriores sin lograrlo.<\/span><span data-ccp-props=\"{&quot;335559731&quot;:708}\">\u00a0<\/span><\/p>\n<p><span data-contrast=\"auto\">En tanto, Raciel Mart\u00ednez expres\u00f3 que Juan Villoro \u201cno desmitifica pero s\u00ed humaniza esa figura que para nosotros es un emblema de la filosof\u00eda, esto se lo agradecemos. Est\u00e1 conformado por nueve cap\u00edtulos y un ep\u00edlogo que para m\u00ed es la mirada de la madre; este libro s\u00ed es la b\u00fasqueda de la imagen del padre, pero desde la mirada de la mam\u00e1 y por eso est\u00e1 dedicado a ella\u201d.<\/span><span data-ccp-props=\"{&quot;335559731&quot;:708}\">\u00a0<\/span><\/p>\n<p><span data-contrast=\"auto\">En su participaci\u00f3n, Hugo Chaparro dijo: \u201cDescubro en este libro esa b\u00fasqueda sobre cu\u00e1l es el origen del escritor y del ser humano, para no colocarlos solamente en el entorno literario. Esta b\u00fasqueda del padre y esta b\u00fasqueda tuya a trav\u00e9s del padre, es la que cualquier escritor se hace para resolver las preguntas que tiene sobre el mundo\u201d.<\/span><span data-ccp-props=\"{&quot;335559731&quot;:708}\">\u00a0<\/span><\/p>\n<div id=\"attachment_134265\" style=\"width: 732px\" class=\"wp-caption aligncenter\"><img loading=\"lazy\" decoding=\"async\" aria-describedby=\"caption-attachment-134265\" class=\"size-full wp-image-134265\" src=\"https:\/\/www.uv.mx\/prensa\/files\/2023\/09\/040923-PAOLA-presentacion-Juan-Villoro-4.jpg\" alt=\"\" width=\"722\" height=\"489\" srcset=\"https:\/\/www.uv.mx\/prensa\/files\/2023\/09\/040923-PAOLA-presentacion-Juan-Villoro-4.jpg 722w, https:\/\/www.uv.mx\/prensa\/files\/2023\/09\/040923-PAOLA-presentacion-Juan-Villoro-4-300x203.jpg 300w\" sizes=\"auto, (max-width: 722px) 100vw, 722px\" \/><p id=\"caption-attachment-134265\" class=\"wp-caption-text\">El libro <em>La figura del mundo<\/em><\/p><\/div>\n<p><em>\u00a0<\/em><\/p>\n","protected":false},"excerpt":{"rendered":"<p>Lo que val\u00eda la pena en casa eran los libros, record\u00f3 el escritor mexicano, el di\u00e1logo a trav\u00e9s de ellos fue muy fecundo y rico<\/p>\n","protected":false},"author":1810,"featured_media":134271,"comment_status":"closed","ping_status":"closed","sticky":false,"template":"","format":"standard","meta":{"footnotes":""},"categories":[11,47,61],"tags":[213,5692,1582,13248,586,3554,6462,4164,9393,10109],"class_list":["post-134263","post","type-post","status-publish","format-standard","has-post-thumbnail","hentry","category-cultura","category-eventos","category-banner","tag-centro-de-estudios-de-la-cultura-y-la-comunicacion-cecc","tag-especializacion-en-promocion-de-la-lectura","tag-juan-villoro","tag-la-figura-del-mundo","tag-libro","tag-maestria-en-estudios-de-la-cultura-y-la-comunicacion","tag-omar-portilla-palacios","tag-paola-cortes-perez","tag-presentacion","tag-unidad-de-servicios-bibliotecarios-y-de-informacion-usbi"],"_links":{"self":[{"href":"https:\/\/www.uv.mx\/prensa\/wp-json\/wp\/v2\/posts\/134263","targetHints":{"allow":["GET"]}}],"collection":[{"href":"https:\/\/www.uv.mx\/prensa\/wp-json\/wp\/v2\/posts"}],"about":[{"href":"https:\/\/www.uv.mx\/prensa\/wp-json\/wp\/v2\/types\/post"}],"author":[{"embeddable":true,"href":"https:\/\/www.uv.mx\/prensa\/wp-json\/wp\/v2\/users\/1810"}],"replies":[{"embeddable":true,"href":"https:\/\/www.uv.mx\/prensa\/wp-json\/wp\/v2\/comments?post=134263"}],"version-history":[{"count":1,"href":"https:\/\/www.uv.mx\/prensa\/wp-json\/wp\/v2\/posts\/134263\/revisions"}],"predecessor-version":[{"id":134445,"href":"https:\/\/www.uv.mx\/prensa\/wp-json\/wp\/v2\/posts\/134263\/revisions\/134445"}],"wp:featuredmedia":[{"embeddable":true,"href":"https:\/\/www.uv.mx\/prensa\/wp-json\/wp\/v2\/media\/134271"}],"wp:attachment":[{"href":"https:\/\/www.uv.mx\/prensa\/wp-json\/wp\/v2\/media?parent=134263"}],"wp:term":[{"taxonomy":"category","embeddable":true,"href":"https:\/\/www.uv.mx\/prensa\/wp-json\/wp\/v2\/categories?post=134263"},{"taxonomy":"post_tag","embeddable":true,"href":"https:\/\/www.uv.mx\/prensa\/wp-json\/wp\/v2\/tags?post=134263"}],"curies":[{"name":"wp","href":"https:\/\/api.w.org\/{rel}","templated":true}]}}