{"id":13385,"date":"2016-07-08T13:27:03","date_gmt":"2016-07-08T18:27:03","guid":{"rendered":"https:\/\/www.uv.mx\/prensa\/?p=13385"},"modified":"2016-07-08T13:43:58","modified_gmt":"2016-07-08T18:43:58","slug":"iip-realizara-curso-sobre-determinantes-ambientales-de-la-conducta-adictiva","status":"publish","type":"post","link":"https:\/\/www.uv.mx\/prensa\/general\/iip-realizara-curso-sobre-determinantes-ambientales-de-la-conducta-adictiva\/","title":{"rendered":"IIP realizar\u00e1 curso sobre determinantes ambientales de la conducta adictiva"},"content":{"rendered":"<ul>\n<li><em>Ser\u00e1 impartido por El\u00edas Robles Sotelo, de la Universidad Estatal de Arizona, quien fungi\u00f3 como primer director del Instituto de Investigaciones Psicol\u00f3gicas al fundarse, en julio de 1976<\/em><\/li>\n<li><em>Tendr\u00e1 lugar del 15 al 19 de agosto, en el auditorio de la Direcci\u00f3n General de Investigaciones<\/em><\/li>\n<li><em>La actividad se enmarca en el 40 aniversario del Instituto de Investigaciones Psicol\u00f3gicas<\/em><\/li>\n<\/ul>\n<p>&nbsp;<\/p>\n<div id=\"attachment_13387\" style=\"width: 732px\" class=\"wp-caption aligncenter\"><a href=\"https:\/\/www.uv.mx\/prensa\/files\/2016\/07\/08071SA-IIP.jpg\"><img loading=\"lazy\" decoding=\"async\" aria-describedby=\"caption-attachment-13387\" class=\"size-full wp-image-13387\" src=\"https:\/\/www.uv.mx\/prensa\/files\/2016\/07\/08071SA-IIP.jpg\" alt=\"Mar\u00eda Luz M\u00e1rquez Barradas, directora del Instituto de Investigaciones Psicol\u00f3gicas\" width=\"722\" height=\"411\" srcset=\"https:\/\/www.uv.mx\/prensa\/files\/2016\/07\/08071SA-IIP.jpg 722w, https:\/\/www.uv.mx\/prensa\/files\/2016\/07\/08071SA-IIP-300x171.jpg 300w, https:\/\/www.uv.mx\/prensa\/files\/2016\/07\/08071SA-IIP-624x355.jpg 624w\" sizes=\"auto, (max-width: 722px) 100vw, 722px\" \/><\/a><p id=\"caption-attachment-13387\" class=\"wp-caption-text\">Mar\u00eda Luz M\u00e1rquez Barradas, directora del Instituto de Investigaciones Psicol\u00f3gicas<\/p><\/div>\n<p>&nbsp;<\/p>\n<p><strong><em>Claudia Peralta V\u00e1zquez<\/em><\/strong><\/p>\n<p>&nbsp;<\/p>\n<p><strong><em>Xalapa, Ver. 08\/07\/2016.-<\/em><\/strong><em>\u00a0<\/em>Con motivo del 40 Aniversario de la fundaci\u00f3n del Instituto de Investigaciones Psicol\u00f3gicas (IIP) de la Universidad Veracruzana (UV), El\u00edas Robles Sotelo, investigador de Universidad Estatal de Arizona y primer director del IIP, impartir\u00e1 del 15 al 19 de agosto el curso Determinantes Ambientales de la Conducta Adictiva.<\/p>\n<p>Mar\u00eda Luz M\u00e1rquez Barradas, directora del IIP, dio a conocer que como parte de este festejo se tienen programadas algunas actividades, entre las que destaca la participaci\u00f3n de Robles Sotelo, quien siempre ha estado ligado a la labor y desarrollo de este instituto fundado en julio de 1976, durante el sexenio del gobernador Rafael Hern\u00e1ndez Ochoa y el rectorado de Roberto Bravo Garz\u00f3n.<\/p>\n<p>A trav\u00e9s de la Direcci\u00f3n de General de Desarrollo Acad\u00e9mico e Innovaci\u00f3n Educativa y del Departamento de Educaci\u00f3n Continua, el especialista ofrecer\u00e1 este curso te\u00f3rico-pr\u00e1ctico de forma gratuita y con una duraci\u00f3n de 20 horas, dirigido a psic\u00f3logos y otros profesionales del \u00e1rea de la salud mental y conductual.<\/p>\n<p>Precis\u00f3 que el objetivo del taller \u2013el cual tiene un l\u00edmite de inscripci\u00f3n para 50 personas\u2013 es dotar a los asistentes de una perspectiva emp\u00edrica, basada en las ciencias biol\u00f3gicas y de la conducta, de las conductas adictivas, sus determinantes y tratamiento.<\/p>\n<p>Por ello, los temas a abordar ser\u00e1n: Determinantes ambientales de la conducta adictiva, Tipos de adicciones, Determinantes psicol\u00f3gicos: impulsividad y devaluaci\u00f3n por demora; Determinantes psicol\u00f3gicos: toma de riesgo; y Bases de intervenci\u00f3n psicol\u00f3gica: autocontrol y autorregulaci\u00f3n.<\/p>\n<p>Al finalizar el curso, los especialistas podr\u00e1n describir las condiciones ambientales asociadas al desarrollo de las conductas adictivas, el papel de la impulsividad y devaluaci\u00f3n debido a la demora en el establecimiento y mantenimiento de las adicciones.<\/p>\n<p>Tambi\u00e9n sabr\u00e1n identificar los procesos comportamentales involucrados en la toma de riesgo, identificar las variables que facilitan el autocontrol y las t\u00e9cnicas disponibles para establecerlo, entre otros aspectos.<\/p>\n<p>La investigadora inform\u00f3 que en el marco del 40 aniversario, pr\u00f3ximamente se realizar\u00e1n dos cursos m\u00e1s a\u00fan por definirse; y en diciembre se entregar\u00e1n reconocimientos a los miembros fundadores de IIP, entre ellos: a Rafael Bull\u00e9-Goyri Minter, Lourdes P\u00e9rez Rosiles, Godeleva Rosa Ortiz Viveros y Gustavo Alonso F\u00e9lix L\u00f3pez.<\/p>\n<p>Otra acci\u00f3n es la realizaci\u00f3n de unas memorias elaboradas por personal del IIP presente en cada etapa y crecimiento del mismo.<\/p>\n<p>&nbsp;<\/p>\n<p><strong>Un espacio en evoluci\u00f3n<\/strong><\/p>\n<p>Al resaltar la evoluci\u00f3n de este instituto, que inici\u00f3 como Centro de Investigaci\u00f3n y Desarrollo Humano, Mar\u00eda Luz M\u00e1rquez Barradas dijo que actualmente cuenta con una planta de 25 especialistas, entre investigadores y t\u00e9cnicos acad\u00e9micos.<\/p>\n<p>Cuenta adem\u00e1s con tres Cuerpos Acad\u00e9micos: Psicolog\u00eda de la Salud, Psicoan\u00e1lisis y Psicolog\u00eda Social; as\u00ed como el Doctorado y la Maestr\u00eda en Psicolog\u00eda, el primero iniciado en agosto de 2011 y la segunda en agosto de 2014.<\/p>\n<p>Con relaci\u00f3n a lo anterior, inform\u00f3 que este a\u00f1o \u2013en agosto\u2013 est\u00e1n por ingresar un total de 14 alumnos: 10 en el doctorado y cuatro en la maestr\u00eda.<\/p>\n<p>Asimismo, puntualiz\u00f3 que en breve la Maestr\u00eda en Psicolog\u00eda ser\u00e1 evaluada por el Consejo Nacional de Ciencia y Tecnolog\u00eda (<em>Conacyt<\/em>) para ingresar al Programa Nacional de Posgrados de Calidad (PNPC), as\u00ed como el Doctorado con el fin de garantizar su permanencia.<\/p>\n<p>Para ello, actualmente se trabaja en la integraci\u00f3n de una serie de requisitos establecidos por <em>Conacyt<\/em>. Algunos de ellos indican que los integrantes del n\u00facleo acad\u00e9mico b\u00e1sico deben cumplir con publicaciones en revistas de alto impacto, tener grado de doctor y se encuentren dedicados a la investigaci\u00f3n.<\/p>\n<p>Otros requerimientos tienen que ver con la infraestructura, donde no existe ninguna objeci\u00f3n; personal dedicado a la administraci\u00f3n y operaci\u00f3n de los posgrados, estudio de mercado para ver qu\u00e9 tan competitivo es en t\u00e9rminos de la regi\u00f3n donde se ubica, y que se propongan mejoras a los mismos.<\/p>\n<p>En t\u00e9rminos operativos, <em>Conacyt<\/em> solicita que se cuente con los reglamentos de los posgrados, as\u00ed como perfiles de ingreso y egreso.<\/p>\n<p>Finalmente, dio a conocer que por primera vez, el Instituto de Investigaciones Psicol\u00f3gicas realiza Curso de Verano, al cual se inscribieron un total de 80 alumnos de distintos programas educativos.<\/p>\n<p>Los interesados en participar en el curso Determinantes Ambientales de la Conducta Adictiva podr\u00e1n inscribirse a partir de la primera semana de agosto.<\/p>\n<p>Para mayores informes, comunicarse al n\u00famero telef\u00f3nico: 8418913, o al correo electr\u00f3nico <a href=\"mailto:acostaerika99@hotmail.com\">acostaerika99@hotmail.com<\/a><\/p>\n","protected":false},"excerpt":{"rendered":"<p><strong><em>Claudia Peralta.-<\/em><\/strong>Con motivo del 40 Aniversario de la fundaci\u00f3n del Instituto de Investigaciones Psicol\u00f3gicas (IIP) de la Universidad Veracruzana (UV), El\u00edas Robles Sotelo, investigador de Universidad Estatal de Arizona y primer director del IIP, impartir\u00e1 del 15 al 19 de agosto el curso Determinantes Ambientales de la Conducta Adictiva.<\/p>\n","protected":false},"author":1810,"featured_media":13386,"comment_status":"closed","ping_status":"closed","sticky":false,"template":"","format":"standard","meta":{"footnotes":""},"categories":[1],"tags":[2],"class_list":["post-13385","post","type-post","status-publish","format-standard","has-post-thumbnail","hentry","category-general","tag-principal"],"_links":{"self":[{"href":"https:\/\/www.uv.mx\/prensa\/wp-json\/wp\/v2\/posts\/13385","targetHints":{"allow":["GET"]}}],"collection":[{"href":"https:\/\/www.uv.mx\/prensa\/wp-json\/wp\/v2\/posts"}],"about":[{"href":"https:\/\/www.uv.mx\/prensa\/wp-json\/wp\/v2\/types\/post"}],"author":[{"embeddable":true,"href":"https:\/\/www.uv.mx\/prensa\/wp-json\/wp\/v2\/users\/1810"}],"replies":[{"embeddable":true,"href":"https:\/\/www.uv.mx\/prensa\/wp-json\/wp\/v2\/comments?post=13385"}],"version-history":[{"count":0,"href":"https:\/\/www.uv.mx\/prensa\/wp-json\/wp\/v2\/posts\/13385\/revisions"}],"wp:featuredmedia":[{"embeddable":true,"href":"https:\/\/www.uv.mx\/prensa\/wp-json\/wp\/v2\/media\/13386"}],"wp:attachment":[{"href":"https:\/\/www.uv.mx\/prensa\/wp-json\/wp\/v2\/media?parent=13385"}],"wp:term":[{"taxonomy":"category","embeddable":true,"href":"https:\/\/www.uv.mx\/prensa\/wp-json\/wp\/v2\/categories?post=13385"},{"taxonomy":"post_tag","embeddable":true,"href":"https:\/\/www.uv.mx\/prensa\/wp-json\/wp\/v2\/tags?post=13385"}],"curies":[{"name":"wp","href":"https:\/\/api.w.org\/{rel}","templated":true}]}}