{"id":133802,"date":"2023-08-28T12:03:24","date_gmt":"2023-08-28T17:03:24","guid":{"rendered":"https:\/\/www.uv.mx\/prensa\/?p=133802"},"modified":"2023-08-28T14:04:59","modified_gmt":"2023-08-28T19:04:59","slug":"editorial-uv-presente-en-la-feria-del-libro-de-la-unam","status":"publish","type":"post","link":"https:\/\/www.uv.mx\/prensa\/general\/editorial-uv-presente-en-la-feria-del-libro-de-la-unam\/","title":{"rendered":"Editorial UV, presente en la Feria del Libro de la UNAM\u00a0"},"content":{"rendered":"<ul>\n<li data-leveltext=\"\uf0b7\" data-font=\"Symbol\" data-listid=\"15\" data-list-defn-props=\"{&quot;335552541&quot;:1,&quot;335559684&quot;:-2,&quot;335559685&quot;:720,&quot;335559991&quot;:360,&quot;469769226&quot;:&quot;Symbol&quot;,&quot;469769242&quot;:[8226],&quot;469777803&quot;:&quot;left&quot;,&quot;469777804&quot;:&quot;\uf0b7&quot;,&quot;469777815&quot;:&quot;hybridMultilevel&quot;}\" data-aria-posinset=\"1\" data-aria-level=\"1\"><i><span data-contrast=\"auto\">La <\/span><\/i><span data-contrast=\"auto\">Filuni<\/span><i><span data-contrast=\"auto\"> ser\u00e1 del <\/span><\/i><i><span data-contrast=\"none\">29 de agosto al 3 de septiembre en el Centro de Exposiciones y Congresos, en Ciudad Universitaria<\/span><\/i><span data-ccp-props=\"{}\">\u00a0<\/span><\/li>\n<\/ul>\n<p><span data-ccp-props=\"{}\">\u00a0<\/span><\/p>\n<div id=\"attachment_133816\" style=\"width: 732px\" class=\"wp-caption aligncenter\"><img loading=\"lazy\" decoding=\"async\" aria-describedby=\"caption-attachment-133816\" class=\"size-full wp-image-133816\" src=\"https:\/\/www.uv.mx\/prensa\/files\/2023\/08\/FILUNI-2023_La-invencion-de-la-Malinche-02_facebook.jpg\" alt=\"\" width=\"722\" height=\"589\" srcset=\"https:\/\/www.uv.mx\/prensa\/files\/2023\/08\/FILUNI-2023_La-invencion-de-la-Malinche-02_facebook.jpg 722w, https:\/\/www.uv.mx\/prensa\/files\/2023\/08\/FILUNI-2023_La-invencion-de-la-Malinche-02_facebook-300x245.jpg 300w\" sizes=\"auto, (max-width: 722px) 100vw, 722px\" \/><p id=\"caption-attachment-133816\" class=\"wp-caption-text\">Editorial UV tendr\u00e1 un stand y tres participaciones en la quinta edici\u00f3n de la Filuni<\/p><\/div>\n<p><span data-ccp-props=\"{}\">\u00a0<\/span><\/p>\n<p><b><i><span data-contrast=\"none\">28\/08\/2023, Xalapa, Ver.- <\/span><\/i><\/b><span data-contrast=\"none\">La<a href=\"https:\/\/www.uv.mx\/editorial\/\" target=\"_blank\" rel=\"noopener\"> Editorial<\/a> de la Universidad Veracruzana (UV) tendr\u00e1 presencia con un <\/span><i><span data-contrast=\"none\">stand<\/span><\/i><span data-contrast=\"none\"> y tres participaciones en la quinta edici\u00f3n de la Feria Internacional del Libro de las Universitarias y los Universitarios (<\/span><i><span data-contrast=\"none\">Filuni<\/span><\/i><span data-contrast=\"none\">), que organiza la Universidad Nacional Aut\u00f3noma de M\u00e9xico (UNAM) del 29 de agosto al 3 de septiembre, en el Centro de Exposiciones y Congresos, en la Ciudad de M\u00e9xico.<\/span><span data-ccp-props=\"{}\">\u00a0<\/span><\/p>\n<p><span data-contrast=\"none\">La trascendencia de la participaci\u00f3n de la UV es que en <\/span><i><span data-contrast=\"none\">Filuni<\/span><\/i><span data-contrast=\"none\"> se re\u00fanen editores, acad\u00e9micos, bibliotecarios, investigadores, profesores, estudiantes y p\u00fablico en general para participar de un gran n\u00famero de actividades acad\u00e9micas y art\u00edsticas, que se desarrollan alrededor de la producci\u00f3n editorial universitaria nacional e internacional de m\u00e1s de 15 mil t\u00edtulos.<\/span><span data-ccp-props=\"{}\">\u00a0<\/span><\/p>\n<p><span data-contrast=\"none\">El <\/span><i><span data-contrast=\"none\">stand<\/span><\/i><span data-contrast=\"none\"> de la Editorial UV tendr\u00e1 en exposici\u00f3n y venta t\u00edtulos de reciente publicaci\u00f3n de colecciones como Biblioteca del Universitario, Ficci\u00f3n, Biblioteca y coediciones. Adem\u00e1s, se ofrecer\u00e1 al p\u00fablico libros publicados con anterioridad y que tendr\u00e1n precios de remate.<\/span><\/p>\n<p>&nbsp;<\/p>\n<div id=\"attachment_133817\" style=\"width: 732px\" class=\"wp-caption aligncenter\"><img loading=\"lazy\" decoding=\"async\" aria-describedby=\"caption-attachment-133817\" class=\"size-full wp-image-133817\" src=\"https:\/\/www.uv.mx\/prensa\/files\/2023\/08\/FILUNI-2023_Romper-tipos_Facebook.jpg\" alt=\"\" width=\"722\" height=\"589\" srcset=\"https:\/\/www.uv.mx\/prensa\/files\/2023\/08\/FILUNI-2023_Romper-tipos_Facebook.jpg 722w, https:\/\/www.uv.mx\/prensa\/files\/2023\/08\/FILUNI-2023_Romper-tipos_Facebook-300x245.jpg 300w\" sizes=\"auto, (max-width: 722px) 100vw, 722px\" \/><p id=\"caption-attachment-133817\" class=\"wp-caption-text\">Editorial UV tendr\u00e1 un stand y tres participaciones en la quinta edici\u00f3n de la Filuni<\/p><\/div>\n<p><span data-ccp-props=\"{}\">\u00a0<\/span><\/p>\n<p><span data-contrast=\"none\">En cuanto a la participaci\u00f3n de la Editorial UV en el programa de actividades, comenzar\u00e1 el martes 29 de agosto, a las 17:00 horas, con la charla \u201cLas posibilidades del audiolibro para el editor acad\u00e9mico\u201d, en la que participar\u00e1n Jes\u00fas Guerrero, de la UV; Sebasti\u00e1n Novoa Gam, de Jarpa Studio; Carlos Rojas, de la empresa Zebralution, y Alejandro Villase\u00f1or, de la UNAM.<\/span><span data-ccp-props=\"{}\">\u00a0<\/span><\/p>\n<p><span data-contrast=\"none\">Respecto a las presentaciones editoriales, el mi\u00e9rcoles 30 de agosto, a las 17:00 horas, se presentar\u00e1 el libro <\/span><i><span data-contrast=\"none\">La invenci\u00f3n de la Malinche. De la historia al mito<\/span><\/i><span data-contrast=\"none\">, de Sandra Messinger. Participar\u00e1n Martha Sandoval Villegas, Margarita Cossich Vielman y Alma Espinosa Arroyo. El jueves 31, a las 12:00 horas, se presentar\u00e1 el libro <\/span><i><span data-contrast=\"none\">Romper tipos. Mujeres editoras<\/span><\/i><span data-contrast=\"none\">, con la participaci\u00f3n de Mar\u00eda Fernanda Pamp\u00edn, Andrea Fuentes y Paola Velasco.<\/span><\/p>\n","protected":false},"excerpt":{"rendered":"<p>Actividades acad\u00e9micas y art\u00edsticas se desarrollar\u00e1n alrededor de la producci\u00f3n editorial universitaria nacional e internacional de m\u00e1s de 15 mil t\u00edtulos<\/p>\n","protected":false},"author":1869,"featured_media":133815,"comment_status":"closed","ping_status":"closed","sticky":false,"template":"","format":"standard","meta":{"footnotes":""},"categories":[11,47,1],"tags":[2090,6597,5814,156,13083,10217,11089],"class_list":["post-133802","post","type-post","status-publish","format-standard","has-post-thumbnail","hentry","category-cultura","category-eventos","category-general","tag-biblioteca","tag-biblioteca-del-universitario","tag-ciudad-de-mexico","tag-editorial-uv","tag-feria-internacional-del-libro-de-las-universitarias-y-los-universitarios-filuni","tag-ficcion","tag-universidad-nacional-autonoma-de-mexico-unam"],"_links":{"self":[{"href":"https:\/\/www.uv.mx\/prensa\/wp-json\/wp\/v2\/posts\/133802","targetHints":{"allow":["GET"]}}],"collection":[{"href":"https:\/\/www.uv.mx\/prensa\/wp-json\/wp\/v2\/posts"}],"about":[{"href":"https:\/\/www.uv.mx\/prensa\/wp-json\/wp\/v2\/types\/post"}],"author":[{"embeddable":true,"href":"https:\/\/www.uv.mx\/prensa\/wp-json\/wp\/v2\/users\/1869"}],"replies":[{"embeddable":true,"href":"https:\/\/www.uv.mx\/prensa\/wp-json\/wp\/v2\/comments?post=133802"}],"version-history":[{"count":1,"href":"https:\/\/www.uv.mx\/prensa\/wp-json\/wp\/v2\/posts\/133802\/revisions"}],"predecessor-version":[{"id":134000,"href":"https:\/\/www.uv.mx\/prensa\/wp-json\/wp\/v2\/posts\/133802\/revisions\/134000"}],"wp:featuredmedia":[{"embeddable":true,"href":"https:\/\/www.uv.mx\/prensa\/wp-json\/wp\/v2\/media\/133815"}],"wp:attachment":[{"href":"https:\/\/www.uv.mx\/prensa\/wp-json\/wp\/v2\/media?parent=133802"}],"wp:term":[{"taxonomy":"category","embeddable":true,"href":"https:\/\/www.uv.mx\/prensa\/wp-json\/wp\/v2\/categories?post=133802"},{"taxonomy":"post_tag","embeddable":true,"href":"https:\/\/www.uv.mx\/prensa\/wp-json\/wp\/v2\/tags?post=133802"}],"curies":[{"name":"wp","href":"https:\/\/api.w.org\/{rel}","templated":true}]}}