{"id":133514,"date":"2023-08-26T07:55:39","date_gmt":"2023-08-26T12:55:39","guid":{"rendered":"https:\/\/www.uv.mx\/prensa\/?p=133514"},"modified":"2023-08-28T14:13:01","modified_gmt":"2023-08-28T19:13:01","slug":"egresado-uv-describio-y-registro-nueva-especie-vegetal","status":"publish","type":"post","link":"https:\/\/www.uv.mx\/prensa\/general\/egresado-uv-describio-y-registro-nueva-especie-vegetal\/","title":{"rendered":"Egresado UV describi\u00f3 y registr\u00f3 nueva especie vegetal"},"content":{"rendered":"<ul>\n<li data-leveltext=\"\uf0b7\" data-font=\"Symbol\" data-listid=\"1\" data-list-defn-props=\"{&quot;335552541&quot;:1,&quot;335559684&quot;:-2,&quot;335559685&quot;:720,&quot;335559991&quot;:360,&quot;469769226&quot;:&quot;Symbol&quot;,&quot;469769242&quot;:[8226],&quot;469777803&quot;:&quot;left&quot;,&quot;469777804&quot;:&quot;\uf0b7&quot;,&quot;469777815&quot;:&quot;hybridMultilevel&quot;}\" data-aria-posinset=\"1\" data-aria-level=\"1\"><i><span data-contrast=\"auto\">Resultado de la investigaci\u00f3n emprendida en colaboraci\u00f3n con el bot\u00e1nico Miguel Ch\u00e1zaro Bas\u00e1\u00f1ez y el profesor universitario Gerardo Torres Cant\u00fa<\/span><\/i><span data-ccp-props=\"{}\">\u00a0<\/span><\/li>\n<li data-leveltext=\"\uf0b7\" data-font=\"Symbol\" data-listid=\"1\" data-list-defn-props=\"{&quot;335552541&quot;:1,&quot;335559684&quot;:-2,&quot;335559685&quot;:720,&quot;335559991&quot;:360,&quot;469769226&quot;:&quot;Symbol&quot;,&quot;469769242&quot;:[8226],&quot;469777803&quot;:&quot;left&quot;,&quot;469777804&quot;:&quot;\uf0b7&quot;,&quot;469777815&quot;:&quot;hybridMultilevel&quot;}\" data-aria-posinset=\"2\" data-aria-level=\"1\"><i><span data-contrast=\"auto\">Se trata de la planta denominada como <\/span><\/i><span data-contrast=\"auto\">Castilleja eggeri<\/span><i><span data-contrast=\"auto\">, en honor al especialista del g\u00e9nero Castilleja<\/span><\/i><span data-ccp-props=\"{}\">\u00a0<\/span><\/li>\n<\/ul>\n<p><span data-ccp-props=\"{}\">\u00a0<\/span><\/p>\n<div id=\"attachment_133515\" style=\"width: 732px\" class=\"wp-caption aligncenter\"><img aria-describedby=\"caption-attachment-133515\" decoding=\"async\" loading=\"lazy\" class=\"size-full wp-image-133515\" src=\"https:\/\/www.uv.mx\/prensa\/files\/2023\/08\/150823-PAOLA-Nueva-especie-1.jpg\" alt=\"\" width=\"722\" height=\"483\" srcset=\"https:\/\/www.uv.mx\/prensa\/files\/2023\/08\/150823-PAOLA-Nueva-especie-1.jpg 722w, https:\/\/www.uv.mx\/prensa\/files\/2023\/08\/150823-PAOLA-Nueva-especie-1-300x201.jpg 300w\" sizes=\"(max-width: 722px) 100vw, 722px\" \/><p id=\"caption-attachment-133515\" class=\"wp-caption-text\">La nueva especie vegetal fue descrita y registrada con el nombre de <em>Castilleja eggeri<\/em><\/p><\/div>\n<p>&nbsp;<\/p>\n<p><span data-ccp-props=\"{}\">\u00a0<\/span><\/p>\n<p><b><i><span data-contrast=\"auto\">Paola Cort\u00e9s P\u00e9rez<\/span><\/i><\/b><span data-ccp-props=\"{}\">\u00a0<\/span><\/p>\n<p><b><i><span data-contrast=\"auto\">Fotos: Cortes\u00eda de Antonio Francisco Guti\u00e9rrez<\/span><\/i><\/b><span data-ccp-props=\"{}\">\u00a0<\/span><\/p>\n<p><span data-ccp-props=\"{}\">\u00a0<\/span><\/p>\n<p><b><i><span data-contrast=\"auto\">26\/08\/2023 Xalapa, Ver.-<\/span><\/i><\/b><span data-contrast=\"auto\"> En 2013, durante una expedici\u00f3n en la Sierra de Chiconquiaco, dos investigadores y un estudiante hallaron una nueva especie vegetal que registraron como: <\/span><i><span data-contrast=\"auto\">Castilleja eggeri<\/span><\/i><span data-contrast=\"auto\">, en honor al especialista del g\u00e9nero Castilleja y profesor jubilado de la Universidad de Washington, Estados Unidos.<\/span><span data-ccp-props=\"{}\">\u00a0<\/span><\/p>\n<p><span data-contrast=\"auto\">Antonio Francisco Guti\u00e9rrez, egresado de la<a href=\"https:\/\/www.uv.mx\/biologia\/\" target=\"_blank\" rel=\"noopener\"> Facultad de Biolog\u00eda<\/a> de la Universidad Veracruzana (UV), record\u00f3 que junto con el investigador bot\u00e1nico Miguel Ch\u00e1zaro Bas\u00e1\u00f1ez y el profesor universitario Gerardo Torres Cant\u00fa, exploraron dicha regi\u00f3n veracruzana y encontraron la planta, que es muy peque\u00f1a y se localiza a cinco cent\u00edmetros del pasto del \u00e1rea monta\u00f1osa.<\/span><span data-ccp-props=\"{&quot;335559731&quot;:708}\">\u00a0<\/span><\/p>\n<p><span data-contrast=\"auto\">\u201cEn este momento realizaba mi tesis de licenciatura, donde abord\u00e9 precisamente el g\u00e9nero de esta planta. Se hace la colecta y el doctor Ch\u00e1zaro Bas\u00e1\u00f1ez y su colega, me la muestran al estar dentro del \u00e1rea de estudio para mi tesis\u201d, coment\u00f3.<\/span><span data-ccp-props=\"{&quot;335559731&quot;:708}\">\u00a0<\/span><\/p>\n<p><span data-contrast=\"auto\">\u201cPresent\u00e9 mi trabajo y obtuve el grado de licenciado por la UV, la especie vegetal quedo relegada por a\u00f1os debido a que inmediatamente entr\u00e9 a la maestr\u00eda y luego al doctorado con la misma l\u00ednea de estudio; as\u00ed contin\u00fae con la investigaci\u00f3n y publicaci\u00f3n de otras especies.\u201d<\/span><span data-ccp-props=\"{&quot;335559731&quot;:708}\">\u00a0<\/span><\/p>\n<p><span data-contrast=\"auto\">Ahora que ha concluido sus estudios de posgrado, Antonio Francisco retom\u00f3 la planta para refinar la descripci\u00f3n y trabajar en la publicaci\u00f3n de un art\u00edculo, que ver\u00e1 la luz a mediados de agosto del presente a\u00f1o, en la revista cient\u00edfica <\/span><a href=\"https:\/\/www.nordicjbotany.org\/\"><i><span data-contrast=\"none\">Nordic Journal of Botany<\/span><\/i><\/a><span data-contrast=\"auto\">.<\/span><span data-ccp-props=\"{&quot;335559731&quot;:708}\">\u00a0<\/span><\/p>\n<p><span data-contrast=\"auto\">La colecta permaneci\u00f3 resguarda por casi una d\u00e9cada en el herbario de la Facultad de Biolog\u00eda de esta casa de estudios, \u201cpara no perderle la pista, pues luego se traspapelan los ejemplares\u201d, ya la ten\u00edan medida, topografiada y descrita su procedencia, lo cual facilit\u00f3 la publicaci\u00f3n del escrito. Ahora se podr\u00e1 depositar con una muestra del esp\u00e9cimen en diversos herbarios y colecciones p\u00fablicas del estado y el pa\u00eds para su futura consulta.<\/span><span data-ccp-props=\"{&quot;335559731&quot;:708}\">\u00a0<\/span><\/p>\n<p><span data-contrast=\"auto\">Detall\u00f3 que la especie se distingue por su n\u00famero reducido de flores, de una a cinco por inflorescencia; tallos decumbentes y hojas disecadas. Se distribuye en un \u00e1rea estrecha y muy h\u00fameda del bosque de niebla, en la zona monta\u00f1osa del centro de Veracruz.<\/span><span data-ccp-props=\"{&quot;335559731&quot;:708}\">\u00a0<\/span><\/p>\n<p><span data-contrast=\"auto\">Se compara con la <\/span><i><span data-contrast=\"auto\">Castilleja moranensis<\/span><\/i><span data-contrast=\"auto\">, ya que morfol\u00f3gicamente es parecida. Cabe destacar que la evaluaci\u00f3n de su conservaci\u00f3n clasifica a la especie como en peligro cr\u00edtico (CR) y se suma a los endemismos de Castilleja en M\u00e9xico, donde un tercio del total de este g\u00e9nero se encuentra en Am\u00e9rica.<\/span><span data-ccp-props=\"{&quot;335559731&quot;:708}\">\u00a0<\/span><\/p>\n<p><span data-contrast=\"auto\">\u201cSu relevancia radica en que se trata de una planta denominada parasitaria de ra\u00edces, es decir, obtiene parte de sus nutrientes conectando su ra\u00edz a la de otra planta de la que los sustraer\u00e1, puede ser agua o az\u00facares. Al ser peque\u00f1a no desarrolla una fotos\u00edntesis como el resto, por eso roba alimento de otras especies.\u201d<\/span><span data-ccp-props=\"{&quot;335559731&quot;:708}\">\u00a0<\/span><\/p>\n<p><span data-ccp-props=\"{&quot;335559731&quot;:708}\">\u00a0<\/span><\/p>\n<div id=\"attachment_133516\" style=\"width: 732px\" class=\"wp-caption aligncenter\"><img aria-describedby=\"caption-attachment-133516\" decoding=\"async\" loading=\"lazy\" class=\"size-full wp-image-133516\" src=\"https:\/\/www.uv.mx\/prensa\/files\/2023\/08\/150823-PAOLA-Nueva-especie-2.jpg\" alt=\"\" width=\"722\" height=\"483\" srcset=\"https:\/\/www.uv.mx\/prensa\/files\/2023\/08\/150823-PAOLA-Nueva-especie-2.jpg 722w, https:\/\/www.uv.mx\/prensa\/files\/2023\/08\/150823-PAOLA-Nueva-especie-2-300x201.jpg 300w\" sizes=\"(max-width: 722px) 100vw, 722px\" \/><p id=\"caption-attachment-133516\" class=\"wp-caption-text\">Antonio Francisco Guti\u00e9rrez desarroll\u00f3 la investigaci\u00f3n con los bot\u00e1nicos Miguel Ch\u00e1zaro y Gerardo Torres<\/p><\/div>\n<p>&nbsp;<\/p>\n<p><b><span data-contrast=\"auto\">Registro de nuevas especies<\/span><\/b><span data-ccp-props=\"{}\">\u00a0<\/span><\/p>\n<p><span data-contrast=\"auto\">El proceso para registrar una nueva especie empieza en el momento que se conocen los grupos m\u00e1s comunes de plantas, que nos ayudar\u00e1 a ubicarlas en el campo, explic\u00f3. El siguiente paso es la exploraci\u00f3n, ya sea a orilla de carreteras y caminos o en propiedades privadas \u2013con previa autorizaci\u00f3n\u2013.<\/span><span data-ccp-props=\"{}\">\u00a0<\/span><\/p>\n<p><span data-contrast=\"auto\">\u201cEn el campo es donde mayormente se aprende y se hacen colectas de espec\u00edmenes; para conservarla, a\u00fan se realiza como a principios el siglo XVIII: colocar la planta en papel peri\u00f3dico que debe cambiarse peri\u00f3dicamente y una capa de cart\u00f3n \u2013como una especie de s\u00e1ndwich\u2013 para secarla ya sea de manera artesanal con luz solar o si hay un herbario cercano puede hacerse uso de una secadora bot\u00e1nica.\u201d<\/span><span data-ccp-props=\"{&quot;335559731&quot;:708}\">\u00a0<\/span><\/p>\n<p><span data-contrast=\"auto\">Ya que se tiene el ejemplar deshidratado, se procede con la fumigaci\u00f3n, que se asemeja a una especie de congelaci\u00f3n de las plantas ya secas por un periodo de tres a cinco d\u00edas, aunque depender\u00e1 de la especie, la cual es sometida a una temperatura de 20\u00b0 cent\u00edgrados bajo cero, a fin de limpiarla de huevecillos o alg\u00fan insecto que pueda com\u00e9rsela. Finalmente, es integrada a la colecci\u00f3n del herbario.<\/span><span data-ccp-props=\"{&quot;335559731&quot;:708}\">\u00a0<\/span><\/p>\n<p><span data-contrast=\"auto\">La descripci\u00f3n y publicaci\u00f3n de la planta es el paso principal y \u00faltimo para validar el registro de una nueva especie, porque en \u00e9l se dan a conocer los hallazgos de una investigaci\u00f3n te\u00f3rica y en campo.<\/span><span data-ccp-props=\"{&quot;335559731&quot;:708}\">\u00a0<\/span><\/p>\n<p><span data-contrast=\"auto\">\u201cSe han colectado muchas plantas, pero algunas se quedan ocultas en los herbarios hasta que alguien las revisa, compara y escribe sobre ellas en art\u00edculos cient\u00edficos, que es la \u00fanica forma de validar las nuevas especies, al tiempo que lo das a conocer en la comunidad bot\u00e1nica y cient\u00edfica.\u201d<\/span><span data-ccp-props=\"{&quot;335559731&quot;:708}\">\u00a0<\/span><\/p>\n<p><span data-contrast=\"auto\">Puntualiz\u00f3 que existe el C\u00f3digo Internacional de la Nomenclatura Bot\u00e1nica (C\u00f3digo Bot\u00e1nico) que rige los procesos para validar una nueva especie y regula el uso de los nombres en lat\u00edn para plantas silvestres, con excepci\u00f3n de las quimeras.<\/span><span data-ccp-props=\"{&quot;335559731&quot;:708}\">\u00a0<\/span><\/p>\n<p><span data-contrast=\"auto\">Al preguntarle sobre la profesi\u00f3n de bot\u00e1nico en la actualidad, Antonio Francisco Guti\u00e9rrez dijo que \u00e9sta ya no es tan dif\u00edcil dado que se cuenta con literatura disponible de acceso libre; consulta de repositorios institucionales v\u00eda internet; existen bases de datos de diversas partes del mundo que tienen ejemplares digitalizados y que pueden ser consultados en l\u00ednea por cualquier persona y a partir de ello puede hacerse investigaci\u00f3n.<\/span><span data-ccp-props=\"{&quot;335559731&quot;:708}\">\u00a0<\/span><\/p>\n<p><span data-contrast=\"auto\">Puntualiz\u00f3 en \u201cagradecer al doctor Miguel Ch\u00e1zaro \u2013que ya no se encuentra con nosotros\u2013 por su amplia labor como bot\u00e1nico y por impulsar en la Universidad Veracruzana la bot\u00e1nica, espec\u00edficamente en la Facultad de Biolog\u00eda; adem\u00e1s de contribuir al estudio de la flora de Veracruz\u201d.<\/span><span data-ccp-props=\"{&quot;335559731&quot;:708}\">\u00a0<\/span><\/p>\n<p><span data-ccp-props=\"{}\">\u00a0<\/span><\/p>\n<div id=\"attachment_133517\" style=\"width: 732px\" class=\"wp-caption aligncenter\"><img aria-describedby=\"caption-attachment-133517\" decoding=\"async\" loading=\"lazy\" class=\"size-full wp-image-133517\" src=\"https:\/\/www.uv.mx\/prensa\/files\/2023\/08\/150823-PAOLA-Nueva-especie-3.jpg\" alt=\"\" width=\"722\" height=\"483\" srcset=\"https:\/\/www.uv.mx\/prensa\/files\/2023\/08\/150823-PAOLA-Nueva-especie-3.jpg 722w, https:\/\/www.uv.mx\/prensa\/files\/2023\/08\/150823-PAOLA-Nueva-especie-3-300x201.jpg 300w\" sizes=\"(max-width: 722px) 100vw, 722px\" \/><p id=\"caption-attachment-133517\" class=\"wp-caption-text\">Miguel Ch\u00e1zaro, impulsor de la bot\u00e1nica en la UV, durante una visita a la zona donde fue colectada la planta<\/p><\/div>\n","protected":false},"excerpt":{"rendered":"<p>Castilleja eggeri es una planta denominada parasitaria de ra\u00edces, es decir, obtiene parte de sus nutrientes conectando su ra\u00edz a la de otra planta de la que los sustraer\u00e1, puede ser agua o az\u00facares\u00a0<\/p>\n","protected":false},"author":1869,"featured_media":133518,"comment_status":"closed","ping_status":"closed","sticky":false,"template":"","format":"standard","meta":[],"categories":[45,1,6299],"tags":[11663,12997,12990,12991,12994,5649,147,12993,12996,12989,12992,908,12995],"_links":{"self":[{"href":"https:\/\/www.uv.mx\/prensa\/wp-json\/wp\/v2\/posts\/133514"}],"collection":[{"href":"https:\/\/www.uv.mx\/prensa\/wp-json\/wp\/v2\/posts"}],"about":[{"href":"https:\/\/www.uv.mx\/prensa\/wp-json\/wp\/v2\/types\/post"}],"author":[{"embeddable":true,"href":"https:\/\/www.uv.mx\/prensa\/wp-json\/wp\/v2\/users\/1869"}],"replies":[{"embeddable":true,"href":"https:\/\/www.uv.mx\/prensa\/wp-json\/wp\/v2\/comments?post=133514"}],"version-history":[{"count":1,"href":"https:\/\/www.uv.mx\/prensa\/wp-json\/wp\/v2\/posts\/133514\/revisions"}],"predecessor-version":[{"id":134002,"href":"https:\/\/www.uv.mx\/prensa\/wp-json\/wp\/v2\/posts\/133514\/revisions\/134002"}],"wp:featuredmedia":[{"embeddable":true,"href":"https:\/\/www.uv.mx\/prensa\/wp-json\/wp\/v2\/media\/133518"}],"wp:attachment":[{"href":"https:\/\/www.uv.mx\/prensa\/wp-json\/wp\/v2\/media?parent=133514"}],"wp:term":[{"taxonomy":"category","embeddable":true,"href":"https:\/\/www.uv.mx\/prensa\/wp-json\/wp\/v2\/categories?post=133514"},{"taxonomy":"post_tag","embeddable":true,"href":"https:\/\/www.uv.mx\/prensa\/wp-json\/wp\/v2\/tags?post=133514"}],"curies":[{"name":"wp","href":"https:\/\/api.w.org\/{rel}","templated":true}]}}