{"id":131481,"date":"2023-05-31T19:11:58","date_gmt":"2023-06-01T00:11:58","guid":{"rendered":"https:\/\/www.uv.mx\/prensa\/?p=131481"},"modified":"2023-06-01T12:49:48","modified_gmt":"2023-06-01T17:49:48","slug":"muchos-hablan-de-democracia-pero-no-la-respetan-henrique-de-oliveira","status":"publish","type":"post","link":"https:\/\/www.uv.mx\/prensa\/general\/muchos-hablan-de-democracia-pero-no-la-respetan-henrique-de-oliveira\/","title":{"rendered":"Muchos hablan de democracia pero no la respetan: Henrique de Oliveira"},"content":{"rendered":"<p><span data-ccp-props=\"{&quot;201341983&quot;:0,&quot;335559739&quot;:0,&quot;335559740&quot;:240}\">\u00a0<\/span><\/p>\n<ul>\n<li data-leveltext=\"\uf0b7\" data-font=\"Symbol\" data-listid=\"1\" data-list-defn-props=\"{&quot;335551671&quot;:0,&quot;335552541&quot;:1,&quot;335559684&quot;:-2,&quot;335559685&quot;:720,&quot;335559991&quot;:360,&quot;469769226&quot;:&quot;Symbol&quot;,&quot;469769242&quot;:[8226],&quot;469777803&quot;:&quot;left&quot;,&quot;469777804&quot;:&quot;\uf0b7&quot;,&quot;469777815&quot;:&quot;hybridMultilevel&quot;}\" data-aria-posinset=\"0\" data-aria-level=\"1\"><i><span data-contrast=\"auto\">\u201cDesde distintos \u00e1mbitos se proponen nuevas miradas para transformar el papel de la universidad en las sociedades contempor\u00e1neas\u201d, afirm\u00f3 el director de la Encuesta Mundial de Valores Brasil<\/span><\/i><span data-ccp-props=\"{&quot;201341983&quot;:0,&quot;335559739&quot;:0,&quot;335559740&quot;:240}\">\u00a0<\/span><\/li>\n<\/ul>\n<p><span data-ccp-props=\"{&quot;201341983&quot;:0,&quot;335559739&quot;:0,&quot;335559740&quot;:240}\">\u00a0<\/span><\/p>\n<div id=\"attachment_131482\" style=\"width: 732px\" class=\"wp-caption aligncenter\"><img aria-describedby=\"caption-attachment-131482\" decoding=\"async\" loading=\"lazy\" class=\"size-full wp-image-131482\" src=\"https:\/\/www.uv.mx\/prensa\/files\/2023\/05\/31052023-Couttolenc-Ciclo-conferencias-WVS-1.jpg\" alt=\"\" width=\"722\" height=\"542\" srcset=\"https:\/\/www.uv.mx\/prensa\/files\/2023\/05\/31052023-Couttolenc-Ciclo-conferencias-WVS-1.jpg 722w, https:\/\/www.uv.mx\/prensa\/files\/2023\/05\/31052023-Couttolenc-Ciclo-conferencias-WVS-1-300x225.jpg 300w\" sizes=\"(max-width: 722px) 100vw, 722px\" \/><p id=\"caption-attachment-131482\" class=\"wp-caption-text\">En la USBI inici\u00f3 el ciclo de conferencias \u201cValores 20: frontera entre la ciencia y las pol\u00edticas p\u00fablicas\u201d organizado por el IIESES<\/p><\/div>\n<p><span data-ccp-props=\"{&quot;201341983&quot;:0,&quot;335559739&quot;:0,&quot;335559740&quot;:240}\">\u00a0<\/span><\/p>\n<p><b><i><span data-contrast=\"auto\">Jos\u00e9 Luis Couttolenc Soto<\/span><\/i><\/b><span data-ccp-props=\"{&quot;201341983&quot;:0,&quot;335559739&quot;:0,&quot;335559740&quot;:240}\">\u00a0<\/span><\/p>\n<p><b><i><span data-contrast=\"auto\">Fotos: C\u00e9sar Pisil Ramos<\/span><\/i><\/b><span data-ccp-props=\"{&quot;201341983&quot;:0,&quot;335559739&quot;:0,&quot;335559740&quot;:240}\">\u00a0<\/span><\/p>\n<p><b><i><span data-contrast=\"auto\">31\/05\/2023, Xalapa, Ver.- <\/span><\/i><\/b><span data-contrast=\"auto\">Tras las transformaciones sociales que se han registrado en a\u00f1os recientes, las nuevas concepciones de la realidad latinoamericana han evolucionado con una predominante tendencia hacia el fortalecimiento de las democracias, transitando por diversas etapas que muestran transformaciones en el papel que juegan los actores sociales y pol\u00edticos.<\/span><span data-ccp-props=\"{&quot;201341983&quot;:0,&quot;335559739&quot;:0,&quot;335559740&quot;:240}\">\u00a0<\/span><\/p>\n<p><span data-contrast=\"auto\">Ante ello, el <a href=\"https:\/\/www.uv.mx\/iieses\/\" target=\"_blank\" rel=\"noopener\">Instituto de Investigaciones y Estudios Superiores, Econ\u00f3micos y Sociales<\/a> (IIESES) de la Universidad Veracruzana (UV), inici\u00f3 el ciclo de conferencias \u201cValores 20: frontera entre la ciencia y las pol\u00edticas p\u00fablicas\u201d, organizado por el Doctorado en Ciencias Econ\u00f3micas y Sociales en coordinaci\u00f3n con la Red Acad\u00e9mica VITAE-V.I.D.A., la Red de investigadores Valores 20 en M\u00e9xico y la Asociaci\u00f3n Mexicana de Ciencias Pol\u00edticas (AMECIP).<\/span><span data-ccp-props=\"{&quot;201341983&quot;:0,&quot;335559739&quot;:0,&quot;335559740&quot;:240}\">\u00a0<\/span><\/p>\n<p><span data-contrast=\"auto\">El objetivo es abrir una discusi\u00f3n en torno a las posibilidades que permite la Encuesta Mundial de Valores (WVS, por sus siglas en ingl\u00e9s) para la generaci\u00f3n de conocimiento cient\u00edfico y formulaci\u00f3n de pol\u00edticas p\u00fablicas con base en valores, creencias y actitudes de los ciudadanos, esto en el marco del proyecto Values 20, de los pa\u00edses que conforman el G20.<\/span><span data-ccp-props=\"{&quot;201341983&quot;:0,&quot;335559739&quot;:0,&quot;335559740&quot;:240}\">\u00a0<\/span><\/p>\n<p><span data-contrast=\"auto\">Ante alumnos del posgrado reunidos en la sala de videoconferencias de la Unidad de Servicios Bibliotecarios y de Informaci\u00f3n (USBI), la primera charla virtual, que tuvo la particularidad de ser dialogada, estuvo a cargo de Henrique Carlos de Oliveira de Castro, profesor investigador de la Universidad Federal de R\u00edo Grande del Sur, Brasil, y director de la WVS en su pa\u00eds.<\/span><span data-ccp-props=\"{&quot;201341983&quot;:0,&quot;335559739&quot;:0,&quot;335559740&quot;:240}\">\u00a0<\/span><\/p>\n<p><span data-contrast=\"auto\">Dio a conocer que la WVS es un proyecto global de investigaci\u00f3n social que explora los valores y opiniones de la gente, c\u00f3mo \u00e9stos cambian con el tiempo, y su impacto social y pol\u00edtico; precis\u00f3 que desde 1981 es una red mundial en la cual convergen cient\u00edficos sociales y polit\u00f3logos que llevan a cabo encuestas nacionales representativas en alrededor de 100 pa\u00edses, y representa la \u00fanica fuente de datos emp\u00edricos sobre actitudes y valores humanos que abarca la mayor\u00eda de la poblaci\u00f3n mundial (casi el 90%).<\/span><span data-ccp-props=\"{&quot;201341983&quot;:0,&quot;335559739&quot;:0,&quot;335559740&quot;:240}\">\u00a0<\/span><\/p>\n<p><span data-contrast=\"auto\">Los resultados de la investigaci\u00f3n son de utilidad para quienes dise\u00f1an y desarrollan pol\u00edticas p\u00fablicas, as\u00ed como para los que buscan construir una sociedad civil e instituciones democr\u00e1ticas en pa\u00edses en desarrollo.<\/span><span data-ccp-props=\"{&quot;201341983&quot;:0,&quot;335559739&quot;:0,&quot;335559740&quot;:240}\">\u00a0<\/span><\/p>\n<p><span data-contrast=\"auto\">Agreg\u00f3 que desde distintos \u00e1mbitos se proponen tambi\u00e9n nuevas miradas para entender y transformar de manera l\u00facida el papel de la universidad en las sociedades contempor\u00e1neas.<\/span><span data-ccp-props=\"{&quot;201341983&quot;:0,&quot;335559739&quot;:0,&quot;335559740&quot;:240}\">\u00a0<\/span><\/p>\n<p><span data-ccp-props=\"{&quot;201341983&quot;:0,&quot;335559739&quot;:0,&quot;335559740&quot;:240}\">\u00a0<\/span><\/p>\n<div id=\"attachment_131483\" style=\"width: 732px\" class=\"wp-caption aligncenter\"><img aria-describedby=\"caption-attachment-131483\" decoding=\"async\" loading=\"lazy\" class=\"size-full wp-image-131483\" src=\"https:\/\/www.uv.mx\/prensa\/files\/2023\/05\/31052023-Couttolenc-Ciclo-conferencias-WVS-2.jpg\" alt=\"\" width=\"722\" height=\"561\" srcset=\"https:\/\/www.uv.mx\/prensa\/files\/2023\/05\/31052023-Couttolenc-Ciclo-conferencias-WVS-2.jpg 722w, https:\/\/www.uv.mx\/prensa\/files\/2023\/05\/31052023-Couttolenc-Ciclo-conferencias-WVS-2-300x233.jpg 300w\" sizes=\"(max-width: 722px) 100vw, 722px\" \/><p id=\"caption-attachment-131483\" class=\"wp-caption-text\">Henrique Carlos de Oliveira de Castro, profesor investigador de la Universidad Federal de R\u00edo Grande del Sur, Brasil, habl\u00f3 de la Encuesta Mundial de Valores y Democracia<\/p><\/div>\n<p>&nbsp;<\/p>\n<p><b><span data-contrast=\"auto\">Se habla de democracia pero no se respeta<\/span><\/b><span data-ccp-props=\"{&quot;201341983&quot;:0,&quot;335559739&quot;:0,&quot;335559740&quot;:240}\">\u00a0<\/span><\/p>\n<p><span data-contrast=\"auto\">En su disertaci\u00f3n, de Oliveira de Castro se refiri\u00f3 a los sistemas democr\u00e1ticos de diferentes pa\u00edses, en los que se habla de democracia pero \u00e9sta no es respetada.<\/span><span data-ccp-props=\"{&quot;201341983&quot;:0,&quot;335559739&quot;:0,&quot;335559740&quot;:240}\">\u00a0<\/span><\/p>\n<p><span data-contrast=\"auto\">De manera concreta habl\u00f3 de Brasil, en donde desde la d\u00e9cada de 1930 han tenido 20 presidentes y una presidenta (Dilma Vana Rousseff 2011-2016); indic\u00f3 que de la veintena de mandatarios s\u00f3lo cinco terminaron con su periodo ordinario, aunque durante el ejercicio de sus administraciones hubo intentos por echarlos del cargo.<\/span><span data-ccp-props=\"{&quot;201341983&quot;:0,&quot;335559739&quot;:0,&quot;335559740&quot;:240}\">\u00a0<\/span><\/p>\n<p><span data-contrast=\"auto\">Record\u00f3 que en enero del a\u00f1o en curso se registr\u00f3 una nueva tentativa de golpe militar, en la que seguidores del expresidente Jair Bolsonaro trataron de derrocar al presidente Luiz In\u00e1cio Lula da Silva, \u201cesto es una prueba de que los brasile\u00f1os hablan de democracia pero no la respetan mucho, y menos creen que sea algo necesario para nuestra sociedad.<\/span><span data-ccp-props=\"{&quot;201341983&quot;:0,&quot;335559739&quot;:0,&quot;335559740&quot;:240}\">\u00a0<\/span><\/p>\n<p><span data-contrast=\"auto\">\u201dNo estoy diciendo que la democracia es lo mejor que la humanidad pueda tener, ni estoy de acuerdo con algunos liberales que dicen que esto es lo mejor; la humanidad siempre est\u00e1 evolucionando, hoy tenemos este tipo de sociedad pero nada garantiza que en el futuro podamos tener algo mejor o peor\u201d, sentenci\u00f3 el investigador.<\/span><span data-ccp-props=\"{&quot;201341983&quot;:0,&quot;335559739&quot;:0,&quot;335559740&quot;:240}\">\u00a0<\/span><\/p>\n<p><span data-contrast=\"auto\">Estuvieron presentes Jos\u00e9 Luis P\u00e9rez Chac\u00f3n, director del IIESES, as\u00ed como docentes de la propia entidad universitaria.<\/span><\/p>\n","protected":false},"excerpt":{"rendered":"<p>La cultura pol\u00edtica brinda instrumentos cient\u00edficos para entender y hacer pol\u00edtica de manera cercana a la sociedad\u00a0<\/p>\n","protected":false},"author":1869,"featured_media":131484,"comment_status":"closed","ping_status":"closed","sticky":false,"template":"","format":"standard","meta":[],"categories":[47,1,8455,61],"tags":[12095,2344,6263,447,12097,12091,12090,12092,12093,12094,12089,4162,12096,10109,3185],"_links":{"self":[{"href":"https:\/\/www.uv.mx\/prensa\/wp-json\/wp\/v2\/posts\/131481"}],"collection":[{"href":"https:\/\/www.uv.mx\/prensa\/wp-json\/wp\/v2\/posts"}],"about":[{"href":"https:\/\/www.uv.mx\/prensa\/wp-json\/wp\/v2\/types\/post"}],"author":[{"embeddable":true,"href":"https:\/\/www.uv.mx\/prensa\/wp-json\/wp\/v2\/users\/1869"}],"replies":[{"embeddable":true,"href":"https:\/\/www.uv.mx\/prensa\/wp-json\/wp\/v2\/comments?post=131481"}],"version-history":[{"count":1,"href":"https:\/\/www.uv.mx\/prensa\/wp-json\/wp\/v2\/posts\/131481\/revisions"}],"predecessor-version":[{"id":131528,"href":"https:\/\/www.uv.mx\/prensa\/wp-json\/wp\/v2\/posts\/131481\/revisions\/131528"}],"wp:featuredmedia":[{"embeddable":true,"href":"https:\/\/www.uv.mx\/prensa\/wp-json\/wp\/v2\/media\/131484"}],"wp:attachment":[{"href":"https:\/\/www.uv.mx\/prensa\/wp-json\/wp\/v2\/media?parent=131481"}],"wp:term":[{"taxonomy":"category","embeddable":true,"href":"https:\/\/www.uv.mx\/prensa\/wp-json\/wp\/v2\/categories?post=131481"},{"taxonomy":"post_tag","embeddable":true,"href":"https:\/\/www.uv.mx\/prensa\/wp-json\/wp\/v2\/tags?post=131481"}],"curies":[{"name":"wp","href":"https:\/\/api.w.org\/{rel}","templated":true}]}}