{"id":131200,"date":"2023-05-25T18:40:35","date_gmt":"2023-05-25T23:40:35","guid":{"rendered":"https:\/\/www.uv.mx\/prensa\/?p=131200"},"modified":"2023-05-26T13:22:43","modified_gmt":"2023-05-26T18:22:43","slug":"investigadora-uv-llama-a-tomar-precauciones-por-ceniza-volcanica","status":"publish","type":"post","link":"https:\/\/www.uv.mx\/prensa\/general\/investigadora-uv-llama-a-tomar-precauciones-por-ceniza-volcanica\/","title":{"rendered":"Investigadora UV llama a tomar precauciones por ceniza volc\u00e1nica"},"content":{"rendered":"<ul>\n<li data-leveltext=\"\uf0b7\" data-font=\"Symbol\" data-listid=\"7\" data-list-defn-props=\"{&quot;335551671&quot;:0,&quot;335552541&quot;:1,&quot;335559684&quot;:-2,&quot;335559685&quot;:720,&quot;335559991&quot;:360,&quot;469769226&quot;:&quot;Symbol&quot;,&quot;469769242&quot;:[8226],&quot;469777803&quot;:&quot;left&quot;,&quot;469777804&quot;:&quot;\uf0b7&quot;,&quot;469777815&quot;:&quot;hybridMultilevel&quot;}\" data-aria-posinset=\"0\" data-aria-level=\"1\"><i><span data-contrast=\"auto\">Mar\u00eda Teresa \u00c1lvarez Ba\u00f1uelos inform\u00f3 que las part\u00edculas y los gases pueden causar da\u00f1os a la salud<\/span><\/i><span data-ccp-props=\"{&quot;134233117&quot;:false,&quot;134233118&quot;:false,&quot;201341983&quot;:0,&quot;335559738&quot;:0,&quot;335559739&quot;:0,&quot;335559740&quot;:240}\">\u00a0<\/span><\/li>\n<li data-leveltext=\"\uf0b7\" data-font=\"Symbol\" data-listid=\"7\" data-list-defn-props=\"{&quot;335551671&quot;:0,&quot;335552541&quot;:1,&quot;335559684&quot;:-2,&quot;335559685&quot;:720,&quot;335559991&quot;:360,&quot;469769226&quot;:&quot;Symbol&quot;,&quot;469769242&quot;:[8226],&quot;469777803&quot;:&quot;left&quot;,&quot;469777804&quot;:&quot;\uf0b7&quot;,&quot;469777815&quot;:&quot;hybridMultilevel&quot;}\" data-aria-posinset=\"0\" data-aria-level=\"1\"><i><span data-contrast=\"auto\">Recomienda utilizar cubrebocas, lentes con armaz\u00f3n y evitar en lo posible lentes de contacto<\/span><\/i><span data-ccp-props=\"{&quot;134233117&quot;:false,&quot;134233118&quot;:false,&quot;201341983&quot;:0,&quot;335559738&quot;:0,&quot;335559739&quot;:0,&quot;335559740&quot;:240}\">\u00a0<\/span><\/li>\n<\/ul>\n<p><span data-ccp-props=\"{&quot;134233117&quot;:false,&quot;134233118&quot;:false,&quot;201341983&quot;:0,&quot;335559738&quot;:0,&quot;335559739&quot;:0,&quot;335559740&quot;:240}\">\u00a0<\/span><\/p>\n<div id=\"attachment_131201\" style=\"width: 732px\" class=\"wp-caption aligncenter\"><img aria-describedby=\"caption-attachment-131201\" decoding=\"async\" loading=\"lazy\" class=\"size-full wp-image-131201\" src=\"https:\/\/www.uv.mx\/prensa\/files\/2023\/05\/250523-COUTTOLENC-Popocatepetl-1.jpg\" alt=\"\" width=\"722\" height=\"455\" srcset=\"https:\/\/www.uv.mx\/prensa\/files\/2023\/05\/250523-COUTTOLENC-Popocatepetl-1.jpg 722w, https:\/\/www.uv.mx\/prensa\/files\/2023\/05\/250523-COUTTOLENC-Popocatepetl-1-300x189.jpg 300w, https:\/\/www.uv.mx\/prensa\/files\/2023\/05\/250523-COUTTOLENC-Popocatepetl-1-200x125.jpg 200w\" sizes=\"(max-width: 722px) 100vw, 722px\" \/><p id=\"caption-attachment-131201\" class=\"wp-caption-text\">Mar\u00eda Teresa \u00c1lvarez Ba\u00f1uelos habl\u00f3 de los riesgos a la salud por la ceniza volc\u00e1nica<\/p><\/div>\n<p><span data-ccp-props=\"{&quot;134233117&quot;:false,&quot;134233118&quot;:false,&quot;201341983&quot;:0,&quot;335559738&quot;:0,&quot;335559739&quot;:0,&quot;335559740&quot;:240}\">\u00a0<\/span><\/p>\n<p><b><i><span data-contrast=\"auto\">Jos\u00e9 Luis Couttolenc Soto<\/span><\/i><\/b><span data-ccp-props=\"{&quot;134233117&quot;:false,&quot;134233118&quot;:false,&quot;201341983&quot;:0,&quot;335559738&quot;:0,&quot;335559739&quot;:0,&quot;335559740&quot;:240}\">\u00a0<\/span><\/p>\n<p><b><i><span data-contrast=\"auto\">Fotos: Omar Portilla Palacios y Cenapred<\/span><\/i><\/b><span data-ccp-props=\"{&quot;134233117&quot;:false,&quot;134233118&quot;:false,&quot;201341983&quot;:0,&quot;335559738&quot;:0,&quot;335559739&quot;:0,&quot;335559740&quot;:240}\">\u00a0<\/span><\/p>\n<p><b><i><span data-contrast=\"auto\">25\/05\/2023, Xalapa, Ver.- <\/span><\/i><\/b><span data-contrast=\"auto\">Desde hace varios d\u00edas el volc\u00e1n Popocat\u00e9petl dispar\u00f3 las alarmas por el incremento de su actividad eruptiva, y en las 24 horas recientes el sistema de monitoreo permanente que realizan conjuntamente el Centro Nacional de Prevenci\u00f3n de Desastres (<\/span><i><span data-contrast=\"auto\">Cenapred<\/span><\/i><span data-contrast=\"auto\">) y la Universidad Nacional Aut\u00f3noma de M\u00e9xico (UNAM) reporta 19 exhalaciones acompa\u00f1adas de agua, gases volc\u00e1nicos y ceniza.<\/span><span data-ccp-props=\"{&quot;134233117&quot;:false,&quot;134233118&quot;:false,&quot;201341983&quot;:0,&quot;335559738&quot;:0,&quot;335559739&quot;:0,&quot;335559740&quot;:240}\">\u00a0<\/span><\/p>\n<p><span data-contrast=\"auto\">Mar\u00eda Teresa \u00c1lvarez Ba\u00f1uelos, investigadora del <a href=\"https:\/\/www.uv.mx\/isp\/\" target=\"_blank\" rel=\"noopener\">Instituto de Salud P\u00fablica<\/a> de la Universidad Veracruzana (UV), especialista en la reducci\u00f3n de emergencias en salud p\u00fablica, explic\u00f3 que, por la direcci\u00f3n de los vientos, la dispersi\u00f3n de la ceniza de \u201cDon Goyo\u201d est\u00e1 llegando a diferentes poblaciones de los estados colindantes.<\/span><\/p>\n<p>&nbsp;<\/p>\n<div id=\"attachment_131202\" style=\"width: 732px\" class=\"wp-caption aligncenter\"><img aria-describedby=\"caption-attachment-131202\" decoding=\"async\" loading=\"lazy\" class=\"size-full wp-image-131202\" src=\"https:\/\/www.uv.mx\/prensa\/files\/2023\/05\/250523-COUTTOLENC-Popocatepetl-2.jpg\" alt=\"\" width=\"722\" height=\"542\" srcset=\"https:\/\/www.uv.mx\/prensa\/files\/2023\/05\/250523-COUTTOLENC-Popocatepetl-2.jpg 722w, https:\/\/www.uv.mx\/prensa\/files\/2023\/05\/250523-COUTTOLENC-Popocatepetl-2-300x225.jpg 300w\" sizes=\"(max-width: 722px) 100vw, 722px\" \/><p id=\"caption-attachment-131202\" class=\"wp-caption-text\">El volc\u00e1n Popocat\u00e9petl, uno de los m\u00e1s activos del pa\u00eds (Cortes\u00eda Cenapred)<\/p><\/div>\n<p>&nbsp;<\/p>\n<p><span data-contrast=\"auto\">Dijo que la ceniza representa un alto riesgo de da\u00f1os a la salud, por su contenido de part\u00edculas s\u00f3lidas de materiales como di\u00f3xido de azufre, fl\u00faor o s\u00edlice que pueden transformarse en \u00e1cido al permanecer en el ambiente.<\/span><span data-ccp-props=\"{&quot;134233117&quot;:false,&quot;134233118&quot;:false,&quot;201341983&quot;:0,&quot;335559738&quot;:0,&quot;335559739&quot;:0,&quot;335559740&quot;:240}\">\u00a0<\/span><\/p>\n<p><span data-contrast=\"auto\">Entre los padecimientos que pueden surgir se encuentran irritaci\u00f3n aguda de ojos y v\u00edas respiratorias, espec\u00edficamente afecciones del tracto a\u00e9reo, penetraci\u00f3n de alveolos y esto puede provocar broncoespasmos e irritaci\u00f3n de piel.<\/span><span data-ccp-props=\"{&quot;134233117&quot;:false,&quot;134233118&quot;:false,&quot;201341983&quot;:0,&quot;335559738&quot;:0,&quot;335559739&quot;:0,&quot;335559740&quot;:240}\">\u00a0<\/span><\/p>\n<p><span data-contrast=\"auto\">De igual manera la ceniza contamina mantos acu\u00edferos, cuya agua al ser ingerida puede causar afecciones gastrointestinales.<\/span><\/p>\n<p>&nbsp;<\/p>\n<div id=\"attachment_131203\" style=\"width: 732px\" class=\"wp-caption aligncenter\"><img aria-describedby=\"caption-attachment-131203\" decoding=\"async\" loading=\"lazy\" class=\"size-full wp-image-131203\" src=\"https:\/\/www.uv.mx\/prensa\/files\/2023\/05\/250523-COUTTOLENC-Popocatepetl-3.jpg\" alt=\"\" width=\"722\" height=\"515\" srcset=\"https:\/\/www.uv.mx\/prensa\/files\/2023\/05\/250523-COUTTOLENC-Popocatepetl-3.jpg 722w, https:\/\/www.uv.mx\/prensa\/files\/2023\/05\/250523-COUTTOLENC-Popocatepetl-3-300x214.jpg 300w\" sizes=\"(max-width: 722px) 100vw, 722px\" \/><p id=\"caption-attachment-131203\" class=\"wp-caption-text\">Actividad volc\u00e1nica reciente (Cortes\u00eda Cenapred)<\/p><\/div>\n<p>&nbsp;<\/p>\n<p><span data-contrast=\"auto\">Precis\u00f3 que existen part\u00edculas de ceniza de diferentes tama\u00f1os, las muy peque\u00f1as se inhalan y r\u00e1pidamente pueden llegar a los pulmones, mientras que las m\u00e1s gruesas se alojan en la nariz.<\/span><span data-ccp-props=\"{&quot;134233117&quot;:false,&quot;134233118&quot;:false,&quot;201341983&quot;:0,&quot;335559738&quot;:0,&quot;335559739&quot;:0,&quot;335559740&quot;:240}\">\u00a0<\/span><\/p>\n<p><span data-contrast=\"auto\">Las personas pueden responder de diferente manera al problema, principalmente quienes presenten afecciones previas como asma.<\/span><span data-ccp-props=\"{&quot;134233117&quot;:false,&quot;134233118&quot;:false,&quot;201341983&quot;:0,&quot;335559731&quot;:708,&quot;335559738&quot;:0,&quot;335559739&quot;:0,&quot;335559740&quot;:240}\">\u00a0<\/span><\/p>\n<p><span data-contrast=\"auto\">\u00c1lvarez Ba\u00f1uelos dijo que el <\/span><i><span data-contrast=\"auto\">Cenapred<\/span><\/i><span data-contrast=\"auto\"> mantiene la alerta en amarillo 3, no obstante, el volc\u00e1n redujo en las \u00faltimas horas la emisi\u00f3n de ceniza, pero no se descarta la ca\u00edda de \u00e9sta, por lo que recomend\u00f3: cubrir nariz y boca con pa\u00f1uelo o cubrebocas, limpiar ojos y garganta con agua pura, utilizar lentes de armaz\u00f3n y evitar los de contacto para reducir la irritaci\u00f3n ocular, as\u00ed como cerrar ventanas o cubrirlas y permanecer lo m\u00e1s posible dentro del hogar.<\/span><span data-ccp-props=\"{&quot;134233117&quot;:false,&quot;134233118&quot;:false,&quot;201341983&quot;:0,&quot;335559738&quot;:0,&quot;335559739&quot;:0,&quot;335559740&quot;:240}\">\u00a0<\/span><\/p>\n<p><span data-contrast=\"auto\">Igualmente, mantenerse informado consultando el Atlas Nacional de Riesgo en la liga <\/span><a href=\"http:\/\/www.atlasnacionalderiesgos.gob.mx\/\"><span data-contrast=\"none\">www.atlasnacionalderiesgos.gob.mx\/<\/span><\/a><\/p>\n","protected":false},"excerpt":{"rendered":"<p>En 2022 se vivieron episodios similares al que se registra actualmente con la actividad volc\u00e1nica del Popocat\u00e9petl\u00a0<\/p>\n","protected":false},"author":1869,"featured_media":131204,"comment_status":"closed","ping_status":"closed","sticky":false,"template":"","format":"standard","meta":[],"categories":[45,47,1,61],"tags":[11977,11980,11978,11976,1444,11981,4162,11979,11982,6800,8327,11089,6222],"_links":{"self":[{"href":"https:\/\/www.uv.mx\/prensa\/wp-json\/wp\/v2\/posts\/131200"}],"collection":[{"href":"https:\/\/www.uv.mx\/prensa\/wp-json\/wp\/v2\/posts"}],"about":[{"href":"https:\/\/www.uv.mx\/prensa\/wp-json\/wp\/v2\/types\/post"}],"author":[{"embeddable":true,"href":"https:\/\/www.uv.mx\/prensa\/wp-json\/wp\/v2\/users\/1869"}],"replies":[{"embeddable":true,"href":"https:\/\/www.uv.mx\/prensa\/wp-json\/wp\/v2\/comments?post=131200"}],"version-history":[{"count":1,"href":"https:\/\/www.uv.mx\/prensa\/wp-json\/wp\/v2\/posts\/131200\/revisions"}],"predecessor-version":[{"id":131249,"href":"https:\/\/www.uv.mx\/prensa\/wp-json\/wp\/v2\/posts\/131200\/revisions\/131249"}],"wp:featuredmedia":[{"embeddable":true,"href":"https:\/\/www.uv.mx\/prensa\/wp-json\/wp\/v2\/media\/131204"}],"wp:attachment":[{"href":"https:\/\/www.uv.mx\/prensa\/wp-json\/wp\/v2\/media?parent=131200"}],"wp:term":[{"taxonomy":"category","embeddable":true,"href":"https:\/\/www.uv.mx\/prensa\/wp-json\/wp\/v2\/categories?post=131200"},{"taxonomy":"post_tag","embeddable":true,"href":"https:\/\/www.uv.mx\/prensa\/wp-json\/wp\/v2\/tags?post=131200"}],"curies":[{"name":"wp","href":"https:\/\/api.w.org\/{rel}","templated":true}]}}