{"id":131122,"date":"2023-05-25T16:21:10","date_gmt":"2023-05-25T21:21:10","guid":{"rendered":"https:\/\/www.uv.mx\/prensa\/?p=131122"},"modified":"2023-05-26T13:50:38","modified_gmt":"2023-05-26T18:50:38","slug":"desconfianza-y-desinformacion-frenan-donacion-de-organos-luisa-marvan","status":"publish","type":"post","link":"https:\/\/www.uv.mx\/prensa\/ciencia\/desconfianza-y-desinformacion-frenan-donacion-de-organos-luisa-marvan\/","title":{"rendered":"Desconfianza y desinformaci\u00f3n frenan donaci\u00f3n de \u00f3rganos: Luisa Marv\u00e1n"},"content":{"rendered":"<ul style=\"font-weight: 400\">\n<li data-leveltext=\"\uf0b7\" data-font=\"Symbol\" data-listid=\"6\" data-list-defn-props=\"{&quot;335552541&quot;:1,&quot;335559684&quot;:-2,&quot;335559685&quot;:720,&quot;335559991&quot;:360,&quot;469769226&quot;:&quot;Symbol&quot;,&quot;469769242&quot;:[8226],&quot;469777803&quot;:&quot;left&quot;,&quot;469777804&quot;:&quot;\uf0b7&quot;,&quot;469777815&quot;:&quot;hybridMultilevel&quot;}\" data-aria-posinset=\"1\" data-aria-level=\"1\"><i><span data-contrast=\"auto\">La investigadora de la Universidad Veracruzana comparti\u00f3 que en M\u00e9xico la tasa de donadores es de 3.8 por cada mill\u00f3n de habitantes<\/span><\/i><span data-ccp-props=\"{}\">\u00a0<\/span><\/li>\n<li data-leveltext=\"\uf0b7\" data-font=\"Symbol\" data-listid=\"6\" data-list-defn-props=\"{&quot;335552541&quot;:1,&quot;335559684&quot;:-2,&quot;335559685&quot;:720,&quot;335559991&quot;:360,&quot;469769226&quot;:&quot;Symbol&quot;,&quot;469769242&quot;:[8226],&quot;469777803&quot;:&quot;left&quot;,&quot;469777804&quot;:&quot;\uf0b7&quot;,&quot;469777815&quot;:&quot;hybridMultilevel&quot;}\" data-aria-posinset=\"2\" data-aria-level=\"1\"><i><span data-contrast=\"auto\">Dijo que no hay l\u00edmite de edad para donar, son los especialistas quienes determinan la viabilidad<\/span><\/i><span data-ccp-props=\"{}\">\u00a0<\/span><\/li>\n<\/ul>\n<p>&nbsp;<\/p>\n<div id=\"attachment_131123\" style=\"width: 907px\" class=\"wp-caption aligncenter\"><a href=\"https:\/\/www.uv.mx\/prensa\/files\/2023\/05\/230523-CARLOS-Donacion-organos-1.png\"><img loading=\"lazy\" decoding=\"async\" aria-describedby=\"caption-attachment-131123\" class=\"size-full wp-image-131123\" src=\"https:\/\/www.uv.mx\/prensa\/files\/2023\/05\/230523-CARLOS-Donacion-organos-1.png\" alt=\"\" width=\"897\" height=\"487\" srcset=\"https:\/\/www.uv.mx\/prensa\/files\/2023\/05\/230523-CARLOS-Donacion-organos-1.png 897w, https:\/\/www.uv.mx\/prensa\/files\/2023\/05\/230523-CARLOS-Donacion-organos-1-300x163.png 300w, https:\/\/www.uv.mx\/prensa\/files\/2023\/05\/230523-CARLOS-Donacion-organos-1-768x417.png 768w\" sizes=\"auto, (max-width: 897px) 100vw, 897px\" \/><\/a><p id=\"caption-attachment-131123\" class=\"wp-caption-text\">Mar\u00eda Luisa Marv\u00e1n Gardu\u00f1o, acad\u00e9mica del IIP durante su charla en \u201cTardes de Ciencia\u201d<\/p><\/div>\n<p>&nbsp;<\/p>\n<p><b><i><span data-contrast=\"auto\">Carlos Hugo Hermida Rosales<\/span><\/i><\/b><span data-ccp-props=\"{}\">\u00a0<\/span><\/p>\n<p><b><i><span data-contrast=\"auto\">Fotos: Carlos Hugo Hermida Rosales<\/span><\/i><\/b><span data-ccp-props=\"{}\">\u00a0<\/span><\/p>\n<p><b><i><span data-contrast=\"auto\">25\/05\/2023, Xalapa, Ver.-<\/span><\/i><\/b><span data-contrast=\"auto\"> \u201cLos problemas de desconfianza y desinformaci\u00f3n necesitan ser atendidos para poder incrementar la cultura de donaci\u00f3n de \u00f3rganos\u201d, declar\u00f3 Mar\u00eda Luisa Marv\u00e1n Gardu\u00f1o, del <a href=\"https:\/\/www.uv.mx\/iip\/\" target=\"_blank\" rel=\"noopener\">Instituto de Investigaciones Psicol\u00f3gicas (<\/a>IIP) de la Universidad Veracruzana (UV), en su participaci\u00f3n dentro de las \u201cTardes de Ciencia\u201d.<\/span><span data-ccp-props=\"{}\">\u00a0<\/span><\/p>\n<p><span data-contrast=\"auto\">En esta iniciativa, organizada por la Direcci\u00f3n General de Investigaciones (DGI), la experta imparti\u00f3 la charla virtual \u201cDonaci\u00f3n de \u00f3rganos: s\u00e1lvame si ya no vas a usarlos\u201d.<\/span><span data-ccp-props=\"{&quot;335559731&quot;:708}\">\u00a0<\/span><\/p>\n<p><span data-contrast=\"auto\">Luisa Marv\u00e1n mencion\u00f3 que el trasplante de \u00f3rganos se refiere a la sustituci\u00f3n de uno da\u00f1ado por otro que funcione bien; en muchas ocasiones es la \u00fanica opci\u00f3n para salvar o mejorar la calidad de vida de los pacientes.<\/span><span data-ccp-props=\"{&quot;335559731&quot;:708}\">\u00a0<\/span><\/p>\n<p>&nbsp;<\/p>\n<div id=\"attachment_131125\" style=\"width: 732px\" class=\"wp-caption aligncenter\"><a href=\"https:\/\/www.uv.mx\/prensa\/files\/2023\/05\/230523-CARLOS-Donacion-organos-2.jpg\"><img loading=\"lazy\" decoding=\"async\" aria-describedby=\"caption-attachment-131125\" class=\"size-full wp-image-131125\" src=\"https:\/\/www.uv.mx\/prensa\/files\/2023\/05\/230523-CARLOS-Donacion-organos-2.jpg\" alt=\"\" width=\"722\" height=\"407\" srcset=\"https:\/\/www.uv.mx\/prensa\/files\/2023\/05\/230523-CARLOS-Donacion-organos-2.jpg 722w, https:\/\/www.uv.mx\/prensa\/files\/2023\/05\/230523-CARLOS-Donacion-organos-2-300x169.jpg 300w\" sizes=\"auto, (max-width: 722px) 100vw, 722px\" \/><\/a><p id=\"caption-attachment-131125\" class=\"wp-caption-text\">Mar\u00eda Luisa Marv\u00e1n Gardu\u00f1o, acad\u00e9mica del IIP durante su charla en \u201cTardes de Ciencia\u201d<\/p><\/div>\n<p>&nbsp;<\/p>\n<p><span data-contrast=\"auto\">Explic\u00f3 que los \u00f3rganos o tejidos que se pueden trasplantar dependen si la donaci\u00f3n es en vivo o <\/span><i><span data-contrast=\"auto\">post m\u00f3rtem<\/span><\/i><span data-contrast=\"auto\">; en la primera es posible hacerlo con el ri\u00f1\u00f3n, el pulm\u00f3n o la m\u00e9dula \u00f3sea, as\u00ed como con partes del h\u00edgado, p\u00e1ncreas o intestino.<\/span><span data-ccp-props=\"{&quot;335559731&quot;:708}\">\u00a0<\/span><\/p>\n<p><span data-contrast=\"auto\">Mientras que en la segunda se suman c\u00f3rneas, piel, huesos, v\u00e1lvulas cardiacas, vasos sangu\u00edneos y coraz\u00f3n, entre otros.<\/span><span data-ccp-props=\"{&quot;335559731&quot;:708}\">\u00a0<\/span><\/p>\n<p><span data-contrast=\"auto\">La investigadora comparti\u00f3 que Espa\u00f1a es l\u00edder a nivel mundial en tasa de donadores, con 49.6 por cada mill\u00f3n de habitantes; el promedio para Am\u00e9rica Latina y el Caribe es de 7.5, pero en M\u00e9xico apenas se llega a 3.8 donadores.<\/span><span data-ccp-props=\"{&quot;335559731&quot;:708}\">\u00a0<\/span><\/p>\n<p>&nbsp;<\/p>\n<div id=\"attachment_131126\" style=\"width: 732px\" class=\"wp-caption aligncenter\"><a href=\"https:\/\/www.uv.mx\/prensa\/files\/2023\/05\/230523-CARLOS-Donacion-organos-3.jpg\"><img loading=\"lazy\" decoding=\"async\" aria-describedby=\"caption-attachment-131126\" class=\"size-full wp-image-131126\" src=\"https:\/\/www.uv.mx\/prensa\/files\/2023\/05\/230523-CARLOS-Donacion-organos-3.jpg\" alt=\"\" width=\"722\" height=\"406\" srcset=\"https:\/\/www.uv.mx\/prensa\/files\/2023\/05\/230523-CARLOS-Donacion-organos-3.jpg 722w, https:\/\/www.uv.mx\/prensa\/files\/2023\/05\/230523-CARLOS-Donacion-organos-3-300x169.jpg 300w\" sizes=\"auto, (max-width: 722px) 100vw, 722px\" \/><\/a><p id=\"caption-attachment-131126\" class=\"wp-caption-text\">La donaci\u00f3n post m\u00f3rtem procede cuando el fallecimiento ocurri\u00f3 por muerte cerebral o paro cardiorrespiratorio<\/p><\/div>\n<p>&nbsp;<\/p>\n<p><span data-contrast=\"auto\">Coment\u00f3 que entre las principales razones por las que las personas se oponen a la donaci\u00f3n, se encuentran las cuestiones religiosas, suposiciones de que la extracci\u00f3n se realiza antes que el individuo muera, tener alguna enfermedad, o la creencia de que existe una edad l\u00edmite.<\/span><span data-ccp-props=\"{&quot;335559731&quot;:708}\">\u00a0<\/span><\/p>\n<p><span data-contrast=\"auto\">Respecto a esto \u00faltimo, dijo que no hay l\u00edmite de edad para donar, s\u00f3lo los especialistas determinan si alg\u00fan padecimiento impide hacerlo, se lleva a cabo despu\u00e9s de la muerte y muchas religiones derivadas del cristianismo lo promueven como acto de caridad.<\/span><span data-ccp-props=\"{&quot;335559731&quot;:708}\">\u00a0<\/span><\/p>\n<p><span data-ccp-props=\"{}\">\u00a0<\/span><\/p>\n","protected":false},"excerpt":{"rendered":"<p>La catedr\u00e1tica del Instituto de Investigaciones Psicol\u00f3gicas (IIP) dio la charla virtual \u201cDonaci\u00f3n de \u00f3rganos: s\u00e1lvame si ya no vas a usarlos\u201d <\/p>\n","protected":false},"author":1809,"featured_media":131131,"comment_status":"closed","ping_status":"closed","sticky":false,"template":"","format":"standard","meta":{"footnotes":""},"categories":[45,47,61],"tags":[4161,2959,241,11940,10037,1676,11939],"class_list":["post-131122","post","type-post","status-publish","format-standard","has-post-thumbnail","hentry","category-ciencia","category-eventos","category-banner","tag-carlos-hugo-hermida-rosales","tag-charla-virtual","tag-direccion-general-de-investigaciones-dgi","tag-donacion-de-organos","tag-instituto-de-investigaciones-psicologicas-iip","tag-tardes-de-ciencia","tag-trasplante-de-organos"],"_links":{"self":[{"href":"https:\/\/www.uv.mx\/prensa\/wp-json\/wp\/v2\/posts\/131122","targetHints":{"allow":["GET"]}}],"collection":[{"href":"https:\/\/www.uv.mx\/prensa\/wp-json\/wp\/v2\/posts"}],"about":[{"href":"https:\/\/www.uv.mx\/prensa\/wp-json\/wp\/v2\/types\/post"}],"author":[{"embeddable":true,"href":"https:\/\/www.uv.mx\/prensa\/wp-json\/wp\/v2\/users\/1809"}],"replies":[{"embeddable":true,"href":"https:\/\/www.uv.mx\/prensa\/wp-json\/wp\/v2\/comments?post=131122"}],"version-history":[{"count":1,"href":"https:\/\/www.uv.mx\/prensa\/wp-json\/wp\/v2\/posts\/131122\/revisions"}],"predecessor-version":[{"id":131253,"href":"https:\/\/www.uv.mx\/prensa\/wp-json\/wp\/v2\/posts\/131122\/revisions\/131253"}],"wp:featuredmedia":[{"embeddable":true,"href":"https:\/\/www.uv.mx\/prensa\/wp-json\/wp\/v2\/media\/131131"}],"wp:attachment":[{"href":"https:\/\/www.uv.mx\/prensa\/wp-json\/wp\/v2\/media?parent=131122"}],"wp:term":[{"taxonomy":"category","embeddable":true,"href":"https:\/\/www.uv.mx\/prensa\/wp-json\/wp\/v2\/categories?post=131122"},{"taxonomy":"post_tag","embeddable":true,"href":"https:\/\/www.uv.mx\/prensa\/wp-json\/wp\/v2\/tags?post=131122"}],"curies":[{"name":"wp","href":"https:\/\/api.w.org\/{rel}","templated":true}]}}