{"id":130331,"date":"2023-05-13T21:47:24","date_gmt":"2023-05-14T02:47:24","guid":{"rendered":"https:\/\/www.uv.mx\/prensa\/?p=130331"},"modified":"2023-05-17T14:55:32","modified_gmt":"2023-05-17T19:55:32","slug":"libro-la-invencion-de-la-malinche-una-aportacion-al-feminismo","status":"publish","type":"post","link":"https:\/\/www.uv.mx\/prensa\/general\/libro-la-invencion-de-la-malinche-una-aportacion-al-feminismo\/","title":{"rendered":"Libro <i>La invenci\u00f3n de la Malinche<\/i>: una aportaci\u00f3n al feminismo"},"content":{"rendered":"<ul style=\"font-weight: 400\">\n<li data-leveltext=\"\uf0b7\" data-font=\"Symbol\" data-listid=\"1\" data-list-defn-props=\"{&quot;335552541&quot;:1,&quot;335559684&quot;:-2,&quot;335559685&quot;:720,&quot;335559991&quot;:360,&quot;469769226&quot;:&quot;Symbol&quot;,&quot;469769242&quot;:[8226],&quot;469777803&quot;:&quot;left&quot;,&quot;469777804&quot;:&quot;\uf0b7&quot;,&quot;469777815&quot;:&quot;hybridMultilevel&quot;}\" data-aria-posinset=\"1\" data-aria-level=\"1\"><i><span data-contrast=\"auto\">La publicaci\u00f3n se present\u00f3 en el marco de la Feria Internacional del Libro Universitario 2023<\/span><\/i><span data-ccp-props=\"{&quot;201341983&quot;:0,&quot;335559739&quot;:0,&quot;335559740&quot;:240}\">\u00a0<\/span><\/li>\n<li data-leveltext=\"\uf0b7\" data-font=\"Symbol\" data-listid=\"1\" data-list-defn-props=\"{&quot;335552541&quot;:1,&quot;335559684&quot;:-2,&quot;335559685&quot;:720,&quot;335559991&quot;:360,&quot;469769226&quot;:&quot;Symbol&quot;,&quot;469769242&quot;:[8226],&quot;469777803&quot;:&quot;left&quot;,&quot;469777804&quot;:&quot;\uf0b7&quot;,&quot;469777815&quot;:&quot;hybridMultilevel&quot;}\" data-aria-posinset=\"2\" data-aria-level=\"1\"><i><span data-contrast=\"auto\">\u201cEl paradigma de la Malinche tiene sentido y relevancia m\u00e1s all\u00e1 de las culturas mexicana y chicana, y m\u00e1s all\u00e1 del periodo de la conquista\u201d, expres\u00f3 Sandra Messinger<\/span><\/i><span data-ccp-props=\"{&quot;201341983&quot;:0,&quot;335559739&quot;:0,&quot;335559740&quot;:240}\">\u00a0<\/span><\/li>\n<\/ul>\n<p>&nbsp;<\/p>\n<div id=\"attachment_130313\" style=\"width: 732px\" class=\"wp-caption aligncenter\"><img aria-describedby=\"caption-attachment-130313\" decoding=\"async\" loading=\"lazy\" class=\"size-full wp-image-130313\" src=\"https:\/\/www.uv.mx\/prensa\/files\/2023\/05\/130623-PAOLA-La-invencion-de-la-Malinche-1.jpg\" alt=\"B\u00e1rbara Vald\u00e9s, Brisa G\u00f3mez y Tanya Huntington presentaron el libro en el marco de la FILU 2023 \" width=\"722\" height=\"482\" srcset=\"https:\/\/www.uv.mx\/prensa\/files\/2023\/05\/130623-PAOLA-La-invencion-de-la-Malinche-1.jpg 722w, https:\/\/www.uv.mx\/prensa\/files\/2023\/05\/130623-PAOLA-La-invencion-de-la-Malinche-1-300x200.jpg 300w\" sizes=\"(max-width: 722px) 100vw, 722px\" \/><p id=\"caption-attachment-130313\" class=\"wp-caption-text\">B\u00e1rbara Vald\u00e9s, Brisa G\u00f3mez y Tanya Huntington presentaron el libro en el marco de la FILU 2023<\/p><\/div>\n<p>&nbsp;<\/p>\n<p>&nbsp;<\/p>\n<p><b><i><span data-contrast=\"auto\">Paola Cort\u00e9s P\u00e9rez<\/span><\/i><\/b><span data-ccp-props=\"{&quot;201341983&quot;:0,&quot;335559739&quot;:0,&quot;335559740&quot;:240}\">\u00a0<\/span><\/p>\n<p><b><i><span data-contrast=\"auto\">Fotos: C\u00e9sar Pisil Ramos<\/span><\/i><\/b><span data-ccp-props=\"{&quot;201341983&quot;:0,&quot;335559739&quot;:0,&quot;335559740&quot;:240}\">\u00a0<\/span><\/p>\n<p><b><i><span data-contrast=\"auto\">14\/05\/2023, Xalapa, Ver.-<\/span><\/i><\/b><span data-contrast=\"auto\"> El libro <\/span><i><span data-contrast=\"auto\">La invenci\u00f3n de la Malinche<\/span><\/i><span data-contrast=\"auto\"> es una aportaci\u00f3n al pensamiento feminista del siglo XXI, opin\u00f3 B\u00e1rbara Vald\u00e9s Ben\u00edtez, integrante del Instituto de Investigaciones Hist\u00f3rico-Sociales de la Universidad Veracruzana (UV).<\/span><span data-ccp-props=\"{&quot;201341983&quot;:0,&quot;335559739&quot;:0,&quot;335559740&quot;:240}\">\u00a0<\/span><\/p>\n<p><span data-contrast=\"auto\">Lo anterior, durante la presentaci\u00f3n del t\u00edtulo en la <a href=\"https:\/\/www.uv.mx\/filu\/\" target=\"_blank\" rel=\"noopener\">Feria Internacional del Libro Universitario<\/a> (FILU) 2023, que esta casa de estudios lleva a cabo hasta el 21 de mayo en diferentes sedes de la capital veracruzana.<\/span><span data-ccp-props=\"{&quot;201341983&quot;:0,&quot;335559731&quot;:708,&quot;335559739&quot;:0,&quot;335559740&quot;:240}\">\u00a0<\/span><\/p>\n<p><span data-contrast=\"auto\">Los comentarios sobre el libro fueron hechos por B\u00e1rbara Vald\u00e9s, acad\u00e9mica de la UV, y Tanya Huntington, escritora y artista, bajo la moderaci\u00f3n de la periodista Brisa G\u00f3mez.<\/span><span data-ccp-props=\"{&quot;201341983&quot;:0,&quot;335559731&quot;:708,&quot;335559739&quot;:0,&quot;335559740&quot;:240}\">\u00a0<\/span><\/p>\n<p><span data-contrast=\"auto\">Vald\u00e9s Ben\u00edtez mencion\u00f3 que se trata de una nueva edici\u00f3n de dicha publicaci\u00f3n, apoyada por la Editorial UV; se divide en dos partes: la hist\u00f3rica (el contexto colonial) y la contempor\u00e1nea (a partir de la segunda mitad del siglo XX), que abarcan nueve cap\u00edtulos que muestran c\u00f3mo se ha transformado la figura de la Malinche a partir de los diferentes contextos hist\u00f3ricos.<\/span><span data-ccp-props=\"{&quot;201341983&quot;:0,&quot;335559731&quot;:708,&quot;335559739&quot;:0,&quot;335559740&quot;:240}\">\u00a0<\/span><\/p>\n<p><span data-contrast=\"auto\">\u201cEl libro es una aportaci\u00f3n al pensamiento feminista, porque no podr\u00edamos entender la historia que la autora recoge en los textos sin el feminismo y la reformulaci\u00f3n de la Malinche que tambi\u00e9n tiene relaci\u00f3n con esto.\u201d<\/span><span data-ccp-props=\"{&quot;201341983&quot;:0,&quot;335559731&quot;:708,&quot;335559739&quot;:0,&quot;335559740&quot;:240}\">\u00a0<\/span><\/p>\n<p><span data-contrast=\"auto\">A trav\u00e9s de un texto enviado, la autora Sandra Messinger cont\u00f3 que fueron algunos escritos de Elena Garro que la estimularon a investigar las varias representaciones de la Malinche a lo largo de los siglos.<\/span><span data-ccp-props=\"{&quot;201341983&quot;:0,&quot;335559731&quot;:708,&quot;335559739&quot;:0,&quot;335559740&quot;:240}\">\u00a0<\/span><\/p>\n<p><span data-contrast=\"auto\">\u201cLlegando al siglo XXI pude aprovechar los estudios antropol\u00f3gicos e hist\u00f3ricos que un gran n\u00famero de investigadores han publicado, as\u00ed como textos en n\u00e1huatl. Cambi\u00e9 el nombre de esta mujer, ahora con base en estudios serios de la cultura ind\u00edgena.\u201d<\/span><span data-ccp-props=\"{&quot;201341983&quot;:0,&quot;335559731&quot;:708,&quot;335559739&quot;:0,&quot;335559740&quot;:240}\">\u00a0<\/span><\/p>\n<p><span data-contrast=\"auto\">En esta nueva edici\u00f3n, la autora usa el nombre de Malintzin para describir las acciones de la mujer, y el de Malinche cuando analiza la figura representada en novelas, poemas, documentales, pinturas e incluso en \u00f3peras.<\/span><span data-ccp-props=\"{&quot;201341983&quot;:0,&quot;335559731&quot;:708,&quot;335559739&quot;:0,&quot;335559740&quot;:240}\">\u00a0<\/span><\/p>\n<p><span data-contrast=\"auto\">\u201cEn efecto, el paradigma de la Malinche tiene sentido y relevancia m\u00e1s all\u00e1 de las culturas mexicana y chicana, y m\u00e1s all\u00e1 del periodo de la conquista.\u201d<\/span><span data-ccp-props=\"{&quot;201341983&quot;:0,&quot;335559731&quot;:708,&quot;335559739&quot;:0,&quot;335559740&quot;:240}\">\u00a0<\/span><\/p>\n<p>&nbsp;<\/p>\n<div id=\"attachment_130314\" style=\"width: 732px\" class=\"wp-caption aligncenter\"><img aria-describedby=\"caption-attachment-130314\" decoding=\"async\" loading=\"lazy\" class=\"size-full wp-image-130314\" src=\"https:\/\/www.uv.mx\/prensa\/files\/2023\/05\/130623-PAOLA-La-invencion-de-la-Malinche-2.jpg\" alt=\"Coincidieron en que esta obra es una importante aportaci\u00f3n al pensamiento feminista\" width=\"722\" height=\"482\" srcset=\"https:\/\/www.uv.mx\/prensa\/files\/2023\/05\/130623-PAOLA-La-invencion-de-la-Malinche-2.jpg 722w, https:\/\/www.uv.mx\/prensa\/files\/2023\/05\/130623-PAOLA-La-invencion-de-la-Malinche-2-300x200.jpg 300w\" sizes=\"(max-width: 722px) 100vw, 722px\" \/><p id=\"caption-attachment-130314\" class=\"wp-caption-text\">Coincidieron en que esta obra es una importante aportaci\u00f3n al pensamiento feminista<\/p><\/div>\n<p>&nbsp;<\/p>\n<p><span data-contrast=\"auto\">En su participaci\u00f3n, Tanya Huntington coment\u00f3 que Malintzin deber\u00eda ser la Santa Patrona de los traductores en M\u00e9xico porque aprendi\u00f3 muy r\u00e1pido diferentes idiomas, adem\u00e1s se volvi\u00f3 la mujer m\u00e1s poderosa del hemisferio en ese momento hist\u00f3rico, gracias a esto pudo liberar a su pueblo del yugo de los mexicas.<\/span><span data-ccp-props=\"{&quot;201341983&quot;:0,&quot;335559731&quot;:708,&quot;335559739&quot;:0,&quot;335559740&quot;:240}\">\u00a0<\/span><\/p>\n<p><span data-contrast=\"auto\">\u201cMuri\u00f3 antes de los 30 a\u00f1os por la pandemia de la viruela que acab\u00f3 con un gran n\u00famero de ind\u00edgenas. No fue la traidora vende patrias ni la lasciva, como se ha dibujado a lo largo de la historia.\u201d<\/span><span data-ccp-props=\"{&quot;201341983&quot;:0,&quot;335559731&quot;:708,&quot;335559739&quot;:0,&quot;335559740&quot;:240}\">\u00a0<\/span><\/p>\n<p><span data-contrast=\"auto\">Las actividades de la FILU 2023, que tiene como regi\u00f3n invitada a Centroam\u00e9rica y el Caribe, pueden consultar en <\/span><a href=\"https:\/\/www.uv.mx\/filu\/programa-de-actividades-2023\/\"><span data-contrast=\"none\">https:\/\/www.uv.mx\/filu\/programa-de-actividades-2023\/<\/span><\/a><\/p>\n","protected":false},"excerpt":{"rendered":"<p>B\u00e1rbara Vald\u00e9s dijo que a lo largo de nueve cap\u00edtulos la autora muestra c\u00f3mo se ha transformado la figura de la Malinche a partir de los diferentes contextos hist\u00f3ricos<\/p>\n","protected":false},"author":2349,"featured_media":130318,"comment_status":"closed","ping_status":"closed","sticky":false,"template":"","format":"standard","meta":[],"categories":[11,11303,1,8445,61],"tags":[7445,11618,6263,11621,156,11483,1036,11620,4164,11619,11617,11622],"_links":{"self":[{"href":"https:\/\/www.uv.mx\/prensa\/wp-json\/wp\/v2\/posts\/130331"}],"collection":[{"href":"https:\/\/www.uv.mx\/prensa\/wp-json\/wp\/v2\/posts"}],"about":[{"href":"https:\/\/www.uv.mx\/prensa\/wp-json\/wp\/v2\/types\/post"}],"author":[{"embeddable":true,"href":"https:\/\/www.uv.mx\/prensa\/wp-json\/wp\/v2\/users\/2349"}],"replies":[{"embeddable":true,"href":"https:\/\/www.uv.mx\/prensa\/wp-json\/wp\/v2\/comments?post=130331"}],"version-history":[{"count":1,"href":"https:\/\/www.uv.mx\/prensa\/wp-json\/wp\/v2\/posts\/130331\/revisions"}],"predecessor-version":[{"id":130570,"href":"https:\/\/www.uv.mx\/prensa\/wp-json\/wp\/v2\/posts\/130331\/revisions\/130570"}],"wp:featuredmedia":[{"embeddable":true,"href":"https:\/\/www.uv.mx\/prensa\/wp-json\/wp\/v2\/media\/130318"}],"wp:attachment":[{"href":"https:\/\/www.uv.mx\/prensa\/wp-json\/wp\/v2\/media?parent=130331"}],"wp:term":[{"taxonomy":"category","embeddable":true,"href":"https:\/\/www.uv.mx\/prensa\/wp-json\/wp\/v2\/categories?post=130331"},{"taxonomy":"post_tag","embeddable":true,"href":"https:\/\/www.uv.mx\/prensa\/wp-json\/wp\/v2\/tags?post=130331"}],"curies":[{"name":"wp","href":"https:\/\/api.w.org\/{rel}","templated":true}]}}