{"id":13005,"date":"2016-06-29T14:07:34","date_gmt":"2016-06-29T19:07:34","guid":{"rendered":"https:\/\/www.uv.mx\/prensa\/?p=13005"},"modified":"2016-06-30T11:30:30","modified_gmt":"2016-06-30T16:30:30","slug":"mexico-poco-comprometido-para-reducir-consumo-de-tabaco","status":"publish","type":"post","link":"https:\/\/www.uv.mx\/prensa\/general\/mexico-poco-comprometido-para-reducir-consumo-de-tabaco\/","title":{"rendered":"M\u00e9xico, poco comprometido para reducir consumo de tabaco"},"content":{"rendered":"<ul>\n<li><em>James F. Thrasher imparti\u00f3 la ponencia \u201cPol\u00edticas p\u00fablicas para reducir el tabaquismo\u201d, en el Instituto de Salud P\u00fablica<\/em><\/li>\n<li><em>Nuestro pa\u00eds tiene muchas tareas pendientes al respecto; una de ellas, la aplicaci\u00f3n de altos impuestos para disminuir su consumo<\/em><\/li>\n<\/ul>\n<p>&nbsp;<\/p>\n<div id=\"attachment_13010\" style=\"width: 732px\" class=\"wp-caption aligncenter\"><a href=\"https:\/\/www.uv.mx\/prensa\/files\/2016\/06\/Poao-1.jpg\"><img aria-describedby=\"caption-attachment-13010\" decoding=\"async\" loading=\"lazy\" class=\"size-full wp-image-13010\" src=\"https:\/\/www.uv.mx\/prensa\/files\/2016\/06\/Poao-1.jpg\" alt=\"James F. Thrasher, investigador de la Universidad de Carolina del Sur, Estados Unidos\" width=\"722\" height=\"624\" srcset=\"https:\/\/www.uv.mx\/prensa\/files\/2016\/06\/Poao-1.jpg 722w, https:\/\/www.uv.mx\/prensa\/files\/2016\/06\/Poao-1-300x259.jpg 300w\" sizes=\"(max-width: 722px) 100vw, 722px\" \/><\/a><p id=\"caption-attachment-13010\" class=\"wp-caption-text\">James F. Thrasher, investigador de la Universidad de Carolina del Sur, Estados Unidos<\/p><\/div>\n<p>&nbsp;<\/p>\n<p><strong><em>Claudia Peralta V\u00e1zquez<\/em><\/strong><\/p>\n<p>&nbsp;<\/p>\n<p><strong><em>Xalapa, Ver. 30\/06\/2016.-<\/em><\/strong><em>\u00a0<\/em>Con base en las medidas establecidas por la Organizaci\u00f3n Mundial de la Salud (OMS) para reducir el consumo de tabaco, M\u00e9xico no garantiza a sus habitantes el cumplimiento de pol\u00edticas p\u00fablicas tales como la aplicaci\u00f3n de altos impuestos a la industria tabacalera, prohibici\u00f3n de publicidad, creaci\u00f3n de espacios libres de humo de tabaco y advertencias sanitarias, declar\u00f3 James F. Thrasher, investigador de la Universidad de Carolina del Sur, Estados Unidos.<\/p>\n<p>En su visita a la Universidad Veracruzana (UV), invitado por el Instituto de Salud P\u00fablica (ISP) y el Departamento de Adicciones del Instituto de Ciencias de la Salud (ICS), el acad\u00e9mico imparti\u00f3 a trav\u00e9s del sistema de videoconferencia la ponencia \u201cPol\u00edticas p\u00fablicas para reducir el tabaquismo\u201d, dirigida a estudiantes de la Maestr\u00eda en Prevenci\u00f3n Integral del Consumo de Drogas, as\u00ed como a p\u00fablico en general interesado en el tema.<\/p>\n<p>El antrop\u00f3logo, epidemi\u00f3logo y comunic\u00f3logo, con m\u00e1s de 30 publicaciones a nivel internacional, dio un panorama de la situaci\u00f3n que prevalece en el mundo, donde cuatro empresas controlan el 79 por ciento del mercado global del tabaco. Advirti\u00f3 que nuestro pa\u00eds tiene mucha tarea pendiente al respecto.<\/p>\n<p>\u201cEntre los pa\u00edses en v\u00edas de desarrollo, M\u00e9xico se encuentra entre los primeros 10 con mayor n\u00famero de fumadores\u201d, inform\u00f3 el especialista quien adem\u00e1s dio un c\u00e1lculo de 5.1 millones de muertes asociadas al tabaco, que se registrar\u00e1n entre 2015 y 2030.<\/p>\n<p>En el marco de la ponencia, efectuada en el sal\u00f3n de usos m\u00faltiples del ISP, agreg\u00f3 que la carga de mortalidad es mayor en pa\u00edses en v\u00edas de desarrollo.<\/p>\n<p>Subray\u00f3 que est\u00e1 comprobado que cuando hay aumento en el precio del tabaco hay un decremento en el consumo; por lo tanto, esa es la pol\u00edtica p\u00fablica m\u00e1s fuerte en todo el mundo.<\/p>\n<p>La industria tabacalera, dijo, sigue siendo un negocio muy fuerte que busca la generaci\u00f3n de nuevos mercados en los pa\u00edses en v\u00edas de desarrollo.<\/p>\n<p>Opin\u00f3 que en M\u00e9xico se necesita incrementar el precio del cigarro, medida que en Am\u00e9rica Latina \u00fanicamente es aplicada por Chile.<\/p>\n<p>En t\u00e9rminos de advertencia sanitaria, James F. Thrasher coment\u00f3 que de acuerdo con la OMS deben usarse pictogramas en el 50 por ciento de ambas caras de la cajetilla de cigarros, y en nuestro pa\u00eds se utiliza el 30 por ciento.<\/p>\n<p>\u201cEn M\u00e9xico, el pictograma s\u00f3lo ocupa el frente, no tiene im\u00e1genes en la parte posterior.\u201d<\/p>\n<p>Respecto a los espacios libres de humo de tabaco, hay un hueco en la Ley General para el Control del Tabaco, ya que permite el uso de espacios para fumadores con sistema de extracci\u00f3n de aire.<\/p>\n<p>&nbsp;<\/p>\n<div id=\"attachment_13012\" style=\"width: 732px\" class=\"wp-caption aligncenter\"><a href=\"https:\/\/www.uv.mx\/prensa\/files\/2016\/06\/Pco-2.jpg\"><img aria-describedby=\"caption-attachment-13012\" decoding=\"async\" loading=\"lazy\" class=\"size-full wp-image-13012\" src=\"https:\/\/www.uv.mx\/prensa\/files\/2016\/06\/Pco-2.jpg\" alt=\"James F. Thrasher imparti\u00f3 la ponencia \u201cPol\u00edticas p\u00fablicas para recudir el tabaquismo\u201d\" width=\"722\" height=\"481\" srcset=\"https:\/\/www.uv.mx\/prensa\/files\/2016\/06\/Pco-2.jpg 722w, https:\/\/www.uv.mx\/prensa\/files\/2016\/06\/Pco-2-300x200.jpg 300w\" sizes=\"(max-width: 722px) 100vw, 722px\" \/><\/a><p id=\"caption-attachment-13012\" class=\"wp-caption-text\">James F. Thrasher imparti\u00f3 la ponencia \u201cPol\u00edticas p\u00fablicas para recudir el tabaquismo\u201d<\/p><\/div>\n<p>&nbsp;<\/p>\n<p>En materia de publicidad, seg\u00fan la OMS se debe prohibir todo tipo de comunicaci\u00f3n comercial que fomente el consumo del tabaco, y aqu\u00ed se permite la publicidad en revistas para adultos y j\u00f3venes adolescentes, as\u00ed como la exhibici\u00f3n de cajetillas en puntos de venta y el posicionamiento pagado del cigarro en medios de comunicaci\u00f3n, como cine y televisi\u00f3n.<\/p>\n<p>Al respecto, James F. Thrasher comparti\u00f3 que sus principales investigaciones abordan la evidencia de intervenciones comunicativas y pol\u00edticas p\u00fablicas para promover comportamientos saludables.<\/p>\n<p>Relat\u00f3 que en sus estudios ha evaluado el impacto de varias medidas preventivas y de informaci\u00f3n sobre el cigarro, y precis\u00f3 que en 2003 varios pa\u00edses signaron un convenio marco para el control del tabaco, a trav\u00e9s del cual el 80 por ciento de los habitantes del mundo est\u00e1n cubiertos por sus beneficios.<\/p>\n<p>Un a\u00f1o despu\u00e9s, M\u00e9xico fue el primer pa\u00eds de Am\u00e9rica Latina en firmarlo; sin embargo, tambi\u00e9n fue el primero el violarlo y cancelarlo a finales de 2006.<\/p>\n<p>En 2008, los estados de Tabasco y Ciudad de M\u00e9xico implementaron espacios libres de humo de tabaco, y a trav\u00e9s de la Ley General para el Control del Tabaco se restringi\u00f3 la publicidad y se establecieron espacios libres de humo de cigarro.<\/p>\n<p>En septiembre de 2010 se implement\u00f3 la primera ronda de advertencias sanitarias con pictogramas en M\u00e9xico y cada a\u00f1o hay nuevas im\u00e1genes y mensajes. Pero a nivel federal, \u201cdesde 2012 no hemos visto acciones para el control del tabaco, ya que s\u00f3lo se cuenta con el apoyo e iniciativa de algunos estados\u201d.<\/p>\n<p>Incluso, nueve de cada 10 pel\u00edculas que se producen en la Rep\u00fablica Mexicana promueven el tabaco. Asimismo, pese a la prohibici\u00f3n de cigarrillos electr\u00f3nicos (sistema inhalador destinado a simular y sustituir el consumo de tabaco), \u00e9stos pueden encontrarse en Internet.<\/p>\n<p>Las consecuencias son negativas y recaen en el consumo de cigarros en ni\u00f1os, adolescentes y no fumadores, cuando pa\u00edses del Reino Unido piensan en este modelo como una terapia para dejar de fumar.<\/p>\n<p>Por su parte, Paulina Beverido Sustaeta, coordinadora de la Maestr\u00eda en Prevenci\u00f3n Integral del Consumo de Drogas, dio a conocer que cada semestre se invita a un experto nacional o extranjero, con la finalidad de que brinde una videoconferencia.<\/p>\n<p>En la actualidad, un total de 21 alumnos cursan este posgrado en l\u00ednea desde diferentes puntos del pa\u00eds. Destac\u00f3 que ya han egresado estudiantes extranjeros, principalmente centroamericanos de pa\u00edses como: Nicaragua, Guatemala, Panam\u00e1 y Costa Rica, as\u00ed como un joven mexicano radicado en Washington.<\/p>\n<p>Asever\u00f3 que como Coordinadora de la Maestr\u00eda en Prevenci\u00f3n Integral del Consumo de Drogas, se ha abocado en la formaci\u00f3n de recursos humanos; no obstante, como investigadora pertenece al Cuerpo Acad\u00e9mico Drogas y Adicciones, cuyos integrantes han realizado distintas investigaciones enfocadas en la reducci\u00f3n de la demanda de drogas.<\/p>\n<p>De ah\u00ed parten diversas l\u00edneas de investigaci\u00f3n relacionadas con factores psicosociales, VIH, discapacidad, migraci\u00f3n y adicciones, as\u00ed como prevenci\u00f3n y tratamiento del consumo de drogas.<\/p>\n<p>En el evento estuvo Gabriel Riande Ju\u00e1rez, director del Instituto de Salud P\u00fablica, y Enrique Collar G\u00f3mez, titular del programa \u201cEspacios universitarios cien por ciento libres de humo de tabaco\u201d.<\/p>\n","protected":false},"excerpt":{"rendered":"<p>James F. Thrasher imparti\u00f3 la ponencia \u201cPol\u00edticas p\u00fablicas para reducir el tabaquismo\u201d, en el Instituto de Salud P\u00fablica Nuestro pa\u00eds tiene muchas tareas pendientes al respecto; una de ellas, la aplicaci\u00f3n de [&hellip;]<\/p>\n","protected":false},"author":1810,"featured_media":13014,"comment_status":"closed","ping_status":"closed","sticky":false,"template":"","format":"standard","meta":[],"categories":[1],"tags":[3],"_links":{"self":[{"href":"https:\/\/www.uv.mx\/prensa\/wp-json\/wp\/v2\/posts\/13005"}],"collection":[{"href":"https:\/\/www.uv.mx\/prensa\/wp-json\/wp\/v2\/posts"}],"about":[{"href":"https:\/\/www.uv.mx\/prensa\/wp-json\/wp\/v2\/types\/post"}],"author":[{"embeddable":true,"href":"https:\/\/www.uv.mx\/prensa\/wp-json\/wp\/v2\/users\/1810"}],"replies":[{"embeddable":true,"href":"https:\/\/www.uv.mx\/prensa\/wp-json\/wp\/v2\/comments?post=13005"}],"version-history":[{"count":0,"href":"https:\/\/www.uv.mx\/prensa\/wp-json\/wp\/v2\/posts\/13005\/revisions"}],"wp:featuredmedia":[{"embeddable":true,"href":"https:\/\/www.uv.mx\/prensa\/wp-json\/wp\/v2\/media\/13014"}],"wp:attachment":[{"href":"https:\/\/www.uv.mx\/prensa\/wp-json\/wp\/v2\/media?parent=13005"}],"wp:term":[{"taxonomy":"category","embeddable":true,"href":"https:\/\/www.uv.mx\/prensa\/wp-json\/wp\/v2\/categories?post=13005"},{"taxonomy":"post_tag","embeddable":true,"href":"https:\/\/www.uv.mx\/prensa\/wp-json\/wp\/v2\/tags?post=13005"}],"curies":[{"name":"wp","href":"https:\/\/api.w.org\/{rel}","templated":true}]}}