{"id":129752,"date":"2023-04-28T15:11:36","date_gmt":"2023-04-28T20:11:36","guid":{"rendered":"https:\/\/www.uv.mx\/prensa\/?p=129752"},"modified":"2023-04-28T19:12:36","modified_gmt":"2023-04-29T00:12:36","slug":"conocimiento-historico-limitado-como-cualquier-otro-saber-angel-luna","status":"publish","type":"post","link":"https:\/\/www.uv.mx\/prensa\/general\/conocimiento-historico-limitado-como-cualquier-otro-saber-angel-luna\/","title":{"rendered":"Conocimiento hist\u00f3rico, limitado como cualquier otro saber: \u00c1ngel Luna"},"content":{"rendered":"<ul class=\"ul1\">\n<li class=\"li1\"><i>El investigador de la Universidad de Guadalajara imparti\u00f3 una conferencia en la Facultad de Historia de la Universidad Veracruzana<\/i><\/li>\n<li class=\"li1\"><i>Mencion\u00f3 que la antropolog\u00eda le ense\u00f1\u00f3 que los seres humanos son documentos hist\u00f3ricos vivos, y la etnohistoria a crear historias a partir de lo que la gente no comparte<\/i><\/li>\n<\/ul>\n<p>&nbsp;<\/p>\n<div id=\"attachment_129753\" style=\"width: 732px\" class=\"wp-caption aligncenter\"><img aria-describedby=\"caption-attachment-129753\" decoding=\"async\" loading=\"lazy\" class=\"size-full wp-image-129753\" src=\"https:\/\/www.uv.mx\/prensa\/files\/2023\/04\/270423-CARLOS-Investigacion-accion-1-100k.jpg\" alt=\"La conferencia fue presenciada por estudiantes de la Facultad de Historia\" width=\"722\" height=\"482\" srcset=\"https:\/\/www.uv.mx\/prensa\/files\/2023\/04\/270423-CARLOS-Investigacion-accion-1-100k.jpg 722w, https:\/\/www.uv.mx\/prensa\/files\/2023\/04\/270423-CARLOS-Investigacion-accion-1-100k-300x200.jpg 300w\" sizes=\"(max-width: 722px) 100vw, 722px\" \/><p id=\"caption-attachment-129753\" class=\"wp-caption-text\">La conferencia fue presenciada por estudiantes de la Facultad de Historia<\/p><\/div>\n<p>&nbsp;<\/p>\n<p class=\"p1\"><b><i>Carlos Hugo Hermida Rosales<\/i><\/b><\/p>\n<p class=\"p1\"><b><i>Fotos: C\u00e9sar Pisil Ramos<\/i><\/b><\/p>\n<p class=\"p1\"><b><i>28\/04\/2023, Xalapa, Ver.-<\/i><\/b> \u201cEl conocimiento hist\u00f3rico es limitado como cualquier otro saber, y ante ello la etnohistoria y la antropolog\u00eda son excelentes disciplinas auxiliares porque revelan cosas cuando no existen datos o fuentes tradicionales de recopilaci\u00f3n\u201d, mencion\u00f3 \u00c1ngel Christian Luna Alfaro, del Centro Universitario de los Lagos de la Universidad de Guadalajara.<\/p>\n<p class=\"p3\">El investigador imparti\u00f3 en la Unidad de Humanidades de la Universidad Veracruzana (UV), la conferencia \u201cLa investigaci\u00f3n acci\u00f3n en las ciencias sociales o las responsabilidades de los varones ante la violencia sexual\u201d, que fue organizada por la Facultad de Historia.<\/p>\n<p class=\"p3\">Al destacar la importancia de la antropolog\u00eda y la etnohistoria, \u00c1ngel Luna comparti\u00f3 que la primera le ense\u00f1\u00f3 el valor de los seres humanos como documentos hist\u00f3ricos vivos que pueden transmitir saberes orales, y de la segunda aprendi\u00f3 a crear historias a partir de lo que la gente no muestra.<\/p>\n<p class=\"p3\">Posteriormente habl\u00f3 sobre la forma de indagaci\u00f3n introspectiva conocida como \u201cinvestigaci\u00f3n-acci\u00f3n\u201d, que utiliza una colecci\u00f3n de datos de tipo cuantitativo y cualitativo, aunque difiere de \u00e9stos al centrarse en la soluci\u00f3n de problemas espec\u00edficos; puede clasificarse en pr\u00e1ctica y participativa.<\/p>\n<div id=\"attachment_129754\" style=\"width: 732px\" class=\"wp-caption aligncenter\"><img aria-describedby=\"caption-attachment-129754\" decoding=\"async\" loading=\"lazy\" class=\"size-full wp-image-129754\" src=\"https:\/\/www.uv.mx\/prensa\/files\/2023\/04\/270423-CARLOS-Investigacion-accion-2-100k.jpg\" alt=\"\u00c1ngel Christian Luna Alfaro, acad\u00e9mico de la Universidad de Guadalajara\" width=\"722\" height=\"482\" srcset=\"https:\/\/www.uv.mx\/prensa\/files\/2023\/04\/270423-CARLOS-Investigacion-accion-2-100k.jpg 722w, https:\/\/www.uv.mx\/prensa\/files\/2023\/04\/270423-CARLOS-Investigacion-accion-2-100k-300x200.jpg 300w\" sizes=\"(max-width: 722px) 100vw, 722px\" \/><p id=\"caption-attachment-129754\" class=\"wp-caption-text\">\u00c1ngel Christian Luna Alfaro, acad\u00e9mico de la Universidad de Guadalajara<\/p><\/div>\n<p>&nbsp;<\/p>\n<p class=\"p3\">Su proceso est\u00e1 estructurado por ciclos y se caracteriza por su flexibilidad, puesto que es v\u00e1lido e incluso necesario realizar ajustes conforme se avanza en el estudio, hasta que se alcanza el cambio o la soluci\u00f3n al problema.<\/p>\n<p class=\"p3\">Como parte del mismo, se detecta y diagnostica el problema de investigaci\u00f3n, se elabora un plan para solucionarlo, se implementa y eval\u00faan resultados y, finalmente, ocurre la retroalimentaci\u00f3n que conduce a un nuevo diagn\u00f3stico y a una espiral de reflexi\u00f3n y acci\u00f3n.<\/p>\n","protected":false},"excerpt":{"rendered":"<p>Ante ello, la etnohistoria y la antropolog\u00eda son excelentes disciplinas auxiliares para recabar informaci\u00f3n<\/p>\n","protected":false},"author":1775,"featured_media":129792,"comment_status":"closed","ping_status":"closed","sticky":false,"template":"","format":"standard","meta":[],"categories":[47,1,61],"tags":[5107,74,4161,11322,6263,591,8380,247,80,749,3267,4827,786,11323],"_links":{"self":[{"href":"https:\/\/www.uv.mx\/prensa\/wp-json\/wp\/v2\/posts\/129752"}],"collection":[{"href":"https:\/\/www.uv.mx\/prensa\/wp-json\/wp\/v2\/posts"}],"about":[{"href":"https:\/\/www.uv.mx\/prensa\/wp-json\/wp\/v2\/types\/post"}],"author":[{"embeddable":true,"href":"https:\/\/www.uv.mx\/prensa\/wp-json\/wp\/v2\/users\/1775"}],"replies":[{"embeddable":true,"href":"https:\/\/www.uv.mx\/prensa\/wp-json\/wp\/v2\/comments?post=129752"}],"version-history":[{"count":1,"href":"https:\/\/www.uv.mx\/prensa\/wp-json\/wp\/v2\/posts\/129752\/revisions"}],"predecessor-version":[{"id":129794,"href":"https:\/\/www.uv.mx\/prensa\/wp-json\/wp\/v2\/posts\/129752\/revisions\/129794"}],"wp:featuredmedia":[{"embeddable":true,"href":"https:\/\/www.uv.mx\/prensa\/wp-json\/wp\/v2\/media\/129792"}],"wp:attachment":[{"href":"https:\/\/www.uv.mx\/prensa\/wp-json\/wp\/v2\/media?parent=129752"}],"wp:term":[{"taxonomy":"category","embeddable":true,"href":"https:\/\/www.uv.mx\/prensa\/wp-json\/wp\/v2\/categories?post=129752"},{"taxonomy":"post_tag","embeddable":true,"href":"https:\/\/www.uv.mx\/prensa\/wp-json\/wp\/v2\/tags?post=129752"}],"curies":[{"name":"wp","href":"https:\/\/api.w.org\/{rel}","templated":true}]}}