{"id":129483,"date":"2023-04-20T19:42:07","date_gmt":"2023-04-21T00:42:07","guid":{"rendered":"https:\/\/www.uv.mx\/prensa\/?p=129483"},"modified":"2023-04-20T19:42:07","modified_gmt":"2023-04-21T00:42:07","slug":"detras-de-cada-consumidor-de-droga-hay-un-dolor-emocional","status":"publish","type":"post","link":"https:\/\/www.uv.mx\/prensa\/general\/detras-de-cada-consumidor-de-droga-hay-un-dolor-emocional\/","title":{"rendered":"Detr\u00e1s de cada consumidor de droga hay un dolor emocional"},"content":{"rendered":"<ul class=\"ul1\">\n<li class=\"li1\"><span class=\"s2\"><i>En la frontera norte se consume hero\u00edna combinada con estimulantes para un efecto m\u00e1s potente<\/i><\/span><\/li>\n<li class=\"li1\"><span class=\"s2\"><i>Instituto de Investigaciones Psicol\u00f3gicas realiza XV Coloquio \u201cPsicolog\u00eda, derechos humanos y salud\u201d<\/i><\/span><\/li>\n<\/ul>\n<p>&nbsp;<\/p>\n<div id=\"attachment_129463\" style=\"width: 732px\" class=\"wp-caption aligncenter\"><img aria-describedby=\"caption-attachment-129463\" decoding=\"async\" loading=\"lazy\" class=\"size-full wp-image-129463\" src=\"https:\/\/www.uv.mx\/prensa\/files\/2023\/04\/20042023-Couttolenc-Coloqio-Doctorado-Psicologia-1.jpg\" alt=\"Roberto Zenteno Cuevas, director general de Investigaciones, inaugur\u00f3 el XV Coloquio del Doctorado en Psicolog\u00eda\" width=\"722\" height=\"481\" srcset=\"https:\/\/www.uv.mx\/prensa\/files\/2023\/04\/20042023-Couttolenc-Coloqio-Doctorado-Psicologia-1.jpg 722w, https:\/\/www.uv.mx\/prensa\/files\/2023\/04\/20042023-Couttolenc-Coloqio-Doctorado-Psicologia-1-300x200.jpg 300w\" sizes=\"(max-width: 722px) 100vw, 722px\" \/><p id=\"caption-attachment-129463\" class=\"wp-caption-text\">Roberto Zenteno Cuevas, director general de Investigaciones, inaugur\u00f3 el XV Coloquio del Doctorado en Psicolog\u00eda<\/p><\/div>\n<p>&nbsp;<\/p>\n<p class=\"p1\"><b><i>Jos\u00e9 Luis Couttolenc Soto<\/i><\/b><\/p>\n<p class=\"p1\"><b><i>Fotos: Luis Fernando Fern\u00e1ndez<\/i><\/b><\/p>\n<p class=\"p1\"><b><i>20\/04\/2023, Xalapa, Ver.- <\/i><\/b>El Instituto de Investigaciones Psicol\u00f3gicas (IIP) de la Universidad Veracruzana (UV), a trav\u00e9s del Doctorado en Psicolog\u00eda, realiza el XV Coloquio \u201cPsicolog\u00eda, derechos humanos y salud\u201d, en el que estudiantes del posgrado presentar\u00e1n resultados de sus investigaciones y expertos ofrecer\u00e1n conferencias magistrales relacionadas con la tem\u00e1tica.<\/p>\n<p class=\"p1\">El evento acad\u00e9mico, que se realiza los d\u00edas 20 y 21 de abril en el auditorio de la Direcci\u00f3n General de Investigaciones (DGI), fue inaugurado este jueves por Roberto Zenteno Cuevas, titular de la entidad universitaria, quien destac\u00f3 que la psicolog\u00eda y los profesionales de esta disciplina pueden marcar la diferencia para avanzar en el camino hacia el respeto de la dignidad de las personas y las poblaciones.<\/p>\n<p class=\"p1\"><b>Fentanilo, con alto grado de letalidad<br \/>\n<\/b>Clara Fleiz Bautista, investigadora del Instituto Nacional de Psiquiatr\u00eda \u201cRam\u00f3n de la Fuente Mu\u00f1iz\u201d, v\u00eda remota ofreci\u00f3 la primera conferencia magistral \u201cDrogas emergentes en la frontera norte y su impacto en la salud de las comunidades m\u00e1s vulnerables\u201d.<\/p>\n<p class=\"p1\">El trabajo es resultado de una investigaci\u00f3n realizada en poblaciones fronterizas entre M\u00e9xico y los Estados Unidos, en donde la especialista observ\u00f3 que es una zona con alta movilidad migrante que provoca desigualdades, violencia, venta y un alto consumo de drogas en lugares conocidos como \u201cpicaderos\u201d.<\/p>\n<p class=\"p1\">Para el estudio realiz\u00f3 entrevistas que mostraron que detr\u00e1s de cada consumidor de drogas existe una historia de vida, en ocasiones dram\u00e1tica, y un dolor emocional que los condujo a sumirse en el mundo de la droga sin reflexionar en el da\u00f1o a su salud.<\/p>\n<div id=\"attachment_129464\" style=\"width: 732px\" class=\"wp-caption aligncenter\"><img aria-describedby=\"caption-attachment-129464\" decoding=\"async\" loading=\"lazy\" class=\"size-full wp-image-129464\" src=\"https:\/\/www.uv.mx\/prensa\/files\/2023\/04\/20042023-Couttolenc-Coloqio-Doctorado-Psicologia-2.jpg\" alt=\"Clara Fleiz Bautista explic\u00f3 que el fentanilo es un opioide sint\u00e9tico capaz de controlar el dolor agudo, pero potencialmente adictivo con alto grado de letalidad\" width=\"722\" height=\"399\" srcset=\"https:\/\/www.uv.mx\/prensa\/files\/2023\/04\/20042023-Couttolenc-Coloqio-Doctorado-Psicologia-2.jpg 722w, https:\/\/www.uv.mx\/prensa\/files\/2023\/04\/20042023-Couttolenc-Coloqio-Doctorado-Psicologia-2-300x166.jpg 300w\" sizes=\"(max-width: 722px) 100vw, 722px\" \/><p id=\"caption-attachment-129464\" class=\"wp-caption-text\">Clara Fleiz Bautista explic\u00f3 que el fentanilo es un opioide sint\u00e9tico capaz de controlar el dolor agudo, pero potencialmente adictivo con alto grado de letalidad<\/p><\/div>\n<p>&nbsp;<\/p>\n<p class=\"p1\">De la investigaci\u00f3n se desprende que un alto porcentaje de las personas se inyecta hero\u00edna y muchas de ellas lo hacen a diario \u2013con un promedio de cinco veces\u2013, mientras que en ciudades como Tijuana y San Luis R\u00edo Colorado la combinan con otros estimulantes como el cristal con el prop\u00f3sito de obtener efectos m\u00e1s potentes.<\/p>\n<p class=\"p3\"><span class=\"s1\"> Fleiz Bautista mencion\u00f3 que la poblaci\u00f3n de la frontera norte refiri\u00f3 tambi\u00e9n el consumo de fentanilo, opioide sint\u00e9tico capaz de controlar el dolor agudo, pero potencialmente adictivo con alto grado de letalidad.<\/span><\/p>\n<p class=\"p4\">El fentanilo, dijo la investigadora, constantemente es utilizado para alterar drogas como la hero\u00edna y en la actualidad ha aumentado su consumo propiciando un mercado en torno a \u00e9l.<\/p>\n<p class=\"p3\"><span class=\"s1\"> La investigadora del Instituto Nacional de Psiquiatr\u00eda pudo observar que los consumidores de droga representan un sector que sufre discriminaci\u00f3n y rechazo social, y que su acceso a centros de rehabilitaci\u00f3n, medicamentos y ant\u00eddotos, como naloxona, <\/span>es reducido<span class=\"s1\"><i>.<\/i><\/span><\/p>\n<p class=\"p1\">En su opini\u00f3n, se requiere de profesionales de la salud especialistas en atender padecimientos causados por el consumo de drogas, as\u00ed como reforzar estrategias para reducir los da\u00f1os.<\/p>\n<div id=\"attachment_129465\" style=\"width: 732px\" class=\"wp-caption aligncenter\"><img aria-describedby=\"caption-attachment-129465\" decoding=\"async\" loading=\"lazy\" class=\"size-full wp-image-129465\" src=\"https:\/\/www.uv.mx\/prensa\/files\/2023\/04\/20042023-Couttolenc-Coloqio-Doctorado-Psicologia-3.jpg\" alt=\"Alumnos del Doctorado en Psicolog\u00eda, en el XV Coloquio \u201cPsicolog\u00eda, derechos humanos y salud\u201d\" width=\"722\" height=\"481\" srcset=\"https:\/\/www.uv.mx\/prensa\/files\/2023\/04\/20042023-Couttolenc-Coloqio-Doctorado-Psicologia-3.jpg 722w, https:\/\/www.uv.mx\/prensa\/files\/2023\/04\/20042023-Couttolenc-Coloqio-Doctorado-Psicologia-3-300x200.jpg 300w\" sizes=\"(max-width: 722px) 100vw, 722px\" \/><p id=\"caption-attachment-129465\" class=\"wp-caption-text\">Alumnos del Doctorado en Psicolog\u00eda, en el XV Coloquio \u201cPsicolog\u00eda, derechos humanos y salud\u201d<\/p><\/div>\n<p class=\"p5\">\n<p class=\"p5\"><span class=\"s2\">El coloquio contempla dos talleres: <\/span>\u201cInvestigaci\u00f3n situada y justicia epist\u00e9mica\u201d, a cargo de Mar\u00eda Jos\u00e9 Garc\u00eda Oramas, e \u201cIntervenci\u00f3n cognitivo conductual para cuidadores informales de personas dependientes\u201d, por Francisco Javier Rosas Santiago, ambos investigadores de la UV.<\/p>\n<p class=\"p5\">Tambi\u00e9n habr\u00e1 una exposici\u00f3n de carteles con temas relacionados con los trabajos de investigaci\u00f3n.<\/p>\n<p class=\"p5\">Estuvieron presentes: Jorge Luis Arellanez Hern\u00e1ndez, director del Instituto de Investigaciones Psicol\u00f3gicas y Erika Ortega Herrera,<\/p>\n","protected":false},"excerpt":{"rendered":"<p>Sustancias como la coca\u00edna y los opioides, entre otras, se usan como analg\u00e9sicos pero son altamente adictivos<\/p>\n","protected":false},"author":1775,"featured_media":129484,"comment_status":"closed","ping_status":"closed","sticky":false,"template":"","format":"standard","meta":[],"categories":[45,6301,47,1,61],"tags":[2496,11158,1047,738,3076,3145,5235,442,11162,559,11161,949,948,11159,445,4162,6592,83,11160,1445,694],"_links":{"self":[{"href":"https:\/\/www.uv.mx\/prensa\/wp-json\/wp\/v2\/posts\/129483"}],"collection":[{"href":"https:\/\/www.uv.mx\/prensa\/wp-json\/wp\/v2\/posts"}],"about":[{"href":"https:\/\/www.uv.mx\/prensa\/wp-json\/wp\/v2\/types\/post"}],"author":[{"embeddable":true,"href":"https:\/\/www.uv.mx\/prensa\/wp-json\/wp\/v2\/users\/1775"}],"replies":[{"embeddable":true,"href":"https:\/\/www.uv.mx\/prensa\/wp-json\/wp\/v2\/comments?post=129483"}],"version-history":[{"count":1,"href":"https:\/\/www.uv.mx\/prensa\/wp-json\/wp\/v2\/posts\/129483\/revisions"}],"predecessor-version":[{"id":129485,"href":"https:\/\/www.uv.mx\/prensa\/wp-json\/wp\/v2\/posts\/129483\/revisions\/129485"}],"wp:featuredmedia":[{"embeddable":true,"href":"https:\/\/www.uv.mx\/prensa\/wp-json\/wp\/v2\/media\/129484"}],"wp:attachment":[{"href":"https:\/\/www.uv.mx\/prensa\/wp-json\/wp\/v2\/media?parent=129483"}],"wp:term":[{"taxonomy":"category","embeddable":true,"href":"https:\/\/www.uv.mx\/prensa\/wp-json\/wp\/v2\/categories?post=129483"},{"taxonomy":"post_tag","embeddable":true,"href":"https:\/\/www.uv.mx\/prensa\/wp-json\/wp\/v2\/tags?post=129483"}],"curies":[{"name":"wp","href":"https:\/\/api.w.org\/{rel}","templated":true}]}}