{"id":129407,"date":"2023-04-19T18:28:34","date_gmt":"2023-04-19T23:28:34","guid":{"rendered":"https:\/\/www.uv.mx\/prensa\/?p=129407"},"modified":"2023-04-21T20:31:03","modified_gmt":"2023-04-22T01:31:03","slug":"uv-eje-del-conocimiento-en-el-estado-de-veracruz-martin-aguilar","status":"publish","type":"post","link":"https:\/\/www.uv.mx\/prensa\/general\/uv-eje-del-conocimiento-en-el-estado-de-veracruz-martin-aguilar\/","title":{"rendered":"UV, eje del conocimiento en el estado de Veracruz: Mart\u00edn Aguilar\u00a0"},"content":{"rendered":"<ul>\n<li data-leveltext=\"\uf0b7\" data-font=\"Symbol\" data-listid=\"6\" data-list-defn-props=\"{&quot;335552541&quot;:1,&quot;335559684&quot;:-2,&quot;335559685&quot;:720,&quot;335559991&quot;:360,&quot;469769226&quot;:&quot;Symbol&quot;,&quot;469769242&quot;:[8226],&quot;469777803&quot;:&quot;left&quot;,&quot;469777804&quot;:&quot;\uf0b7&quot;,&quot;469777815&quot;:&quot;hybridMultilevel&quot;}\" data-aria-posinset=\"1\" data-aria-level=\"1\"><i><span data-contrast=\"auto\">En reuni\u00f3n de trabajo en la regi\u00f3n Orizaba-C\u00f3rdoba, el Rector declar\u00f3 que docentes, trabajadores y alumnos conforman la parte principal de esta casa de estudios<\/span><\/i><span data-ccp-props=\"{}\">\u00a0<\/span><\/li>\n<li data-leveltext=\"\uf0b7\" data-font=\"Symbol\" data-listid=\"6\" data-list-defn-props=\"{&quot;335552541&quot;:1,&quot;335559684&quot;:-2,&quot;335559685&quot;:720,&quot;335559991&quot;:360,&quot;469769226&quot;:&quot;Symbol&quot;,&quot;469769242&quot;:[8226],&quot;469777803&quot;:&quot;left&quot;,&quot;469777804&quot;:&quot;\uf0b7&quot;,&quot;469777815&quot;:&quot;hybridMultilevel&quot;}\" data-aria-posinset=\"2\" data-aria-level=\"1\"><i><span data-contrast=\"auto\">\u201cLos recorridos en regiones universitarias sirven para visibilizar la labor de las entidades acad\u00e9micas que all\u00ed se encuentran, y conocer sus aportes y necesidades\u201d, mencion\u00f3<\/span><\/i><span data-ccp-props=\"{}\">\u00a0<\/span><\/li>\n<\/ul>\n<p><span data-ccp-props=\"{}\">\u00a0<\/span><\/p>\n<div id=\"attachment_129408\" style=\"width: 732px\" class=\"wp-caption aligncenter\"><img loading=\"lazy\" decoding=\"async\" aria-describedby=\"caption-attachment-129408\" class=\"size-full wp-image-129408\" src=\"https:\/\/www.uv.mx\/prensa\/files\/2023\/04\/190423-CARLOS-Gira-Orizaba-1.jpg\" alt=\"\" width=\"722\" height=\"481\" srcset=\"https:\/\/www.uv.mx\/prensa\/files\/2023\/04\/190423-CARLOS-Gira-Orizaba-1.jpg 722w, https:\/\/www.uv.mx\/prensa\/files\/2023\/04\/190423-CARLOS-Gira-Orizaba-1-300x200.jpg 300w\" sizes=\"auto, (max-width: 722px) 100vw, 722px\" \/><p id=\"caption-attachment-129408\" class=\"wp-caption-text\">La comunidad universitaria regional retroaliment\u00f3 puntos de vista con el Rector<\/p><\/div>\n<p><span data-ccp-props=\"{}\">\u00a0<\/span><\/p>\n<p><b><i><span data-contrast=\"auto\">Carlos Hugo Hermida Rosales<\/span><\/i><\/b><span data-ccp-props=\"{}\">\u00a0<\/span><\/p>\n<p><b><i><span data-contrast=\"auto\">Fotos: C\u00e9sar Pisil Ramos<\/span><\/i><\/b><span data-ccp-props=\"{}\">\u00a0<\/span><\/p>\n<p><b><i><span data-contrast=\"auto\">19\/04\/2023, Ixtaczoquitl\u00e1n, Ver.- <\/span><\/i><\/b><span data-contrast=\"auto\">\u201cLa comunidad de la Universidad Veracruzana (UV) podr\u00e1 tener muchos desaf\u00edos ante los graves problemas nacionales e internacionales, pero cuenta con una excelente capacidad de respuesta para afrontarlos\u201d, declar\u00f3 el rector Mart\u00edn Aguilar S\u00e1nchez, durante la reuni\u00f3n de trabajo que sostuvo con directivos, administradores, docentes e investigadores de la regi\u00f3n Orizaba-C\u00f3rdoba de esta casa de estudios.<\/span><span data-ccp-props=\"{}\">\u00a0<\/span><\/p>\n<p><span data-contrast=\"auto\">\u201cSon los seres humanos quienes mueven a la UV ya que acad\u00e9micos, trabajadores y alumnos conforman su parte principal\u201d, a\u00f1adi\u00f3.<\/span><span data-ccp-props=\"{&quot;335559731&quot;:708}\">\u00a0<\/span><\/p>\n<p><span data-contrast=\"auto\">Aguilar S\u00e1nchez mencion\u00f3 que el Programa de Trabajo 2021-2025 de su administraci\u00f3n ayuda en la orientaci\u00f3n del rumbo de la UV, y afirm\u00f3 que los recorridos en las regiones universitarias sirven para visibilizar la labor de las entidades acad\u00e9micas que all\u00ed se encuentran, y mostrar sus aportes y necesidades.<\/span><\/p>\n<p>&nbsp;<\/p>\n<div id=\"attachment_129409\" style=\"width: 732px\" class=\"wp-caption aligncenter\"><img loading=\"lazy\" decoding=\"async\" aria-describedby=\"caption-attachment-129409\" class=\"size-full wp-image-129409\" src=\"https:\/\/www.uv.mx\/prensa\/files\/2023\/04\/190423-CARLOS-Gira-Orizaba-2.jpg\" alt=\"\" width=\"722\" height=\"481\" srcset=\"https:\/\/www.uv.mx\/prensa\/files\/2023\/04\/190423-CARLOS-Gira-Orizaba-2.jpg 722w, https:\/\/www.uv.mx\/prensa\/files\/2023\/04\/190423-CARLOS-Gira-Orizaba-2-300x200.jpg 300w\" sizes=\"auto, (max-width: 722px) 100vw, 722px\" \/><p id=\"caption-attachment-129409\" class=\"wp-caption-text\">Mart\u00edn Aguilar resalt\u00f3 la importancia del trabajo colectivo para la soluci\u00f3n de problemas<\/p><\/div>\n<p><span data-ccp-props=\"{&quot;335559731&quot;:708}\">\u00a0<\/span><\/p>\n<p><span data-contrast=\"auto\">Expres\u00f3 su gusto por visitar la regi\u00f3n Orizaba-C\u00f3rdoba, ello brinda la oportunidad de analizar c\u00f3mo avanzar en la soluci\u00f3n de problem\u00e1ticas de forma colectiva.<\/span><span data-ccp-props=\"{&quot;335559731&quot;:708}\">\u00a0<\/span><\/p>\n<p><span data-contrast=\"auto\">Por su parte, el vicerrector Mario Roberto Bernab\u00e9 Guapillo Vargas comparti\u00f3 que la reuni\u00f3n sirvi\u00f3 para conocer progresos en materia acad\u00e9mica, fortalezas y retos por asumir de las entidades y dependencias adscritas.<\/span><span data-ccp-props=\"{&quot;335559731&quot;:708}\">\u00a0<\/span><\/p>\n<p><span data-contrast=\"auto\">\u201cEn la Vicerrector\u00eda avanzamos con mucho trabajo y pasos firmes en busca de resultados, con la finalidad de armonizar esfuerzos para mejorar la atenci\u00f3n a los estudiantes, quienes son la raz\u00f3n de ser de la UV\u201d, manifest\u00f3.<\/span><span data-ccp-props=\"{&quot;335559731&quot;:708}\">\u00a0<\/span><\/p>\n<p>&nbsp;<\/p>\n<div id=\"attachment_129410\" style=\"width: 732px\" class=\"wp-caption aligncenter\"><img loading=\"lazy\" decoding=\"async\" aria-describedby=\"caption-attachment-129410\" class=\"size-full wp-image-129410\" src=\"https:\/\/www.uv.mx\/prensa\/files\/2023\/04\/190423-CARLOS-Gira-Orizaba-3.jpg\" alt=\"\" width=\"722\" height=\"481\" srcset=\"https:\/\/www.uv.mx\/prensa\/files\/2023\/04\/190423-CARLOS-Gira-Orizaba-3.jpg 722w, https:\/\/www.uv.mx\/prensa\/files\/2023\/04\/190423-CARLOS-Gira-Orizaba-3-300x200.jpg 300w\" sizes=\"auto, (max-width: 722px) 100vw, 722px\" \/><p id=\"caption-attachment-129410\" class=\"wp-caption-text\">El Vicerrector afirm\u00f3 que en la regi\u00f3n avanzan con mucho trabajo en busca de resultados<\/p><\/div>\n<p>&nbsp;<\/p>\n<p><span data-contrast=\"auto\">Al brindar un panorama general, Patricia Espinosa Garc\u00eda, secretaria Acad\u00e9mica regional, comparti\u00f3 que la regi\u00f3n universitaria cuenta con ocho facultades, dos Centros de Idiomas y el Sistema de Ense\u00f1anza Abierta (SEA), entre otros, en los que se forman m\u00e1s de nueve mil 200 alumnos.<\/span><span data-ccp-props=\"{&quot;335559731&quot;:708}\">\u00a0<\/span><\/p>\n<p><span data-contrast=\"auto\">Durante el periodo 2022-2023 las 14 entidades y dependencias de la regi\u00f3n han impartido y programado 16 cursos de educaci\u00f3n continua.<\/span><span data-ccp-props=\"{&quot;335559731&quot;:708}\">\u00a0<\/span><\/p>\n<p><span data-contrast=\"auto\">Destac\u00f3 que se ha atendido el 100% de las denuncias de acoso, y brindado un gran impulso a los planes educativos de baja demanda con el objetivo de fortalecerlos.<\/span><\/p>\n<p>&nbsp;<\/p>\n<div id=\"attachment_129411\" style=\"width: 732px\" class=\"wp-caption aligncenter\"><img loading=\"lazy\" decoding=\"async\" aria-describedby=\"caption-attachment-129411\" class=\"size-full wp-image-129411\" src=\"https:\/\/www.uv.mx\/prensa\/files\/2023\/04\/190423-CARLOS-Gira-Orizaba-4.jpg\" alt=\"\" width=\"722\" height=\"481\" srcset=\"https:\/\/www.uv.mx\/prensa\/files\/2023\/04\/190423-CARLOS-Gira-Orizaba-4.jpg 722w, https:\/\/www.uv.mx\/prensa\/files\/2023\/04\/190423-CARLOS-Gira-Orizaba-4-300x200.jpg 300w\" sizes=\"auto, (max-width: 722px) 100vw, 722px\" \/><p id=\"caption-attachment-129411\" class=\"wp-caption-text\">Los titulares de las facultades regionales expusieron sus logros y necesidades<\/p><\/div>\n<p><span data-ccp-props=\"{&quot;335559731&quot;:708}\">\u00a0<\/span><\/p>\n<p><span data-contrast=\"auto\">En su intervenci\u00f3n, Diego Ch\u00e1vez Gonz\u00e1lez, secretario regional de Administraci\u00f3n y Finanzas, mencion\u00f3 que con la propuesta de distribuci\u00f3n del pre-techo financiero 2023 del subsidio estatal ordinario, se logr\u00f3 apoyar al 100% de las entidades con un incremento a sus gastos de operaci\u00f3n.<\/span><span data-ccp-props=\"{&quot;335559731&quot;:708}\">\u00a0<\/span><\/p>\n<p><span data-contrast=\"auto\">La regi\u00f3n se benefici\u00f3 con un aumento de 624 mil 984 pesos para el rubro de vigilancia, y a la Coordinaci\u00f3n del SEA se le duplic\u00f3 su presupuesto operativo.<\/span><span data-ccp-props=\"{&quot;335559731&quot;:708}\">\u00a0<\/span><\/p>\n<p><span data-contrast=\"auto\">Entre otras acciones, se instalaron climas en la Facultad de Enfermer\u00eda, y en la de Ciencias Qu\u00edmicas se edificaron laboratorios de ingenier\u00eda ambiental y de alimentos.<\/span><span data-ccp-props=\"{&quot;335559731&quot;:708}\">\u00a0<\/span><\/p>\n<p>&nbsp;<\/p>\n<div id=\"attachment_129412\" style=\"width: 732px\" class=\"wp-caption aligncenter\"><img loading=\"lazy\" decoding=\"async\" aria-describedby=\"caption-attachment-129412\" class=\"size-full wp-image-129412\" src=\"https:\/\/www.uv.mx\/prensa\/files\/2023\/04\/190423-CARLOS-Gira-Orizaba-5.jpg\" alt=\"\" width=\"722\" height=\"481\" srcset=\"https:\/\/www.uv.mx\/prensa\/files\/2023\/04\/190423-CARLOS-Gira-Orizaba-5.jpg 722w, https:\/\/www.uv.mx\/prensa\/files\/2023\/04\/190423-CARLOS-Gira-Orizaba-5-300x200.jpg 300w\" sizes=\"auto, (max-width: 722px) 100vw, 722px\" \/><p id=\"caption-attachment-129412\" class=\"wp-caption-text\">La reuni\u00f3n congreg\u00f3 a directivos de todas las entidades y dependencias de la regi\u00f3n<\/p><\/div>\n<p>&nbsp;<\/p>\n<p><span data-contrast=\"auto\">Tambi\u00e9n se construy\u00f3 un muro de contenci\u00f3n en la sede Grandes Monta\u00f1as de la Universidad Veracruzana Intercultural, ubicada en el municipio de Tequila, y se brind\u00f3 mantenimiento al Centro de C\u00f3mputo de la Facultad de Odontolog\u00eda.<\/span><span data-ccp-props=\"{&quot;335559731&quot;:708}\">\u00a0<\/span><\/p>\n<p><span data-contrast=\"auto\">A su vez, Concepci\u00f3n Guillerm\u00edn V\u00e1zquez, coordinadora regional para la Igualdad de G\u00e9nero, coment\u00f3 que se ha capacitado en el tema a docentes y alumnos de las ocho facultades y los dos Centros de Idiomas, a fin de alcanzar la meta de una educaci\u00f3n libre de violencia.<\/span><\/p>\n<p>&nbsp;<\/p>\n<div id=\"attachment_129413\" style=\"width: 491px\" class=\"wp-caption aligncenter\"><img loading=\"lazy\" decoding=\"async\" aria-describedby=\"caption-attachment-129413\" class=\"size-full wp-image-129413\" src=\"https:\/\/www.uv.mx\/prensa\/files\/2023\/04\/190423-CARLOS-Gira-Orizaba-6.jpg\" alt=\"\" width=\"481\" height=\"481\" srcset=\"https:\/\/www.uv.mx\/prensa\/files\/2023\/04\/190423-CARLOS-Gira-Orizaba-6.jpg 481w, https:\/\/www.uv.mx\/prensa\/files\/2023\/04\/190423-CARLOS-Gira-Orizaba-6-300x300.jpg 300w, https:\/\/www.uv.mx\/prensa\/files\/2023\/04\/190423-CARLOS-Gira-Orizaba-6-150x150.jpg 150w, https:\/\/www.uv.mx\/prensa\/files\/2023\/04\/190423-CARLOS-Gira-Orizaba-6-120x120.jpg 120w, https:\/\/www.uv.mx\/prensa\/files\/2023\/04\/190423-CARLOS-Gira-Orizaba-6-360x360.jpg 360w\" sizes=\"auto, (max-width: 481px) 100vw, 481px\" \/><p id=\"caption-attachment-129413\" class=\"wp-caption-text\">Acompa\u00f1ado de autoridades regionales, el Rector supervis\u00f3 las obras en las Facultades de Ingenier\u00eda y Ciencias Qu\u00edmica<\/p><\/div>\n<p><span data-ccp-props=\"{&quot;335559731&quot;:708}\">\u00a0<\/span><\/p>\n<p><span data-contrast=\"auto\">Igualmente, se elaboraron materiales audiovisuales para difundir los procedimientos a trav\u00e9s de los cuales se atienden los casos de discriminaci\u00f3n por sexo y g\u00e9nero.<\/span><span data-ccp-props=\"{&quot;335559731&quot;:708}\">\u00a0<\/span><\/p>\n<p><span data-contrast=\"auto\">Al finalizar, el Rector enunci\u00f3 que le entusiasma el esfuerzo y trabajo realizado por cada entidad de la regi\u00f3n, y puntualiz\u00f3 que la reuni\u00f3n le permiti\u00f3 contrastar opiniones y visualizar puntos de encuentro.<\/span><span data-ccp-props=\"{&quot;335559731&quot;:708}\">\u00a0<\/span><\/p>\n<p><span data-contrast=\"auto\">Anim\u00f3 a la comunidad universitaria regional a continuar con su gran labor, ya que ello abona a que la UV contin\u00fae como el eje del conocimiento en el estado de Veracruz.<\/span><span data-ccp-props=\"{&quot;335559731&quot;:708}\">\u00a0<\/span><\/p>\n<p>&nbsp;<\/p>\n<div id=\"attachment_129414\" style=\"width: 732px\" class=\"wp-caption aligncenter\"><img loading=\"lazy\" decoding=\"async\" aria-describedby=\"caption-attachment-129414\" class=\"size-full wp-image-129414\" src=\"https:\/\/www.uv.mx\/prensa\/files\/2023\/04\/190423-CARLOS-Gira-Orizaba-7.jpg\" alt=\"\" width=\"722\" height=\"482\" srcset=\"https:\/\/www.uv.mx\/prensa\/files\/2023\/04\/190423-CARLOS-Gira-Orizaba-7.jpg 722w, https:\/\/www.uv.mx\/prensa\/files\/2023\/04\/190423-CARLOS-Gira-Orizaba-7-300x200.jpg 300w\" sizes=\"auto, (max-width: 722px) 100vw, 722px\" \/><p id=\"caption-attachment-129414\" class=\"wp-caption-text\">Mart\u00edn Aguilar salud\u00f3 a estudiantes de distintas entidades<\/p><\/div>\n","protected":false},"excerpt":{"rendered":"<p>El Rector de la Universidad Veracruzana mantuvo una reuni\u00f3n con directivos, docentes y trabajadores de la regi\u00f3n Orizaba- C\u00f3rdoba\u00a0<\/p>\n","protected":false},"author":1869,"featured_media":129415,"comment_status":"closed","ping_status":"closed","sticky":false,"template":"","format":"standard","meta":{"footnotes":""},"categories":[47,1,61,5174,32],"tags":[4161,6263],"class_list":["post-129407","post","type-post","status-publish","format-standard","has-post-thumbnail","hentry","category-eventos","category-general","category-banner","category-elaboracion-del-programa-de-trabajo-2021-2025","category-regiones","tag-carlos-hugo-hermida-rosales","tag-cesar-pisil-ramos"],"_links":{"self":[{"href":"https:\/\/www.uv.mx\/prensa\/wp-json\/wp\/v2\/posts\/129407","targetHints":{"allow":["GET"]}}],"collection":[{"href":"https:\/\/www.uv.mx\/prensa\/wp-json\/wp\/v2\/posts"}],"about":[{"href":"https:\/\/www.uv.mx\/prensa\/wp-json\/wp\/v2\/types\/post"}],"author":[{"embeddable":true,"href":"https:\/\/www.uv.mx\/prensa\/wp-json\/wp\/v2\/users\/1869"}],"replies":[{"embeddable":true,"href":"https:\/\/www.uv.mx\/prensa\/wp-json\/wp\/v2\/comments?post=129407"}],"version-history":[{"count":1,"href":"https:\/\/www.uv.mx\/prensa\/wp-json\/wp\/v2\/posts\/129407\/revisions"}],"predecessor-version":[{"id":129416,"href":"https:\/\/www.uv.mx\/prensa\/wp-json\/wp\/v2\/posts\/129407\/revisions\/129416"}],"wp:featuredmedia":[{"embeddable":true,"href":"https:\/\/www.uv.mx\/prensa\/wp-json\/wp\/v2\/media\/129415"}],"wp:attachment":[{"href":"https:\/\/www.uv.mx\/prensa\/wp-json\/wp\/v2\/media?parent=129407"}],"wp:term":[{"taxonomy":"category","embeddable":true,"href":"https:\/\/www.uv.mx\/prensa\/wp-json\/wp\/v2\/categories?post=129407"},{"taxonomy":"post_tag","embeddable":true,"href":"https:\/\/www.uv.mx\/prensa\/wp-json\/wp\/v2\/tags?post=129407"}],"curies":[{"name":"wp","href":"https:\/\/api.w.org\/{rel}","templated":true}]}}