{"id":129335,"date":"2023-04-18T15:48:15","date_gmt":"2023-04-18T20:48:15","guid":{"rendered":"https:\/\/www.uv.mx\/prensa\/?p=129335"},"modified":"2023-04-18T15:48:15","modified_gmt":"2023-04-18T20:48:15","slug":"egresado-uv-intercultural-coordino-construccion-de-carretera-artesanal","status":"publish","type":"post","link":"https:\/\/www.uv.mx\/prensa\/general\/egresado-uv-intercultural-coordino-construccion-de-carretera-artesanal\/","title":{"rendered":"Egresado UV-Intercultural coordin\u00f3 construcci\u00f3n de carretera artesanal"},"content":{"rendered":"<ul>\n<li data-leveltext=\"\uf0b7\" data-font=\"Symbol\" data-listid=\"6\" data-list-defn-props=\"{&quot;335552541&quot;:1,&quot;335559684&quot;:-2,&quot;335559685&quot;:720,&quot;335559991&quot;:360,&quot;469769226&quot;:&quot;Symbol&quot;,&quot;469769242&quot;:[8226],&quot;469777803&quot;:&quot;left&quot;,&quot;469777804&quot;:&quot;\uf0b7&quot;,&quot;469777815&quot;:&quot;hybridMultilevel&quot;}\" data-aria-posinset=\"1\" data-aria-level=\"1\"><i><span data-contrast=\"auto\">Ren\u00e9 Esteban Trinidad estudi\u00f3 la Licenciatura en Gesti\u00f3n Intercultural para el Desarrollo en la sede Huasteca<\/span><\/i><span data-ccp-props=\"{}\">\u00a0<\/span><\/li>\n<li data-leveltext=\"\uf0b7\" data-font=\"Symbol\" data-listid=\"6\" data-list-defn-props=\"{&quot;335552541&quot;:1,&quot;335559684&quot;:-2,&quot;335559685&quot;:720,&quot;335559991&quot;:360,&quot;469769226&quot;:&quot;Symbol&quot;,&quot;469769242&quot;:[8226],&quot;469777803&quot;:&quot;left&quot;,&quot;469777804&quot;:&quot;\uf0b7&quot;,&quot;469777815&quot;:&quot;hybridMultilevel&quot;}\" data-aria-posinset=\"2\" data-aria-level=\"1\"><i><span data-contrast=\"auto\">Actualmente se desempe\u00f1a como responsable de la Oficina de Representaci\u00f3n en el Estado de Puebla del Instituto Nacional de los Pueblos Ind\u00edgenas<\/span><\/i><span data-ccp-props=\"{}\">\u00a0<\/span><\/li>\n<\/ul>\n<p><span data-ccp-props=\"{}\">\u00a0<\/span><\/p>\n<div id=\"attachment_129298\" style=\"width: 732px\" class=\"wp-caption aligncenter\"><img aria-describedby=\"caption-attachment-129298\" decoding=\"async\" loading=\"lazy\" class=\"size-full wp-image-129298\" src=\"https:\/\/www.uv.mx\/prensa\/files\/2023\/04\/140423-CARLOS-Rene-Trinidad-UVI-1.jpg\" alt=\"La carretera artesanal est\u00e1 hecha de concreto y \u201cpiedra ahogada\u201d \" width=\"722\" height=\"542\" srcset=\"https:\/\/www.uv.mx\/prensa\/files\/2023\/04\/140423-CARLOS-Rene-Trinidad-UVI-1.jpg 722w, https:\/\/www.uv.mx\/prensa\/files\/2023\/04\/140423-CARLOS-Rene-Trinidad-UVI-1-300x225.jpg 300w\" sizes=\"(max-width: 722px) 100vw, 722px\" \/><p id=\"caption-attachment-129298\" class=\"wp-caption-text\">La carretera artesanal est\u00e1 hecha de concreto y \u201cpiedra ahogada\u201d<\/p><\/div>\n<p>&nbsp;<\/p>\n<p>&nbsp;<\/p>\n<p><b><i><span data-contrast=\"auto\">Carlos Hugo Hermida Rosales<\/span><\/i><\/b><span data-ccp-props=\"{}\">\u00a0<\/span><\/p>\n<p><b><i><span data-contrast=\"auto\">Foto: Cortes\u00eda Esteban Trinidad<\/span><\/i><\/b><\/p>\n<p><b><i><span data-contrast=\"auto\">18\/04\/2023, Xalapa, Ver.-<\/span><\/i><\/b><span data-contrast=\"auto\"> \u201cLa Universidad Veracruzana Intercultural (UV-Intercultural) sensibiliza a sus estudiantes con el entorno comunitario, las pr\u00e1cticas rituales, los procesos de derecho y la medicina tradicional\u201d, afirm\u00f3 Ren\u00e9 Esteban Trinidad, egresado de la sede Huasteca de esta instituci\u00f3n educativa.<\/span><span data-ccp-props=\"{}\">\u00a0<\/span><\/p>\n<p><span data-contrast=\"auto\">Esteban Trinidad curs\u00f3 la Licenciatura en Gesti\u00f3n Intercultural para el Desarrollo y actualmente es responsable de la Oficina del Instituto Nacional de los Pueblos Ind\u00edgenas (INPI) en los estados de Puebla y Tlaxcala.<\/span><span data-ccp-props=\"{&quot;335559731&quot;:708}\">\u00a0<\/span><\/p>\n<p><span data-contrast=\"auto\">En su desempe\u00f1o profesional trabaja de la mano con el gobierno federal, a fin de desarrollar proyectos sustentables en comunidades ind\u00edgenas sin pasar por alto sus planes de justicia, derechos colectivos, y sobre todo la protecci\u00f3n de sus espacios sagrados.<\/span><span data-ccp-props=\"{&quot;335559731&quot;:708}\">\u00a0<\/span><\/p>\n<p><span data-contrast=\"auto\">\u201cEstas comunidades manejan el tequio \u2013trabajo comunal que todos deben realizar\u2013 y la faena \u2013actividades no remunerables\u2013, y a trav\u00e9s de su fortalecimiento surgen iniciativas importantes\u201d, asegur\u00f3.<\/span><span data-ccp-props=\"{&quot;335559731&quot;:708}\">\u00a0<\/span><\/p>\n<p><span data-contrast=\"auto\">El gestor intercultural coordin\u00f3 la construcci\u00f3n del primer tramo de una carretera artesanal que unir\u00e1 localidades de los municipios de Tenango de Doria, ubicado en el estado de Hidalgo, y Pahuatl\u00e1n, en Puebla.<\/span><\/p>\n<div id=\"attachment_129295\" style=\"width: 732px\" class=\"wp-caption aligncenter\"><img aria-describedby=\"caption-attachment-129295\" decoding=\"async\" loading=\"lazy\" class=\"size-full wp-image-129295\" src=\"https:\/\/www.uv.mx\/prensa\/files\/2023\/04\/140423-CARLOS-Rene-Trinidad-UVI-2.jpg\" alt=\"En su construcci\u00f3n colaboraron hombres y mujeres de San Pablito, Pahuatl\u00e1n, y Santa M\u00f3nica, Tenango de Doria \" width=\"722\" height=\"542\" srcset=\"https:\/\/www.uv.mx\/prensa\/files\/2023\/04\/140423-CARLOS-Rene-Trinidad-UVI-2.jpg 722w, https:\/\/www.uv.mx\/prensa\/files\/2023\/04\/140423-CARLOS-Rene-Trinidad-UVI-2-300x225.jpg 300w\" sizes=\"(max-width: 722px) 100vw, 722px\" \/><p id=\"caption-attachment-129295\" class=\"wp-caption-text\">En su construcci\u00f3n colaboraron hombres y mujeres de San Pablito, Pahuatl\u00e1n, y Santa M\u00f3nica, Tenango de Doria<\/p><\/div>\n<p>&nbsp;<\/p>\n<p><span data-contrast=\"auto\">Fue hecha con concreto y \u201cpiedra ahogada\u201d, rocas que fueron colocadas en medio del cemento de forma manual por hombres y mujeres de los pueblos de Santa M\u00f3nica y San Pablito, ubicados en las entidades citadas.<\/span><span data-ccp-props=\"{&quot;335559731&quot;:708}\">\u00a0<\/span><\/p>\n<p><span data-contrast=\"auto\">Ello signific\u00f3 una gran planeaci\u00f3n, ya que si bien estos habitantes se organizan constantemente a fin de realizar diversas tareas como la limpieza de panteones y calles, nunca lo hab\u00edan hecho para una obra de tal magnitud.<\/span><span data-ccp-props=\"{&quot;335559731&quot;:708}\">\u00a0<\/span><\/p>\n<p><span data-contrast=\"auto\">\u201cLa labor herman\u00f3 a pobladores de ambas localidades, que aunque est\u00e1n ubicadas en entidades federativas distintas, en su concepci\u00f3n local del entorno esa divisi\u00f3n no existe\u201d, mencion\u00f3.<\/span><span data-ccp-props=\"{&quot;335559731&quot;:708}\">\u00a0<\/span><\/p>\n<p><span data-contrast=\"auto\">Esteban Trinidad explic\u00f3 que para que los proyectos comunitarios tengan \u00e9xito y permeen adecuadamente en las poblaciones, es necesario que sean gestionados por sus habitantes y nazcan de las asambleas establecidas.<\/span><\/p>\n<div id=\"attachment_129296\" style=\"width: 732px\" class=\"wp-caption aligncenter\"><img aria-describedby=\"caption-attachment-129296\" decoding=\"async\" loading=\"lazy\" class=\"size-full wp-image-129296\" src=\"https:\/\/www.uv.mx\/prensa\/files\/2023\/04\/140423-CARLOS-Rene-Trinidad-UVI-3.jpg\" alt=\"Ren\u00e9 Esteban Trinidad\" width=\"722\" height=\"481\" srcset=\"https:\/\/www.uv.mx\/prensa\/files\/2023\/04\/140423-CARLOS-Rene-Trinidad-UVI-3.jpg 722w, https:\/\/www.uv.mx\/prensa\/files\/2023\/04\/140423-CARLOS-Rene-Trinidad-UVI-3-300x200.jpg 300w\" sizes=\"(max-width: 722px) 100vw, 722px\" \/><p id=\"caption-attachment-129296\" class=\"wp-caption-text\">Ren\u00e9 Esteban Trinidad<\/p><\/div>\n<p>&nbsp;<\/p>\n<p><span data-contrast=\"auto\">\u201cLos hermanos ind\u00edgenas tienen un derecho colectivo sustentado en la Constituci\u00f3n, y se debe respetar su autonom\u00eda de formas organizativas\u201d, manifest\u00f3.<\/span><span data-ccp-props=\"{&quot;335559731&quot;:708}\">\u00a0<\/span><\/p>\n<p><span data-contrast=\"auto\">Aclar\u00f3 que las necesidades de pueblos originarios van m\u00e1s all\u00e1 de pavimentaciones de calles y construcci\u00f3n de carreteras, ya que abarcan un amplio abanico de obras como la creaci\u00f3n de hospitales, centros de salud y espacios educativos, hasta el desarrollo de proyectos productivos.<\/span><span data-ccp-props=\"{&quot;335559731&quot;:708}\">\u00a0<\/span><\/p>\n<p><span data-contrast=\"auto\">\u201cLos mexicanos pertenecientes a grupos \u00e9tnicos desean que el pa\u00eds entero sepa de su existencia, y ser considerados en la toma de decisiones\u201d, concluy\u00f3.<\/span><span data-ccp-props=\"{&quot;335559731&quot;:708}\">\u00a0<\/span><\/p>\n","protected":false},"excerpt":{"rendered":"<p>Conecta localidades de los municipios de Pahuatl\u00e1n, Puebla, y Tenango de Doria, Hidalgo<\/p>\n","protected":false},"author":1775,"featured_media":129297,"comment_status":"closed","ping_status":"closed","sticky":false,"template":"","format":"standard","meta":[],"categories":[1,6299,8444],"tags":[4161,11082,1993,11087,868,11084,4144,4143,528,9639,11085,1691,8525,11080,2488,11083,11086,11081,469,6632],"_links":{"self":[{"href":"https:\/\/www.uv.mx\/prensa\/wp-json\/wp\/v2\/posts\/129335"}],"collection":[{"href":"https:\/\/www.uv.mx\/prensa\/wp-json\/wp\/v2\/posts"}],"about":[{"href":"https:\/\/www.uv.mx\/prensa\/wp-json\/wp\/v2\/types\/post"}],"author":[{"embeddable":true,"href":"https:\/\/www.uv.mx\/prensa\/wp-json\/wp\/v2\/users\/1775"}],"replies":[{"embeddable":true,"href":"https:\/\/www.uv.mx\/prensa\/wp-json\/wp\/v2\/comments?post=129335"}],"version-history":[{"count":1,"href":"https:\/\/www.uv.mx\/prensa\/wp-json\/wp\/v2\/posts\/129335\/revisions"}],"predecessor-version":[{"id":129336,"href":"https:\/\/www.uv.mx\/prensa\/wp-json\/wp\/v2\/posts\/129335\/revisions\/129336"}],"wp:featuredmedia":[{"embeddable":true,"href":"https:\/\/www.uv.mx\/prensa\/wp-json\/wp\/v2\/media\/129297"}],"wp:attachment":[{"href":"https:\/\/www.uv.mx\/prensa\/wp-json\/wp\/v2\/media?parent=129335"}],"wp:term":[{"taxonomy":"category","embeddable":true,"href":"https:\/\/www.uv.mx\/prensa\/wp-json\/wp\/v2\/categories?post=129335"},{"taxonomy":"post_tag","embeddable":true,"href":"https:\/\/www.uv.mx\/prensa\/wp-json\/wp\/v2\/tags?post=129335"}],"curies":[{"name":"wp","href":"https:\/\/api.w.org\/{rel}","templated":true}]}}