{"id":129003,"date":"2023-03-31T17:14:27","date_gmt":"2023-03-31T23:14:27","guid":{"rendered":"https:\/\/www.uv.mx\/prensa\/?p=129003"},"modified":"2023-04-12T15:27:56","modified_gmt":"2023-04-12T20:27:56","slug":"cug-de-la-uv-aprobo-presupuesto-anual-modificado-del-ejercicio-2023","status":"publish","type":"post","link":"https:\/\/www.uv.mx\/prensa\/general\/cug-de-la-uv-aprobo-presupuesto-anual-modificado-del-ejercicio-2023\/","title":{"rendered":"CUG de la UV aprob\u00f3 Presupuesto Anual Modificado del ejercicio 2023\u00a0"},"content":{"rendered":"<ul>\n<li data-leveltext=\"\uf0b7\" data-font=\"Symbol\" data-listid=\"6\" data-list-defn-props=\"{&quot;335552541&quot;:1,&quot;335559684&quot;:-2,&quot;335559685&quot;:720,&quot;335559991&quot;:360,&quot;469769226&quot;:&quot;Symbol&quot;,&quot;469769242&quot;:[8226],&quot;469777803&quot;:&quot;left&quot;,&quot;469777804&quot;:&quot;\uf0b7&quot;,&quot;469777815&quot;:&quot;hybridMultilevel&quot;}\" data-aria-posinset=\"1\" data-aria-level=\"1\"><i><span data-contrast=\"auto\">El Consejo Universitario General de la Universidad Veracruzana aprob\u00f3 por mayor\u00eda la cifra de cinco mil 992 millones 615 mil pesos<\/span><\/i><span data-ccp-props=\"{}\">\u00a0<\/span><\/li>\n<li data-leveltext=\"\uf0b7\" data-font=\"Symbol\" data-listid=\"6\" data-list-defn-props=\"{&quot;335552541&quot;:1,&quot;335559684&quot;:-2,&quot;335559685&quot;:720,&quot;335559991&quot;:360,&quot;469769226&quot;:&quot;Symbol&quot;,&quot;469769242&quot;:[8226],&quot;469777803&quot;:&quot;left&quot;,&quot;469777804&quot;:&quot;\uf0b7&quot;,&quot;469777815&quot;:&quot;hybridMultilevel&quot;}\" data-aria-posinset=\"2\" data-aria-level=\"1\"><i><span data-contrast=\"auto\">Se solicit\u00f3 al gobierno estatal un monto extraordinario por 948 millones de pesos, de los que fueron autorizados 250<\/span><\/i><span data-ccp-props=\"{}\">\u00a0<\/span><\/li>\n<\/ul>\n<p><span data-ccp-props=\"{}\">\u00a0<\/span><\/p>\n<div id=\"attachment_128999\" style=\"width: 732px\" class=\"wp-caption aligncenter\"><img aria-describedby=\"caption-attachment-128999\" decoding=\"async\" loading=\"lazy\" class=\"size-full wp-image-128999\" src=\"https:\/\/www.uv.mx\/prensa\/files\/2023\/03\/310323-CARLOS-Acuerdos-Comisiones-Permanentes-CUG-1.jpg\" alt=\"\" width=\"722\" height=\"481\" srcset=\"https:\/\/www.uv.mx\/prensa\/files\/2023\/03\/310323-CARLOS-Acuerdos-Comisiones-Permanentes-CUG-1.jpg 722w, https:\/\/www.uv.mx\/prensa\/files\/2023\/03\/310323-CARLOS-Acuerdos-Comisiones-Permanentes-CUG-1-300x200.jpg 300w\" sizes=\"(max-width: 722px) 100vw, 722px\" \/><p id=\"caption-attachment-128999\" class=\"wp-caption-text\">El CUG aprob\u00f3 por mayor\u00eda el monto de cinco mil 992 millones 615 mil pesos<\/p><\/div>\n<p><span data-ccp-props=\"{}\">\u00a0<\/span><\/p>\n<p><b><i><span data-contrast=\"auto\">Carlos Hugo Hermida Rosales<\/span><\/i><\/b><span data-ccp-props=\"{}\">\u00a0<\/span><\/p>\n<p><b><i><span data-contrast=\"auto\">Fotos: C\u00e9sar Pisil Ramos (1), Luis Fernando Fern\u00e1ndez (2) y Carlos Hugo Hermida Rosales (3)<\/span><\/i><\/b><span data-ccp-props=\"{}\">\u00a0<\/span><\/p>\n<p><b><i><span data-contrast=\"auto\">31\/03\/2023, Xalapa, Ver-<\/span><\/i><\/b><span data-contrast=\"auto\"> En sesi\u00f3n ordinaria realizada en la Sala Anexa de Tlaqn\u00e1, Centro Cultural, el <a href=\"https:\/\/www.uv.mx\/secretariaacademica\/consejo-universitario-general\/\" target=\"_blank\" rel=\"noopener\">Consejo Universitario General<\/a> (CUG) de la Universidad Veracruzana (UV) aprob\u00f3 por mayor\u00eda el Presupuesto Anual Modificado correspondiente al ejercicio 2023 del Subsidio Ordinario, en t\u00e9rminos de lo se\u00f1alado en la Cl\u00e1usula Quinta inciso h, segundo p\u00e1rrafo, anexo de ejecuci\u00f3n para el ejercicio 2023, del Convenio Marco de Colaboraci\u00f3n para el Apoyo Financiero.<\/span><span data-ccp-props=\"{}\">\u00a0<\/span><\/p>\n<p><span data-contrast=\"auto\">En la sesi\u00f3n encabezada por el rector Mart\u00edn Aguilar S\u00e1nchez, la m\u00e1xima autoridad colegiada de la UV aprob\u00f3 por mayor\u00eda el monto de cinco mil 992 millones 615 mil pesos, recursos que ser\u00e1n destinados a servicios personales y generales, y la compra de materiales y suministros necesarios para el funcionamiento de la casa de estudios.<\/span><span data-ccp-props=\"{&quot;335559731&quot;:708}\">\u00a0<\/span><\/p>\n<p><span data-contrast=\"auto\">Mildred Carolina Rodr\u00edguez Pereyra, consejera alumna de la Facultad de Medicina regi\u00f3n Coatzacoalcos-Minatitl\u00e1n e integrante de la Comisi\u00f3n de Presupuestos del CUG, comparti\u00f3 que el 30 de septiembre de 2022 este organismo dictamin\u00f3 el presupuesto inicial de 2023, mismo que fue aprobado por el consejo en sesi\u00f3n ordinaria que se llev\u00f3 a cabo en diciembre del primer a\u00f1o.<\/span><span data-ccp-props=\"{&quot;335559731&quot;:708}\">\u00a0<\/span><\/p>\n<p><span data-contrast=\"auto\">Dentro de \u00e9l se consideraba un subsidio ordinario por seis mil 125 millones 932 mil pesos, que se modific\u00f3 al considerar importes asignados a trav\u00e9s del Anexo de Ejecuci\u00f3n por la cantidad de cinco mil 992 millones 615 mil pesos, lo que representa una disminuci\u00f3n de 133 millones 317 mil pesos.<\/span><\/p>\n<p>&nbsp;<\/p>\n<div id=\"attachment_129000\" style=\"width: 732px\" class=\"wp-caption aligncenter\"><img aria-describedby=\"caption-attachment-129000\" decoding=\"async\" loading=\"lazy\" class=\"size-full wp-image-129000\" src=\"https:\/\/www.uv.mx\/prensa\/files\/2023\/03\/310323-CARLOS-Acuerdos-Comisiones-Permanentes-CUG-2.jpg\" alt=\"\" width=\"722\" height=\"481\" srcset=\"https:\/\/www.uv.mx\/prensa\/files\/2023\/03\/310323-CARLOS-Acuerdos-Comisiones-Permanentes-CUG-2.jpg 722w, https:\/\/www.uv.mx\/prensa\/files\/2023\/03\/310323-CARLOS-Acuerdos-Comisiones-Permanentes-CUG-2-300x200.jpg 300w\" sizes=\"(max-width: 722px) 100vw, 722px\" \/><p id=\"caption-attachment-129000\" class=\"wp-caption-text\">Mildred Rodr\u00edguez coment\u00f3 que al cierre del ejercicio se espera recibir de la fuente de financiamiento federal, recursos complementarios correspondientes al incremento salarial<\/p><\/div>\n<p>&nbsp;<\/p>\n<p><span data-contrast=\"auto\">Por fuente de financiamiento federal, las asignaciones correspondieron a dos mil 991 millones 615 mil pesos, y las estatales a tres mil un mill\u00f3n de pesos.<\/span><span data-ccp-props=\"{&quot;335559731&quot;:708}\">\u00a0<\/span><\/p>\n<p><span data-contrast=\"auto\">La estudiante coment\u00f3 que al cierre del ejercicio se espera recibir de la fuente de financiamiento federal, recursos complementarios correspondientes al incremento salarial autorizado por el gobierno federal; por su parte, el gobierno estatal aportar\u00e1 63 millones de pesos adicionales como complemento del Subsidio Estatal Ordinario aprobado en la Gaceta Oficial del Estado.<\/span><span data-ccp-props=\"{&quot;335559731&quot;:708}\">\u00a0<\/span><\/p>\n<p><span data-contrast=\"auto\">Adicionalmente, se solicitaron recursos estatales extraordinarios por 948 millones de pesos, para gestionar una suma total de cuatro mil 64 de esta procedencia, con base en el porcentaje del 4% de autonom\u00eda presupuestaria, que para el ejercicio 2023 le corresponde a la UV; de esa cantidad fueron autorizados 250 millones.<\/span><span data-ccp-props=\"{&quot;335559731&quot;:708}\">\u00a0<\/span><\/p>\n<p><span data-contrast=\"auto\">David Garc\u00eda L\u00f3pez, consejero alumno de la Facultad de Negocios y Tecnolog\u00edas, regi\u00f3n Orizaba-C\u00f3rdoba, quien tambi\u00e9n forma parte de la Comisi\u00f3n de Presupuestos del CUG, mencion\u00f3 que la asignaci\u00f3n de recursos extraordinarios estatales por 250 millones de pesos fue posible gracias a las gestiones realizadas por el rector Mart\u00edn Aguilar.<\/span><span data-ccp-props=\"{&quot;335559731&quot;:708}\">\u00a0<\/span><\/p>\n<p><span data-contrast=\"auto\">Este monto ser\u00e1 ministrado por la Secretar\u00eda de Finanzas y Planeaci\u00f3n del Estado de Veracruz (<\/span><i><span data-contrast=\"auto\">Sefiplan<\/span><\/i><span data-contrast=\"auto\">) en dos exhibiciones de 125 millones, la primera ya fue entregada el pasado 10 de marzo.<\/span><span data-ccp-props=\"{&quot;335559731&quot;:708}\">\u00a0<\/span><\/p>\n<p>&nbsp;<\/p>\n<div id=\"attachment_129001\" style=\"width: 732px\" class=\"wp-caption aligncenter\"><img aria-describedby=\"caption-attachment-129001\" decoding=\"async\" loading=\"lazy\" class=\"size-full wp-image-129001\" src=\"https:\/\/www.uv.mx\/prensa\/files\/2023\/03\/310323-CARLOS-Acuerdos-Comisiones-Permanentes-CUG-3.jpg\" alt=\"\" width=\"722\" height=\"368\" srcset=\"https:\/\/www.uv.mx\/prensa\/files\/2023\/03\/310323-CARLOS-Acuerdos-Comisiones-Permanentes-CUG-3.jpg 722w, https:\/\/www.uv.mx\/prensa\/files\/2023\/03\/310323-CARLOS-Acuerdos-Comisiones-Permanentes-CUG-3-300x153.jpg 300w\" sizes=\"(max-width: 722px) 100vw, 722px\" \/><p id=\"caption-attachment-129001\" class=\"wp-caption-text\">David Garc\u00eda enfatiz\u00f3 que la UV continuar\u00e1 con la gesti\u00f3n y el di\u00e1logo, a fin de que se la asigne el 4% del presupuesto total general estatal<\/p><\/div>\n<p>&nbsp;<\/p>\n<p><span data-contrast=\"auto\">Del total de dichos recursos, 143 millones se destinar\u00e1n a proyectos de educaci\u00f3n superior con excelencia, ampliaci\u00f3n de matr\u00edcula y planes de estudio pertinentes; 13, a la promoci\u00f3n de la inclusi\u00f3n de grupos vulnerables, y 94 al fortalecimiento de la investigaci\u00f3n.<\/span><span data-ccp-props=\"{&quot;335559731&quot;:708}\">\u00a0<\/span><\/p>\n<p><span data-contrast=\"auto\">El alumno enfatiz\u00f3 que la UV continuar\u00e1 con la gesti\u00f3n y el di\u00e1logo, a fin de que se la asigne el 4% del presupuesto total general estatal, que le corresponde legal y leg\u00edtimamente de acuerdo con lo establecido en la constituci\u00f3n local.<\/span><span data-ccp-props=\"{&quot;335559731&quot;:708}\">\u00a0<\/span><\/p>\n<p><span data-contrast=\"auto\">En la sesi\u00f3n, el secretario Acad\u00e9mico, Juan Ortiz Escamilla, dio lectura a los acuerdos de la Comisi\u00f3n Acad\u00e9mica del \u00c1rea de Ciencias de la Salud realizada el 10 de marzo, que el CUG aprob\u00f3 por mayor\u00eda.<\/span><span data-ccp-props=\"{&quot;335559731&quot;:708}\">\u00a0<\/span><\/p>\n<p><span data-contrast=\"auto\">Los acuerdos incluyen el cambio de nombre de la Especializaci\u00f3n en Cuidados Intensivos del Adulto en Estado Cr\u00edtico, por el de Especializaci\u00f3n de Enfermer\u00eda en Cuidados Intensivos del Adulto en Estado Cr\u00edtico.<\/span><span data-ccp-props=\"{&quot;335559731&quot;:708}\">\u00a0<\/span><\/p>\n<p><span data-contrast=\"auto\">Adem\u00e1s de las modificaciones curriculares de las Especialidades M\u00e9dicas en Medicina Familiar, Anestesiolog\u00eda, Otorrinolaringolog\u00eda, Medicina de Urgencias, y Cirug\u00eda General, as\u00ed como la creaci\u00f3n de la Especialidad en Imagenolog\u00eda Diagn\u00f3stica y Terap\u00e9utica.<\/span><\/p>\n","protected":false},"excerpt":{"rendered":"<p>Al cierre del ejercicio se espera recibir de la fuente de financiamiento federal, recursos complementarios correspondientes al incremento salarial\u00a0<\/p>\n","protected":false},"author":1869,"featured_media":129002,"comment_status":"closed","ping_status":"closed","sticky":false,"template":"","format":"standard","meta":[],"categories":[47,1,61],"tags":[4161,681,6263,10935,223,6592,10934,7258,10937,10936],"_links":{"self":[{"href":"https:\/\/www.uv.mx\/prensa\/wp-json\/wp\/v2\/posts\/129003"}],"collection":[{"href":"https:\/\/www.uv.mx\/prensa\/wp-json\/wp\/v2\/posts"}],"about":[{"href":"https:\/\/www.uv.mx\/prensa\/wp-json\/wp\/v2\/types\/post"}],"author":[{"embeddable":true,"href":"https:\/\/www.uv.mx\/prensa\/wp-json\/wp\/v2\/users\/1869"}],"replies":[{"embeddable":true,"href":"https:\/\/www.uv.mx\/prensa\/wp-json\/wp\/v2\/comments?post=129003"}],"version-history":[{"count":1,"href":"https:\/\/www.uv.mx\/prensa\/wp-json\/wp\/v2\/posts\/129003\/revisions"}],"predecessor-version":[{"id":129135,"href":"https:\/\/www.uv.mx\/prensa\/wp-json\/wp\/v2\/posts\/129003\/revisions\/129135"}],"wp:featuredmedia":[{"embeddable":true,"href":"https:\/\/www.uv.mx\/prensa\/wp-json\/wp\/v2\/media\/129002"}],"wp:attachment":[{"href":"https:\/\/www.uv.mx\/prensa\/wp-json\/wp\/v2\/media?parent=129003"}],"wp:term":[{"taxonomy":"category","embeddable":true,"href":"https:\/\/www.uv.mx\/prensa\/wp-json\/wp\/v2\/categories?post=129003"},{"taxonomy":"post_tag","embeddable":true,"href":"https:\/\/www.uv.mx\/prensa\/wp-json\/wp\/v2\/tags?post=129003"}],"curies":[{"name":"wp","href":"https:\/\/api.w.org\/{rel}","templated":true}]}}