{"id":12868,"date":"2016-06-28T11:26:47","date_gmt":"2016-06-28T16:26:47","guid":{"rendered":"https:\/\/www.uv.mx\/prensa\/?p=12868"},"modified":"2016-07-08T12:10:13","modified_gmt":"2016-07-08T17:10:13","slug":"estudiantes-de-pedagogia-promueven-los-huertos-escolares","status":"publish","type":"post","link":"https:\/\/www.uv.mx\/prensa\/general\/estudiantes-de-pedagogia-promueven-los-huertos-escolares\/","title":{"rendered":"Estudiantes de Pedagog\u00eda promueven los huertos escolares"},"content":{"rendered":"<ul>\n<li><em>Desarrollan un \u201cHuerto Escolar\u201d en la <\/em><em>Telesecundaria \u201cAdolfo Ruiz Cortines\u201d de la Unidad Lomas Verdes en esta ciudad <\/em><\/li>\n<\/ul>\n<p>&nbsp;<\/p>\n<div id=\"attachment_12869\" style=\"width: 732px\" class=\"wp-caption aligncenter\"><a href=\"https:\/\/www.uv.mx\/prensa\/files\/2016\/06\/rto-1.jpg\"><img loading=\"lazy\" decoding=\"async\" aria-describedby=\"caption-attachment-12869\" class=\"size-full wp-image-12869\" src=\"https:\/\/www.uv.mx\/prensa\/files\/2016\/06\/rto-1.jpg\" alt=\"Ana Luz Delf\u00edn Linaldi, en compa\u00f1\u00eda de Diana L\u00f3pez, Samuel Gonz\u00e1lez y Enith Mart\u00ednez\" width=\"722\" height=\"481\" srcset=\"https:\/\/www.uv.mx\/prensa\/files\/2016\/06\/rto-1.jpg 722w, https:\/\/www.uv.mx\/prensa\/files\/2016\/06\/rto-1-300x200.jpg 300w\" sizes=\"auto, (max-width: 722px) 100vw, 722px\" \/><\/a><p id=\"caption-attachment-12869\" class=\"wp-caption-text\">Ana Luz Delf\u00edn Linaldi, en compa\u00f1\u00eda de Diana L\u00f3pez, Samuel Gonz\u00e1lez y Enith Mart\u00ednez<\/p><\/div>\n<p>&nbsp;<\/p>\n<p><strong><em>Carlos Hugo Hermida Rosales<\/em><\/strong><\/p>\n<p>&nbsp;<\/p>\n<p><strong><em>Xalapa, Ver. 28\/06\/2016.-<\/em><\/strong><em>\u00a0<\/em>Estudiantes de la Facultad de Pedagog\u00eda de la Universidad Veracruzana (UV) desarrollan un \u201cHuerto Escolar\u201d en la Telesecundaria \u201cAdolfo Ruiz Cortines\u201d de la Unidad Lomas Verdes en la ciudad de Xalapa, proyecto de educaci\u00f3n ambiental dentro del cual imparten pl\u00e1ticas sobre salud alimentaria, recuperaci\u00f3n de saberes locales que tienen que ver con plantas medicinales, leyendas y mitos de la comunidad, as\u00ed como talleres de reciclaje y reforestaci\u00f3n.<\/p>\n<p>Este trabajo surgi\u00f3 como respuesta a diferentes problem\u00e1ticas que afectan el entorno, como los diversos tipos de contaminaci\u00f3n, tala de \u00e1rboles, urbanizaci\u00f3n y p\u00e9rdida de sensibilizaci\u00f3n ante el deterioro ambiental, explicaron los universitarios.<\/p>\n<p>&nbsp;<\/p>\n<div id=\"attachment_12870\" style=\"width: 732px\" class=\"wp-caption aligncenter\"><a href=\"https:\/\/www.uv.mx\/prensa\/files\/2016\/06\/Prto-2.jpg\"><img loading=\"lazy\" decoding=\"async\" aria-describedby=\"caption-attachment-12870\" class=\"size-full wp-image-12870\" src=\"https:\/\/www.uv.mx\/prensa\/files\/2016\/06\/Prto-2.jpg\" alt=\"Sandra Morales, profesora de la telesecundaria, junto con Gloria Rosales, Alexis Carmona y Rogelio Hern\u00e1ndez, estudiantes de esa instituci\u00f3n\" width=\"722\" height=\"481\" srcset=\"https:\/\/www.uv.mx\/prensa\/files\/2016\/06\/Prto-2.jpg 722w, https:\/\/www.uv.mx\/prensa\/files\/2016\/06\/Prto-2-300x200.jpg 300w\" sizes=\"auto, (max-width: 722px) 100vw, 722px\" \/><\/a><p id=\"caption-attachment-12870\" class=\"wp-caption-text\">Sandra Morales, profesora de la telesecundaria, junto con Gloria Rosales, Alexis Carmona y Rogelio Hern\u00e1ndez, estudiantes de esa instituci\u00f3n<\/p><\/div>\n<p>&nbsp;<\/p>\n<p>La acad\u00e9mica Ana Luz Delf\u00edn Linaldi explic\u00f3 que \u201cHuerto Escolar\u201d naci\u00f3 de las experiencias educativas (EE) Proyecto de Educaci\u00f3n Comunitaria e Intervenci\u00f3n en la Comunidad, con el objetivo de plantear la necesidad de la sustentabilidad en la vida diaria y sensibilizar a la poblaci\u00f3n al respecto.<\/p>\n<p>Delf\u00edn Linaldi agreg\u00f3 que una de las prioridades de la Facultad de Pedagog\u00eda es socializar el conocimiento que all\u00ed se genera, para que los estudiantes pongan en pr\u00e1ctica la preparaci\u00f3n recibida y apoyar a la sociedad en lo que les sea posible.<\/p>\n<p>En su opini\u00f3n, todas las facultades deber\u00edan llevar a cabo pr\u00e1cticas en el exterior y de esta forma aportar algo a la comunidad, que es a la que se debe la Universidad.<\/p>\n<p>&nbsp;<\/p>\n<div id=\"attachment_12871\" style=\"width: 732px\" class=\"wp-caption aligncenter\"><a href=\"https:\/\/www.uv.mx\/prensa\/files\/2016\/06\/2845-3.jpg\"><img loading=\"lazy\" decoding=\"async\" aria-describedby=\"caption-attachment-12871\" class=\"size-full wp-image-12871\" src=\"https:\/\/www.uv.mx\/prensa\/files\/2016\/06\/2845-3.jpg\" alt=\"Los alumnos de la telesecundaria participaron activamente en la creaci\u00f3n del \u201cHuerto Escolar\u201d\" width=\"722\" height=\"406\" srcset=\"https:\/\/www.uv.mx\/prensa\/files\/2016\/06\/2845-3.jpg 722w, https:\/\/www.uv.mx\/prensa\/files\/2016\/06\/2845-3-300x169.jpg 300w\" sizes=\"auto, (max-width: 722px) 100vw, 722px\" \/><\/a><p id=\"caption-attachment-12871\" class=\"wp-caption-text\">Los alumnos de la telesecundaria participaron activamente en la creaci\u00f3n del \u201cHuerto Escolar\u201d<\/p><\/div>\n<p>&nbsp;<\/p>\n<p>Una de sus alumnas, Enith Mart\u00ednez Galmich, de octavo semestre, relat\u00f3 que como parte de las actividades se fomenta una mentalidad sustentable entre los adolescentes.<\/p>\n<p>\u201cEn el taller de reciclaje se les muestra la utilidad que poseen los productos que desechan, y en las pl\u00e1ticas de salud alimentaria se les explica sobre los alimentos que consumen para que aprendan a nutrirse correctamente\u201d, comparti\u00f3.<\/p>\n<p>Por su parte, el estudiante Samuel Gonz\u00e1lez P\u00e9rez afirm\u00f3 que crear el huerto fue complicado, ya que el terreno en el cual se realiz\u00f3 se encontraba lleno de maleza y piedras: \u201cSe requiri\u00f3 la fuerza de los estudiantes varones para quitar la hierba y remover la tierra, aunque las mujeres tambi\u00e9n participaron y en ocasiones incluso les quitaban la pala a los hombres para trabajar ellas\u201d, declar\u00f3 el estudiante.<\/p>\n<p>Asegur\u00f3 que la respuesta de los estudiantes de la telesecundaria a esta labor fue muy favorable y de mucho entusiasmo, pues aunque al principio se mostraron un poco desorientados, al momento de trabajar lo hicieron con mucho gusto.<\/p>\n<p>El universitario a\u00f1adi\u00f3 que la coordinaci\u00f3n con el director y profesores de la telesecundaria es excelente y en todo momento apoyaron el proyecto, incluso quieren que \u00e9ste sea permanente, por lo cual se buscar\u00e1 una vinculaci\u00f3n entre la UV y dicho centro escolar.<\/p>\n<p>Diana Paula L\u00f3pez Ochoa, estudiante de la misma licenciatura, dijo que llevar los conocimientos aprendidos en la Universidad fuera de ella y ponerlos en pr\u00e1ctica es muy importante para su formaci\u00f3n, ya que esto le ha permitido un mejor desenvolvimiento.<\/p>\n<div id=\"attachment_12872\" style=\"width: 732px\" class=\"wp-caption aligncenter\"><a href=\"https:\/\/www.uv.mx\/prensa\/files\/2016\/06\/Pkiki.jpg\"><img loading=\"lazy\" decoding=\"async\" aria-describedby=\"caption-attachment-12872\" class=\"size-full wp-image-12872\" src=\"https:\/\/www.uv.mx\/prensa\/files\/2016\/06\/Pkiki.jpg\" alt=\"Entre las hortalizas sembradas en el huerto hay r\u00e1bano, tomate, lechuga y acelga\" width=\"722\" height=\"481\" srcset=\"https:\/\/www.uv.mx\/prensa\/files\/2016\/06\/Pkiki.jpg 722w, https:\/\/www.uv.mx\/prensa\/files\/2016\/06\/Pkiki-300x200.jpg 300w\" sizes=\"auto, (max-width: 722px) 100vw, 722px\" \/><\/a><p id=\"caption-attachment-12872\" class=\"wp-caption-text\">Entre las hortalizas sembradas en el huerto hay r\u00e1bano, tomate, lechuga y acelga<\/p><\/div>\n<p>En tanto, Sandra Morales Mart\u00ednez, profesora de la Telesecundaria \u201cAdolfo Ruiz Cortines\u201d, celebr\u00f3 el proyecto \u201cHuerto Escolar\u201d, ya que asegura que la informaci\u00f3n que los j\u00f3venes de la UV brindan es muy pertinente en medio de las condiciones de deterioro ambiental que se vive en la actualidad.<\/p>\n<p>\u201cEl hecho de que los chicos est\u00e9n en contacto directo con la tierra al momento de preparar el huerto, les despierta el inter\u00e9s y fomenta la actitud de conservar, cuidar y mantener el medio ambiente, y esta mentalidad tiene una proyecci\u00f3n en sus hogares.\u201d<\/p>\n<p>Los alumnos de la telesecundaria muestran gran entusiasmo con los trabajos del proyecto y afirman que ha sido de gran ayuda para su aprendizaje.<\/p>\n<p>Gloria de Jes\u00fas Rosales Espinoza, estudiante de tercer a\u00f1o, comparti\u00f3 que gracias a la iniciativa aprendi\u00f3 a preparar la tierra y sembrar hortalizas, as\u00ed como a cosecharlas sin hacerle ning\u00fan da\u00f1o a la planta; ella planea llevar este aprendizaje a su casa para aplicarlo junto con su familia.<\/p>\n<p>Alexis Carmona Castillo, quien cursa el mismo grado, narr\u00f3 que la experiencia de crear un huerto fue muy buena y agradece a la UV que sus estudiantes puedan interactuar con ellos ya que tambi\u00e9n es una forma de motivarlos a continuar sus estudios.<\/p>\n<p>Para Rogelio Hern\u00e1ndez, compa\u00f1ero de ambos chicos, fue divertido participar en la construcci\u00f3n de este espacio y se sorprendi\u00f3 al ver que en un lugar donde s\u00f3lo hab\u00eda hierbas y piedras ahora hay hortalizas. Enfatiz\u00f3 que lo aprendido lo pondr\u00e1 en pr\u00e1ctica a lo largo de su vida.<\/p>\n<div id=\"attachment_12873\" style=\"width: 732px\" class=\"wp-caption aligncenter\"><a href=\"https:\/\/www.uv.mx\/prensa\/files\/2016\/06\/gito-5.jpg\"><img loading=\"lazy\" decoding=\"async\" aria-describedby=\"caption-attachment-12873\" class=\"size-full wp-image-12873\" src=\"https:\/\/www.uv.mx\/prensa\/files\/2016\/06\/gito-5.jpg\" alt=\"La cosecha empieza a mostrar los primeros resultados\" width=\"722\" height=\"481\" srcset=\"https:\/\/www.uv.mx\/prensa\/files\/2016\/06\/gito-5.jpg 722w, https:\/\/www.uv.mx\/prensa\/files\/2016\/06\/gito-5-300x200.jpg 300w\" sizes=\"auto, (max-width: 722px) 100vw, 722px\" \/><\/a><p id=\"caption-attachment-12873\" class=\"wp-caption-text\">La cosecha empieza a mostrar los primeros resultados<\/p><\/div>\n","protected":false},"excerpt":{"rendered":"<p><strong><em>Carlos Hugo Hermida.-<\/em><\/strong>Estudiantes de la Facultad de Pedagog\u00eda de la Universidad Veracruzana (UV) desarrollan un \u201cHuerto Escolar\u201d en la Telesecundaria \u201cAdolfo Ruiz Cortines\u201d de la Unidad Lomas Verdes en la ciudad de Xalapa, proyecto de educaci\u00f3n ambiental dentro del cual imparten pl\u00e1ticas sobre salud alimentaria, recuperaci\u00f3n de saberes locales que tienen que ver con plantas medicinales, leyendas y mitos de la comunidad, as\u00ed como talleres de reciclaje y reforestaci\u00f3n.<\/p>\n","protected":false},"author":1810,"featured_media":12874,"comment_status":"closed","ping_status":"closed","sticky":false,"template":"","format":"standard","meta":{"footnotes":""},"categories":[1],"tags":[3],"class_list":["post-12868","post","type-post","status-publish","format-standard","has-post-thumbnail","hentry","category-general","tag-secundarias"],"_links":{"self":[{"href":"https:\/\/www.uv.mx\/prensa\/wp-json\/wp\/v2\/posts\/12868","targetHints":{"allow":["GET"]}}],"collection":[{"href":"https:\/\/www.uv.mx\/prensa\/wp-json\/wp\/v2\/posts"}],"about":[{"href":"https:\/\/www.uv.mx\/prensa\/wp-json\/wp\/v2\/types\/post"}],"author":[{"embeddable":true,"href":"https:\/\/www.uv.mx\/prensa\/wp-json\/wp\/v2\/users\/1810"}],"replies":[{"embeddable":true,"href":"https:\/\/www.uv.mx\/prensa\/wp-json\/wp\/v2\/comments?post=12868"}],"version-history":[{"count":0,"href":"https:\/\/www.uv.mx\/prensa\/wp-json\/wp\/v2\/posts\/12868\/revisions"}],"wp:featuredmedia":[{"embeddable":true,"href":"https:\/\/www.uv.mx\/prensa\/wp-json\/wp\/v2\/media\/12874"}],"wp:attachment":[{"href":"https:\/\/www.uv.mx\/prensa\/wp-json\/wp\/v2\/media?parent=12868"}],"wp:term":[{"taxonomy":"category","embeddable":true,"href":"https:\/\/www.uv.mx\/prensa\/wp-json\/wp\/v2\/categories?post=12868"},{"taxonomy":"post_tag","embeddable":true,"href":"https:\/\/www.uv.mx\/prensa\/wp-json\/wp\/v2\/tags?post=12868"}],"curies":[{"name":"wp","href":"https:\/\/api.w.org\/{rel}","templated":true}]}}