{"id":128564,"date":"2023-03-22T15:02:51","date_gmt":"2023-03-22T21:02:51","guid":{"rendered":"https:\/\/www.uv.mx\/prensa\/?p=128564"},"modified":"2023-03-23T12:09:50","modified_gmt":"2023-03-23T18:09:50","slug":"uv-realizo-primera-feria-de-la-salud-en-los-tuxtlas","status":"publish","type":"post","link":"https:\/\/www.uv.mx\/prensa\/general\/uv-realizo-primera-feria-de-la-salud-en-los-tuxtlas\/","title":{"rendered":"UV realiz\u00f3 primera Feria de la Salud en Los Tuxtlas\u00a0"},"content":{"rendered":"<p>&nbsp;<\/p>\n<ul>\n<li data-leveltext=\"\uf0b7\" data-font=\"Symbol\" data-listid=\"1\" data-list-defn-props=\"{&quot;335552541&quot;:1,&quot;335559684&quot;:-2,&quot;335559685&quot;:720,&quot;335559991&quot;:360,&quot;469769226&quot;:&quot;Symbol&quot;,&quot;469769242&quot;:[8226],&quot;469777803&quot;:&quot;left&quot;,&quot;469777804&quot;:&quot;\uf0b7&quot;,&quot;469777815&quot;:&quot;hybridMultilevel&quot;}\" data-aria-posinset=\"1\" data-aria-level=\"1\"><i><span data-contrast=\"auto\">La comunidad universitaria brind\u00f3 servicios de atenci\u00f3n primaria para habitantes de la comunidad Cerro de las Iguanas en San Andr\u00e9s Tuxtla<\/span><\/i><span data-ccp-props=\"{}\">\u00a0<\/span><\/li>\n<li data-leveltext=\"\uf0b7\" data-font=\"Symbol\" data-listid=\"1\" data-list-defn-props=\"{&quot;335552541&quot;:1,&quot;335559684&quot;:-2,&quot;335559685&quot;:720,&quot;335559991&quot;:360,&quot;469769226&quot;:&quot;Symbol&quot;,&quot;469769242&quot;:[8226],&quot;469777803&quot;:&quot;left&quot;,&quot;469777804&quot;:&quot;\uf0b7&quot;,&quot;469777815&quot;:&quot;hybridMultilevel&quot;}\" data-aria-posinset=\"2\" data-aria-level=\"1\"><i><span data-contrast=\"auto\">Participaron estudiantes y acad\u00e9micos de las Facultades del \u00c1rea Acad\u00e9mica de Ciencias de Salud<\/span><\/i><span data-ccp-props=\"{}\">\u00a0<\/span><\/li>\n<\/ul>\n<p><span data-ccp-props=\"{}\">\u00a0<\/span><\/p>\n<div id=\"attachment_128565\" style=\"width: 732px\" class=\"wp-caption aligncenter\"><img aria-describedby=\"caption-attachment-128565\" decoding=\"async\" loading=\"lazy\" class=\"size-full wp-image-128565\" src=\"https:\/\/www.uv.mx\/prensa\/files\/2023\/03\/210323-VERACRUZ-Feria-de-la-Salud-Los-Tuxtlas-1.jpg\" alt=\"\" width=\"722\" height=\"481\" srcset=\"https:\/\/www.uv.mx\/prensa\/files\/2023\/03\/210323-VERACRUZ-Feria-de-la-Salud-Los-Tuxtlas-1.jpg 722w, https:\/\/www.uv.mx\/prensa\/files\/2023\/03\/210323-VERACRUZ-Feria-de-la-Salud-Los-Tuxtlas-1-300x200.jpg 300w\" sizes=\"(max-width: 722px) 100vw, 722px\" \/><p id=\"caption-attachment-128565\" class=\"wp-caption-text\">Juan Xontal, agente municipal, exhort\u00f3 a que se realice una segunda feria para localidades aleda\u00f1as<\/p><\/div>\n<p><span data-ccp-props=\"{}\">\u00a0<\/span><\/p>\n<p><b><i><span data-contrast=\"auto\">Blanca M. Gonz\u00e1lez Morales<\/span><\/i><\/b><span data-ccp-props=\"{}\">\u00a0<\/span><\/p>\n<p><b><i><span data-contrast=\"auto\">Fotos: Aracely Hern\u00e1ndez<\/span><\/i><\/b><span data-ccp-props=\"{}\">\u00a0<\/span><\/p>\n<p><b><i><span data-contrast=\"none\">22\/03\/2023, Boca del R\u00edo, Ver.- <\/span><\/i><\/b><span data-contrast=\"auto\">La <a href=\"https:\/\/www.uv.mx\/\" target=\"_blank\" rel=\"noopener\">Universidad Veracruzana<\/a> (UV), en coordinaci\u00f3n con el municipio de San Andr\u00e9s Tuxtla, llev\u00f3 a cabo la primera Feria de la Salud en la comunidad rural Cerro de las Iguanas, que convoc\u00f3 la participaci\u00f3n de m\u00e1s de 100 estudiantes y 25 acad\u00e9micos de las Facultades de Enfermer\u00eda, Medicina, Odontolog\u00eda, Nutrici\u00f3n, Educaci\u00f3n F\u00edsica y Psicolog\u00eda.<\/span><span data-ccp-props=\"{}\">\u00a0<\/span><\/p>\n<p><span data-contrast=\"auto\">En este marco, la comunidad universitaria atendi\u00f3 a cerca de 250 personas en los diferentes m\u00f3dulos de atenci\u00f3n primaria en salud.<\/span><span data-ccp-props=\"{}\">\u00a0<\/span><\/p>\n<p><span data-contrast=\"none\">Durante la feria los universitarios ofrecieron atenci\u00f3n primaria en salud, asesor\u00eda nutricional, orientaci\u00f3n psicol\u00f3gica, revisi\u00f3n dental, pruebas de aptitud f\u00edsica, ajustes quiropr\u00e1cticos, actividades de prevenci\u00f3n y detecci\u00f3n de c\u00e1ncer de mama y un taller de reanimaci\u00f3n cardiopulmonar, entre otros servicios.<\/span><span data-ccp-props=\"{&quot;134233117&quot;:false,&quot;134233118&quot;:false,&quot;335559731&quot;:708,&quot;335559738&quot;:0,&quot;335559739&quot;:0}\">\u00a0<\/span><\/p>\n<p>&nbsp;<\/p>\n<div id=\"attachment_128566\" style=\"width: 732px\" class=\"wp-caption aligncenter\"><img aria-describedby=\"caption-attachment-128566\" decoding=\"async\" loading=\"lazy\" class=\"size-full wp-image-128566\" src=\"https:\/\/www.uv.mx\/prensa\/files\/2023\/03\/210323-VERACRUZ-Feria-de-la-Salud-Los-Tuxtlas-2.jpg\" alt=\"\" width=\"722\" height=\"481\" srcset=\"https:\/\/www.uv.mx\/prensa\/files\/2023\/03\/210323-VERACRUZ-Feria-de-la-Salud-Los-Tuxtlas-2.jpg 722w, https:\/\/www.uv.mx\/prensa\/files\/2023\/03\/210323-VERACRUZ-Feria-de-la-Salud-Los-Tuxtlas-2-300x200.jpg 300w\" sizes=\"(max-width: 722px) 100vw, 722px\" \/><p id=\"caption-attachment-128566\" class=\"wp-caption-text\">Doris Fiscal destac\u00f3 la calidad de los servicios y la atenci\u00f3n brindada por el estudiantado<\/p><\/div>\n<p>&nbsp;<\/p>\n<p><span data-contrast=\"none\">Doris Fiscal, habitante del Cerro de las Iguanas, se\u00f1al\u00f3 que la atenci\u00f3n de las y los universitarios fue muy profesional y de calidad: \u201cNunca imaginamos que vinieran tantos estudiantes, la atenci\u00f3n fue muy profesional\u201d.<\/span><span data-ccp-props=\"{&quot;134233117&quot;:false,&quot;134233118&quot;:false,&quot;335559731&quot;:708,&quot;335559738&quot;:0,&quot;335559739&quot;:0}\">\u00a0<\/span><\/p>\n<p><span data-contrast=\"none\">Dijo que uno de los m\u00f3dulos que visit\u00f3 fue el de atenci\u00f3n pedi\u00e1trica.<\/span><span data-ccp-props=\"{&quot;335559731&quot;:708}\">\u00a0<\/span><\/p>\n<p><span data-contrast=\"none\">Juan Xontal, agente municipal, manifest\u00f3 que nunca la comunidad hab\u00eda tenido un evento como \u00e9ste, por lo que asegur\u00f3 que tendr\u00eda un gran impacto en la salud de los habitantes. Asimismo, invit\u00f3 a la UV a realizar nuevamente la Feria de la Salud, a fin de que otras comunidades aleda\u00f1as participen.<\/span><span data-ccp-props=\"{&quot;134233117&quot;:false,&quot;134233118&quot;:false,&quot;335559731&quot;:708,&quot;335559738&quot;:0,&quot;335559739&quot;:0}\">\u00a0<\/span><\/p>\n<p>&nbsp;<\/p>\n<div id=\"attachment_128567\" style=\"width: 732px\" class=\"wp-caption aligncenter\"><img aria-describedby=\"caption-attachment-128567\" decoding=\"async\" loading=\"lazy\" class=\"size-full wp-image-128567\" src=\"https:\/\/www.uv.mx\/prensa\/files\/2023\/03\/210323-VERACRUZ-Feria-de-la-Salud-Los-Tuxtlas-3.jpg\" alt=\"\" width=\"722\" height=\"481\" srcset=\"https:\/\/www.uv.mx\/prensa\/files\/2023\/03\/210323-VERACRUZ-Feria-de-la-Salud-Los-Tuxtlas-3.jpg 722w, https:\/\/www.uv.mx\/prensa\/files\/2023\/03\/210323-VERACRUZ-Feria-de-la-Salud-Los-Tuxtlas-3-300x200.jpg 300w\" sizes=\"(max-width: 722px) 100vw, 722px\" \/><p id=\"caption-attachment-128567\" class=\"wp-caption-text\">Ana Mar\u00eda Castellanos, directora de la Escuela Primaria \u201cIgnacio Allende\u201d, agradeci\u00f3 a los universitarios el desarrollo de la Feria de la Salud<\/p><\/div>\n<p>&nbsp;<\/p>\n<p><span data-contrast=\"none\">Ana Mar\u00eda Castellanos, directora de la Escuela Primaria \u201cIgnacio Allende\u201d, mencion\u00f3 que la feria fue de gran beneficio para los habitantes de la zona que no cuentan con acceso a los servicios b\u00e1sicos de salud, \u201cadem\u00e1s fomenta el valor de autocuidado, que es el primer paso para el bienestar de la poblaci\u00f3n. Mi total agradecimiento a la Universidad Veracruzana\u201d.<\/span><span data-ccp-props=\"{&quot;134233117&quot;:false,&quot;134233118&quot;:false,&quot;335559731&quot;:708,&quot;335559738&quot;:0,&quot;335559739&quot;:0}\">\u00a0<\/span><\/p>\n<p><span data-contrast=\"none\">Ella visit\u00f3 los m\u00f3dulos de atenci\u00f3n quiropr\u00e1ctica y particip\u00f3 en el taller de detecci\u00f3n oportuna de c\u00e1ncer de mama.<\/span><span data-ccp-props=\"{&quot;134233117&quot;:false,&quot;134233118&quot;:false,&quot;335559731&quot;:708,&quot;335559738&quot;:0,&quot;335559739&quot;:0}\">\u00a0<\/span><\/p>\n<p><span data-contrast=\"auto\">Durante la visita, el vicerrector Rub\u00e9n Edel Navarro dijo que la promoci\u00f3n de la salud es una vertiente del Macroproyecto Multidisciplinar para el Desarrollo Social y Comunitario que se impulsa desde la regi\u00f3n de Veracruz y r<\/span><span data-contrast=\"none\">econoci\u00f3, a<\/span><span data-contrast=\"auto\">dem\u00e1s,<\/span><span data-contrast=\"none\"> el compromiso de las facultades involucradas.<\/span><span data-ccp-props=\"{&quot;335559731&quot;:708}\">\u00a0<\/span><\/p>\n<p><span data-contrast=\"auto\">\u201cUno de los objetivos es implementar actividades con un enfoque multidisciplinario que promueva la salud \u2013en una primera instancia\u2013 y favorezca la calidad de vida en la poblaci\u00f3n atendida\u201d, afirm\u00f3.<\/span><span data-ccp-props=\"{&quot;335559731&quot;:708}\">\u00a0<\/span><\/p>\n<p><span data-ccp-props=\"{&quot;134233117&quot;:false,&quot;134233118&quot;:false,&quot;335559731&quot;:708,&quot;335559738&quot;:0,&quot;335559739&quot;:0}\">\u00a0<\/span><\/p>\n<div id=\"attachment_128568\" style=\"width: 732px\" class=\"wp-caption aligncenter\"><img aria-describedby=\"caption-attachment-128568\" decoding=\"async\" loading=\"lazy\" class=\"size-full wp-image-128568\" src=\"https:\/\/www.uv.mx\/prensa\/files\/2023\/03\/210323-VERACRUZ-Feria-de-la-Salud-Los-Tuxtlas-4-1.jpg\" alt=\"\" width=\"722\" height=\"481\" srcset=\"https:\/\/www.uv.mx\/prensa\/files\/2023\/03\/210323-VERACRUZ-Feria-de-la-Salud-Los-Tuxtlas-4-1.jpg 722w, https:\/\/www.uv.mx\/prensa\/files\/2023\/03\/210323-VERACRUZ-Feria-de-la-Salud-Los-Tuxtlas-4-1-300x200.jpg 300w\" sizes=\"(max-width: 722px) 100vw, 722px\" \/><p id=\"caption-attachment-128568\" class=\"wp-caption-text\">Los universitarios realizaron m\u00e1s de 700 servicios, entre ellos: asesor\u00eda nutricional, atenci\u00f3n m\u00e9dica primaria y atenci\u00f3n pedi\u00e1trica<span style=\"font-size: 16px\">\u00a0<\/span><\/p><\/div>\n","protected":false},"excerpt":{"rendered":"<p>La comunidad universitaria ofreci\u00f3 m\u00e1s de 700 servicios para cerca de 250 personas del Cerro de las Iguanas, comunidad del municipio de San Andr\u00e9s Tuxtla\u00a0<\/p>\n","protected":false},"author":1869,"featured_media":128571,"comment_status":"closed","ping_status":"closed","sticky":false,"template":"","format":"standard","meta":[],"categories":[47,1,32,55],"tags":[10748,10747,114,7653,620,621,619,622,9953],"_links":{"self":[{"href":"https:\/\/www.uv.mx\/prensa\/wp-json\/wp\/v2\/posts\/128564"}],"collection":[{"href":"https:\/\/www.uv.mx\/prensa\/wp-json\/wp\/v2\/posts"}],"about":[{"href":"https:\/\/www.uv.mx\/prensa\/wp-json\/wp\/v2\/types\/post"}],"author":[{"embeddable":true,"href":"https:\/\/www.uv.mx\/prensa\/wp-json\/wp\/v2\/users\/1869"}],"replies":[{"embeddable":true,"href":"https:\/\/www.uv.mx\/prensa\/wp-json\/wp\/v2\/comments?post=128564"}],"version-history":[{"count":1,"href":"https:\/\/www.uv.mx\/prensa\/wp-json\/wp\/v2\/posts\/128564\/revisions"}],"predecessor-version":[{"id":128596,"href":"https:\/\/www.uv.mx\/prensa\/wp-json\/wp\/v2\/posts\/128564\/revisions\/128596"}],"wp:featuredmedia":[{"embeddable":true,"href":"https:\/\/www.uv.mx\/prensa\/wp-json\/wp\/v2\/media\/128571"}],"wp:attachment":[{"href":"https:\/\/www.uv.mx\/prensa\/wp-json\/wp\/v2\/media?parent=128564"}],"wp:term":[{"taxonomy":"category","embeddable":true,"href":"https:\/\/www.uv.mx\/prensa\/wp-json\/wp\/v2\/categories?post=128564"},{"taxonomy":"post_tag","embeddable":true,"href":"https:\/\/www.uv.mx\/prensa\/wp-json\/wp\/v2\/tags?post=128564"}],"curies":[{"name":"wp","href":"https:\/\/api.w.org\/{rel}","templated":true}]}}