{"id":128490,"date":"2023-03-17T18:16:35","date_gmt":"2023-03-18T00:16:35","guid":{"rendered":"https:\/\/www.uv.mx\/prensa\/?p=128490"},"modified":"2023-03-23T12:58:21","modified_gmt":"2023-03-23T18:58:21","slug":"facultad-de-ingenieria-realiza-divulgacion-de-la-ciencia-en-escuelas","status":"publish","type":"post","link":"https:\/\/www.uv.mx\/prensa\/regiones\/facultad-de-ingenieria-realiza-divulgacion-de-la-ciencia-en-escuelas\/","title":{"rendered":"Facultad de Ingenier\u00eda realiza divulgaci\u00f3n de la ciencia en escuelas\u00a0"},"content":{"rendered":"<ul>\n<li data-leveltext=\"\uf0b7\" data-font=\"Symbol\" data-listid=\"4\" data-list-defn-props=\"{&quot;335552541&quot;:1,&quot;335559684&quot;:-2,&quot;335559685&quot;:720,&quot;335559991&quot;:360,&quot;469769226&quot;:&quot;Symbol&quot;,&quot;469769242&quot;:[8226],&quot;469777803&quot;:&quot;left&quot;,&quot;469777804&quot;:&quot;\uf0b7&quot;,&quot;469777815&quot;:&quot;hybridMultilevel&quot;}\" data-aria-posinset=\"1\" data-aria-level=\"1\"><i><span data-contrast=\"auto\">Inici\u00f3 programa dirigido a estudiantes de educaci\u00f3n b\u00e1sica y media<\/span><\/i><span data-ccp-props=\"{&quot;201341983&quot;:0,&quot;335559739&quot;:0,&quot;335559740&quot;:240}\">\u00a0<\/span><\/li>\n<li data-leveltext=\"\uf0b7\" data-font=\"Symbol\" data-listid=\"4\" data-list-defn-props=\"{&quot;335552541&quot;:1,&quot;335559684&quot;:-2,&quot;335559685&quot;:720,&quot;335559991&quot;:360,&quot;469769226&quot;:&quot;Symbol&quot;,&quot;469769242&quot;:[8226],&quot;469777803&quot;:&quot;left&quot;,&quot;469777804&quot;:&quot;\uf0b7&quot;,&quot;469777815&quot;:&quot;hybridMultilevel&quot;}\" data-aria-posinset=\"2\" data-aria-level=\"1\"><i><span data-contrast=\"auto\">Las actividades est\u00e1n a cargo de un equipo de docentes de la entidad<\/span><\/i><span data-ccp-props=\"{&quot;201341983&quot;:0,&quot;335559739&quot;:0,&quot;335559740&quot;:240}\">\u00a0<\/span><\/li>\n<\/ul>\n<p><span data-ccp-props=\"{&quot;134233279&quot;:true,&quot;201341983&quot;:0,&quot;335559739&quot;:0,&quot;335559740&quot;:240}\">\u00a0<\/span><\/p>\n<div id=\"attachment_128491\" style=\"width: 732px\" class=\"wp-caption aligncenter\"><img loading=\"lazy\" decoding=\"async\" aria-describedby=\"caption-attachment-128491\" class=\"size-full wp-image-128491\" src=\"https:\/\/www.uv.mx\/prensa\/files\/2023\/03\/170323-IRIS-FI-promueve-CIENCIA1.jpg\" alt=\"\" width=\"722\" height=\"433\" srcset=\"https:\/\/www.uv.mx\/prensa\/files\/2023\/03\/170323-IRIS-FI-promueve-CIENCIA1.jpg 722w, https:\/\/www.uv.mx\/prensa\/files\/2023\/03\/170323-IRIS-FI-promueve-CIENCIA1-300x180.jpg 300w\" sizes=\"auto, (max-width: 722px) 100vw, 722px\" \/><p id=\"caption-attachment-128491\" class=\"wp-caption-text\">Acad\u00e9micos de Facultad de Ingenier\u00eda integrantes del programa \u201cDivulgaci\u00f3n de ciencia, ingenier\u00eda y tecnolog\u00eda\u201d<\/p><\/div>\n<p><span data-ccp-props=\"{&quot;134233279&quot;:true,&quot;201341983&quot;:0,&quot;335559739&quot;:0,&quot;335559740&quot;:240}\">\u00a0<\/span><\/p>\n<p><b><i><span data-contrast=\"auto\">Iris Guerrero<\/span><\/i><\/b><span data-ccp-props=\"{&quot;134233279&quot;:true,&quot;201341983&quot;:0,&quot;335559739&quot;:0,&quot;335559740&quot;:240}\">\u00a0<\/span><\/p>\n<p><b><i><span data-contrast=\"auto\">20\/03\/2023, Coatzacoalcos Ver.- <\/span><\/i><\/b><span data-contrast=\"auto\">La <a href=\"https:\/\/www.uv.mx\/coatza\/ingenieria\/\" target=\"_blank\" rel=\"noopener\">Facultad de Ingenier\u00eda<\/a> de la Universidad Veracruzana (UV), en el <\/span><i><span data-contrast=\"auto\">campus<\/span><\/i><span data-contrast=\"auto\"> Coatzacoalcos, inici\u00f3 el programa \u201cDivulgaci\u00f3n de ciencia, ingenier\u00eda y tecnolog\u00eda\u201d, dirigido a alumnos de escuelas de educaci\u00f3n b\u00e1sica y media.<\/span><span data-ccp-props=\"{&quot;134233279&quot;:true,&quot;201341983&quot;:0,&quot;335559739&quot;:0,&quot;335559740&quot;:240}\">\u00a0<\/span><\/p>\n<p><span data-contrast=\"auto\">Yanet Antonio Z\u00e1rate, directora de la Facultad de Ingenier\u00eda, indic\u00f3 que las actividades ser\u00e1n impartidas por un equipo de profesores de la entidad, acercando temas de ciencia b\u00e1sica, ingenier\u00eda y tecnolog\u00eda a edades tempranas, con el fin de despertar su inter\u00e9s.<\/span><span data-ccp-props=\"{&quot;134233279&quot;:true,&quot;201341983&quot;:0,&quot;335559731&quot;:709,&quot;335559739&quot;:0,&quot;335559740&quot;:240}\">\u00a0<\/span><\/p>\n<p><span data-contrast=\"auto\">\u201cEstamos convencidos de que el papel de la Universidad debe traspasar las fronteras de los <\/span><i><span data-contrast=\"auto\">campus<\/span><\/i><span data-contrast=\"auto\"> y de que con educaci\u00f3n cient\u00edfica es posible impactar de manera positiva no s\u00f3lo en nuestros estudiantes, sino tambi\u00e9n a otros sectores de la sociedad\u201d, enfatiz\u00f3.<\/span><span data-ccp-props=\"{&quot;134233279&quot;:true,&quot;201341983&quot;:0,&quot;335559731&quot;:709,&quot;335559739&quot;:0,&quot;335559740&quot;:240}\">\u00a0<\/span><\/p>\n<p><span data-contrast=\"auto\">Las jornadas iniciaron en la Escuela Primaria \u201cAmado Nervo\u201d de la Colonia Las Gaviotas, y durante su desarrollo se observ\u00f3 el inter\u00e9s y emoci\u00f3n de ni\u00f1as y ni\u00f1os por conocer la ciencia en sus diversas facetas.<\/span><\/p>\n<p>&nbsp;<\/p>\n<div id=\"attachment_128492\" style=\"width: 732px\" class=\"wp-caption aligncenter\"><img loading=\"lazy\" decoding=\"async\" aria-describedby=\"caption-attachment-128492\" class=\"size-full wp-image-128492\" src=\"https:\/\/www.uv.mx\/prensa\/files\/2023\/03\/170323-IRIS-FI-promueve-CIENCIA-2.jpg\" alt=\"\" width=\"722\" height=\"542\" srcset=\"https:\/\/www.uv.mx\/prensa\/files\/2023\/03\/170323-IRIS-FI-promueve-CIENCIA-2.jpg 722w, https:\/\/www.uv.mx\/prensa\/files\/2023\/03\/170323-IRIS-FI-promueve-CIENCIA-2-300x225.jpg 300w\" sizes=\"auto, (max-width: 722px) 100vw, 722px\" \/><p id=\"caption-attachment-128492\" class=\"wp-caption-text\">Acad\u00e9micos de Facultad de Ingenier\u00eda integrantes del programa \u201cDivulgaci\u00f3n de ciencia, ingenier\u00eda y tecnolog\u00eda\u201d<\/p><\/div>\n<p>&nbsp;<\/p>\n<p><span data-contrast=\"auto\">Los acad\u00e9micos de la Facultad de Ingenier\u00eda que participan son: Cristian G\u00f3mez Rodr\u00edguez, Jos\u00e9 Vidal Herrera Romero, Beatriz Adriana Escobedo Trujillo, Javier Garrido Mel\u00e9ndez, Josept David Revuelta Acosta y Lizbeth Morales Salas.<\/span><span data-ccp-props=\"{&quot;134233279&quot;:true,&quot;201341983&quot;:0,&quot;335559731&quot;:709,&quot;335559739&quot;:0,&quot;335559740&quot;:240}\">\u00a0<\/span><\/p>\n<p><span data-contrast=\"auto\">Igualmente, Gerardo Alcal\u00e1 Perea, Dar\u00edo Colorado Garrido, Francisco Alejandro Alaffita Hern\u00e1ndez y Linda Viviana Garc\u00eda Qui\u00f1ones, docentes adscritos al Centro de Investigaci\u00f3n en Recursos Energ\u00e9ticos y Sustentables.<\/span><span data-ccp-props=\"{&quot;134233279&quot;:true,&quot;201341983&quot;:0,&quot;335559731&quot;:709,&quot;335559739&quot;:0,&quot;335559740&quot;:240}\">\u00a0<\/span><\/p>\n<p><span data-contrast=\"auto\">Esta actividad se llevar\u00e1 a cabo peri\u00f3dicamente a trav\u00e9s de juegos did\u00e1cticos en donde a cada infante se le proporcionar\u00e1 material para participar, aprender y divertirse.<\/span><span data-ccp-props=\"{&quot;134233279&quot;:true,&quot;201341983&quot;:0,&quot;335559731&quot;:709,&quot;335559739&quot;:0,&quot;335559740&quot;:240}\">\u00a0<\/span><\/p>\n<p><span data-contrast=\"auto\">Cabe mencionar que estas acciones se realizaron en coordinaci\u00f3n con la Direcci\u00f3n de Educaci\u00f3n y el Sistema para el Desarrollo Integral de la Familia de Coatzacoalcos.<\/span><\/p>\n","protected":false},"excerpt":{"rendered":"<p>A trav\u00e9s de juegos did\u00e1cticos se pretende despertar el inter\u00e9s en temas de ciencia b\u00e1sica, ingenier\u00eda y tecnolog\u00eda en edades tempranas\u00a0<\/p>\n","protected":false},"author":1869,"featured_media":128499,"comment_status":"closed","ping_status":"closed","sticky":false,"template":"","format":"standard","meta":{"footnotes":""},"categories":[45,52,47,61,32,51],"tags":[3440,10729,5775,10728,2149,125,8936],"class_list":["post-128490","post","type-post","status-publish","format-standard","has-post-thumbnail","hentry","category-ciencia","category-coatzacoalcos","category-eventos","category-banner","category-regiones","category-tecnologia","tag-centro-de-investigacion-en-recursos-energeticos-y-sustentables","tag-ciencia-basica","tag-divulgacion-de-la-ciencia","tag-escuelas-primarias","tag-facultad-de-ingenieria","tag-ingenieria","tag-iris-guerrero"],"_links":{"self":[{"href":"https:\/\/www.uv.mx\/prensa\/wp-json\/wp\/v2\/posts\/128490","targetHints":{"allow":["GET"]}}],"collection":[{"href":"https:\/\/www.uv.mx\/prensa\/wp-json\/wp\/v2\/posts"}],"about":[{"href":"https:\/\/www.uv.mx\/prensa\/wp-json\/wp\/v2\/types\/post"}],"author":[{"embeddable":true,"href":"https:\/\/www.uv.mx\/prensa\/wp-json\/wp\/v2\/users\/1869"}],"replies":[{"embeddable":true,"href":"https:\/\/www.uv.mx\/prensa\/wp-json\/wp\/v2\/comments?post=128490"}],"version-history":[{"count":1,"href":"https:\/\/www.uv.mx\/prensa\/wp-json\/wp\/v2\/posts\/128490\/revisions"}],"predecessor-version":[{"id":128618,"href":"https:\/\/www.uv.mx\/prensa\/wp-json\/wp\/v2\/posts\/128490\/revisions\/128618"}],"wp:featuredmedia":[{"embeddable":true,"href":"https:\/\/www.uv.mx\/prensa\/wp-json\/wp\/v2\/media\/128499"}],"wp:attachment":[{"href":"https:\/\/www.uv.mx\/prensa\/wp-json\/wp\/v2\/media?parent=128490"}],"wp:term":[{"taxonomy":"category","embeddable":true,"href":"https:\/\/www.uv.mx\/prensa\/wp-json\/wp\/v2\/categories?post=128490"},{"taxonomy":"post_tag","embeddable":true,"href":"https:\/\/www.uv.mx\/prensa\/wp-json\/wp\/v2\/tags?post=128490"}],"curies":[{"name":"wp","href":"https:\/\/api.w.org\/{rel}","templated":true}]}}