{"id":128484,"date":"2023-03-17T18:14:26","date_gmt":"2023-03-18T00:14:26","guid":{"rendered":"https:\/\/www.uv.mx\/prensa\/?p=128484"},"modified":"2023-03-23T13:37:25","modified_gmt":"2023-03-23T19:37:25","slug":"facultad-de-bioanalisis-reinauguro-la-usasb","status":"publish","type":"post","link":"https:\/\/www.uv.mx\/prensa\/general\/facultad-de-bioanalisis-reinauguro-la-usasb\/","title":{"rendered":"Facultad de Bioan\u00e1lisis reinaugur\u00f3 la USASB\u00a0"},"content":{"rendered":"<ul>\n<li data-leveltext=\"\uf0b7\" data-font=\"Symbol\" data-listid=\"6\" data-list-defn-props=\"{&quot;335552541&quot;:1,&quot;335559684&quot;:-2,&quot;335559685&quot;:720,&quot;335559991&quot;:360,&quot;469769226&quot;:&quot;Symbol&quot;,&quot;469769242&quot;:[8226],&quot;469777803&quot;:&quot;left&quot;,&quot;469777804&quot;:&quot;\uf0b7&quot;,&quot;469777815&quot;:&quot;hybridMultilevel&quot;}\" data-aria-posinset=\"1\" data-aria-level=\"1\"><i><span data-contrast=\"auto\">La Unidad de Servicios Anal\u00edticos en Salud Bioan\u00e1lisis ofrece pruebas hematol\u00f3gicas, bioqu\u00edmicas, urol\u00f3gicas, inmunol\u00f3gicas, parasitol\u00f3gicas y microbiol\u00f3gicas<\/span><\/i><span data-ccp-props=\"{}\">\u00a0<\/span><\/li>\n<li data-leveltext=\"\uf0b7\" data-font=\"Symbol\" data-listid=\"6\" data-list-defn-props=\"{&quot;335552541&quot;:1,&quot;335559684&quot;:-2,&quot;335559685&quot;:720,&quot;335559991&quot;:360,&quot;469769226&quot;:&quot;Symbol&quot;,&quot;469769242&quot;:[8226],&quot;469777803&quot;:&quot;left&quot;,&quot;469777804&quot;:&quot;\uf0b7&quot;,&quot;469777815&quot;:&quot;hybridMultilevel&quot;}\" data-aria-posinset=\"2\" data-aria-level=\"1\"><i><span data-contrast=\"auto\">Los costos, descuentos disponibles y horarios de atenci\u00f3n se pueden consultar en el enlace <\/span><\/i><a href=\"https:\/\/bit.ly\/3JLdLjh\"><i><span data-contrast=\"none\">https:\/\/bit.ly\/3JLdLjh<\/span><\/i><\/a><span data-ccp-props=\"{}\">\u00a0<\/span><\/li>\n<\/ul>\n<p><span data-ccp-props=\"{}\">\u00a0<\/span><\/p>\n<div id=\"attachment_128485\" style=\"width: 732px\" class=\"wp-caption aligncenter\"><img loading=\"lazy\" decoding=\"async\" aria-describedby=\"caption-attachment-128485\" class=\"size-full wp-image-128485\" src=\"https:\/\/www.uv.mx\/prensa\/files\/2023\/03\/170323-CARLOS-Laboratorio-1.jpg\" alt=\"\" width=\"722\" height=\"482\" srcset=\"https:\/\/www.uv.mx\/prensa\/files\/2023\/03\/170323-CARLOS-Laboratorio-1.jpg 722w, https:\/\/www.uv.mx\/prensa\/files\/2023\/03\/170323-CARLOS-Laboratorio-1-300x200.jpg 300w\" sizes=\"auto, (max-width: 722px) 100vw, 722px\" \/><p id=\"caption-attachment-128485\" class=\"wp-caption-text\">En el corte del list\u00f3n estuvieron presentes directivos de la Unidad de Ciencias de la Salud<\/p><\/div>\n<p><span data-ccp-props=\"{}\">\u00a0<\/span><\/p>\n<p><b><i><span data-contrast=\"auto\">Carlos Hugo Hermida Rosales<\/span><\/i><\/b><span data-ccp-props=\"{}\">\u00a0<\/span><\/p>\n<p><b><i><span data-contrast=\"auto\">Fotos: C\u00e9sar Pisil Ramos<\/span><\/i><\/b><span data-ccp-props=\"{}\">\u00a0<\/span><\/p>\n<p><b><i><span data-contrast=\"auto\">17\/03\/2023, Xalapa, Ver.-<\/span><\/i><\/b><span data-contrast=\"auto\"> La <a href=\"https:\/\/www.uv.mx\/bioanalisis\/\" target=\"_blank\" rel=\"noopener\">Facultad de Bioan\u00e1lisis<\/a> de la Universidad Veracruzana (UV) reinaugur\u00f3 la Unidad de Servicios Anal\u00edticos en Salud Bioan\u00e1lisis (USASB), que hab\u00eda frenado sus actividades debido al confinamiento por la pandemia de la COVID-19.\u00a0<\/span><span data-ccp-props=\"{}\">\u00a0<\/span><\/p>\n<p><span data-contrast=\"auto\">Dicha unidad fue creada en 1982 y ofrece servicios a la comunidad universitaria y p\u00fablico en general de an\u00e1lisis que determinan los principales par\u00e1metros biol\u00f3gicos y bioqu\u00edmicos del cuerpo humano: hematol\u00f3gicos, bioqu\u00edmicos, urol\u00f3gicos, inmunol\u00f3gicos, parasitol\u00f3gicos y microbiol\u00f3gicos.\u00a0<\/span><span data-ccp-props=\"{&quot;335559731&quot;:708}\">\u00a0<\/span><\/p>\n<p><span data-contrast=\"auto\">El corte del list\u00f3n fue realizado por Sandra Luz Gonz\u00e1lez Herrera, directora de la Facultad de Bioan\u00e1lisis, acompa\u00f1ada por Sergio Arturo Gonz\u00e1lez Ortiz, jefe de la USASB, y los titulares de las facultades adscritas a la Unidad de Ciencias de la Salud.<\/span><\/p>\n<p>&nbsp;<\/p>\n<div id=\"attachment_128486\" style=\"width: 732px\" class=\"wp-caption aligncenter\"><img loading=\"lazy\" decoding=\"async\" aria-describedby=\"caption-attachment-128486\" class=\"size-full wp-image-128486\" src=\"https:\/\/www.uv.mx\/prensa\/files\/2023\/03\/170323-CARLOS-Laboratorio-2.jpg\" alt=\"\" width=\"722\" height=\"482\" srcset=\"https:\/\/www.uv.mx\/prensa\/files\/2023\/03\/170323-CARLOS-Laboratorio-2.jpg 722w, https:\/\/www.uv.mx\/prensa\/files\/2023\/03\/170323-CARLOS-Laboratorio-2-300x200.jpg 300w\" sizes=\"auto, (max-width: 722px) 100vw, 722px\" \/><p id=\"caption-attachment-128486\" class=\"wp-caption-text\">Sandra Luz Gonz\u00e1lez Herrera, directora de la Facultad de Bioan\u00e1lisis<\/p><\/div>\n<p>&nbsp;<\/p>\n<p><span data-contrast=\"auto\">Gonz\u00e1lez Herrera afirm\u00f3 que a trav\u00e9s de la USASB, la Facultad de Bioan\u00e1lisis contribuye al fortalecimiento de la funci\u00f3n sustantiva de extensi\u00f3n de los servicios de calidad a los diversos sectores sociales a nivel local y regional.\u00a0<\/span><span data-ccp-props=\"{&quot;335559731&quot;:708}\">\u00a0<\/span><\/p>\n<p><span data-contrast=\"auto\">Adem\u00e1s, constituye un campo cl\u00ednico para que estudiantes que realizan servicio social o pr\u00e1cticas profesionales desarrollen actividades acad\u00e9micas con la aplicaci\u00f3n de tecnolog\u00eda, manual o automatizada, como parte de su formaci\u00f3n integral.\u00a0<\/span><span data-ccp-props=\"{&quot;335559731&quot;:708}\">\u00a0<\/span><\/p>\n<p><span data-contrast=\"auto\">Ello permite la transversalidad de las experiencias educativas de la Licenciatura en Qu\u00edmica Cl\u00ednica, que son parte esencial en la preparaci\u00f3n de los estudiantes, ya que contribuyen al fortalecimiento de sus saberes heur\u00edsticos, te\u00f3ricos y axiol\u00f3gicos.<\/span><\/p>\n<p>&nbsp;<\/p>\n<div id=\"attachment_128487\" style=\"width: 732px\" class=\"wp-caption aligncenter\"><img loading=\"lazy\" decoding=\"async\" aria-describedby=\"caption-attachment-128487\" class=\"size-full wp-image-128487\" src=\"https:\/\/www.uv.mx\/prensa\/files\/2023\/03\/170323-CARLOS-Laboratorio-3.jpg\" alt=\"\" width=\"722\" height=\"482\" srcset=\"https:\/\/www.uv.mx\/prensa\/files\/2023\/03\/170323-CARLOS-Laboratorio-3.jpg 722w, https:\/\/www.uv.mx\/prensa\/files\/2023\/03\/170323-CARLOS-Laboratorio-3-300x200.jpg 300w\" sizes=\"auto, (max-width: 722px) 100vw, 722px\" \/><p id=\"caption-attachment-128487\" class=\"wp-caption-text\">Sergio Arturo Gonz\u00e1lez Ortiz, jefe de la USASB<\/p><\/div>\n<p>&nbsp;<\/p>\n<p><span data-contrast=\"auto\">Sergio Gonz\u00e1lez mencion\u00f3 que los servicios que ofrece la USASB est\u00e1n dirigidos a pacientes que acuden tanto a centros de salud como a cl\u00ednicas de primer nivel, que no tienen los recursos econ\u00f3micos suficientes para pagarlos.\u00a0<\/span><span data-ccp-props=\"{&quot;335559731&quot;:708}\">\u00a0<\/span><\/p>\n<p><span data-contrast=\"auto\">Ante esto, la Facultad de Bioan\u00e1lisis llev\u00f3 a cabo una comparaci\u00f3n de costos, a fin de asignar un presupuesto que permitiera dar servicios de calidad a precios accesibles.\u00a0<\/span><span data-ccp-props=\"{&quot;335559731&quot;:708}\">\u00a0<\/span><\/p>\n<p><span data-contrast=\"auto\">Comparti\u00f3 que la toma de pruebas y an\u00e1lisis son realizados por personal especializado que cuenta con posgrado, apoyados por estudiantes prestadores de servicio social o que desarrollan pr\u00e1cticas profesionales.<\/span><span data-ccp-props=\"{&quot;335559731&quot;:708}\">\u00a0<\/span><\/p>\n<p><span data-contrast=\"auto\">La informaci\u00f3n sobre las pruebas que se realizan en la USASB, as\u00ed como los costos, descuentos disponibles y horarios de atenci\u00f3n se pueden consultar en el enlace <\/span><a href=\"https:\/\/bit.ly\/3JLdLjh\"><span data-contrast=\"none\">https:\/\/bit.ly\/3JLdLjh<\/span><\/a><\/p>\n","protected":false},"excerpt":{"rendered":"<p>Ofrecer\u00e1 servicios a partir del 20 de marzo, para la comunidad UV y p\u00fablico general, a cargo de personal especializado\u00a0<\/p>\n","protected":false},"author":1869,"featured_media":128488,"comment_status":"closed","ping_status":"closed","sticky":false,"template":"","format":"standard","meta":{"footnotes":""},"categories":[47,1,32],"tags":[4161,6263,354,726,10727,1794,10726],"class_list":["post-128484","post","type-post","status-publish","format-standard","has-post-thumbnail","hentry","category-eventos","category-general","category-regiones","tag-carlos-hugo-hermida-rosales","tag-cesar-pisil-ramos","tag-covid-19","tag-facultad-de-bioanalisis","tag-licenciatura-en-quimica-clinica","tag-unidad-de-ciencias-de-la-salud","tag-unidad-de-servicios-analiticos-en-salud-bioanalisis-usasb"],"_links":{"self":[{"href":"https:\/\/www.uv.mx\/prensa\/wp-json\/wp\/v2\/posts\/128484","targetHints":{"allow":["GET"]}}],"collection":[{"href":"https:\/\/www.uv.mx\/prensa\/wp-json\/wp\/v2\/posts"}],"about":[{"href":"https:\/\/www.uv.mx\/prensa\/wp-json\/wp\/v2\/types\/post"}],"author":[{"embeddable":true,"href":"https:\/\/www.uv.mx\/prensa\/wp-json\/wp\/v2\/users\/1869"}],"replies":[{"embeddable":true,"href":"https:\/\/www.uv.mx\/prensa\/wp-json\/wp\/v2\/comments?post=128484"}],"version-history":[{"count":1,"href":"https:\/\/www.uv.mx\/prensa\/wp-json\/wp\/v2\/posts\/128484\/revisions"}],"predecessor-version":[{"id":128623,"href":"https:\/\/www.uv.mx\/prensa\/wp-json\/wp\/v2\/posts\/128484\/revisions\/128623"}],"wp:featuredmedia":[{"embeddable":true,"href":"https:\/\/www.uv.mx\/prensa\/wp-json\/wp\/v2\/media\/128488"}],"wp:attachment":[{"href":"https:\/\/www.uv.mx\/prensa\/wp-json\/wp\/v2\/media?parent=128484"}],"wp:term":[{"taxonomy":"category","embeddable":true,"href":"https:\/\/www.uv.mx\/prensa\/wp-json\/wp\/v2\/categories?post=128484"},{"taxonomy":"post_tag","embeddable":true,"href":"https:\/\/www.uv.mx\/prensa\/wp-json\/wp\/v2\/tags?post=128484"}],"curies":[{"name":"wp","href":"https:\/\/api.w.org\/{rel}","templated":true}]}}